{"id":8805,"date":"2026-02-24T09:48:58","date_gmt":"2026-02-24T08:48:58","guid":{"rendered":"https:\/\/agora.xtec.cat\/esc-jmaragall-sabadell\/?p=8805"},"modified":"2026-02-24T09:49:37","modified_gmt":"2026-02-24T08:49:37","slug":"ambient-de-ciencia-i-natura","status":"publish","type":"post","link":"https:\/\/agora.xtec.cat\/esc-jmaragall-sabadell\/general\/ambient-de-ciencia-i-natura\/","title":{"rendered":"AMBIENT DE CI\u00c8NCIA I NATURA"},"content":{"rendered":"<p>Els alumnes d&#8217;infantil han comen\u00e7at els ambients i des de l&#8217;ambient de ci\u00e8ncia i naturalesa hem visitat l&#8217;hort aquestes \u00faltimes setmanes. Han observat que plantes hi ha plantades, hem fet foto de com estan ara per a poder veure el seu creixement, tamb\u00e9 han buscat que insectes que hi ha en l&#8217;hort.<\/p>\n<p><a href=\"https:\/\/agora.xtec.cat\/esc-jmaragall-sabadell\/wp-content\/uploads\/usu1082\/2026\/02\/IMG_0614.heic\"><img decoding=\"async\" class=\"alignnone size-full wp-image-8806\" src=\"https:\/\/agora.xtec.cat\/esc-jmaragall-sabadell\/wp-content\/uploads\/usu1082\/2026\/02\/IMG_0614.heic\" alt=\"\" \/><\/a> <a href=\"https:\/\/agora.xtec.cat\/esc-jmaragall-sabadell\/wp-content\/uploads\/usu1082\/2026\/02\/IMG_0338.heic\"><img decoding=\"async\" class=\"alignnone size-full wp-image-8810\" src=\"https:\/\/agora.xtec.cat\/esc-jmaragall-sabadell\/wp-content\/uploads\/usu1082\/2026\/02\/IMG_0338.heic\" alt=\"\" \/><\/a><a href=\"https:\/\/agora.xtec.cat\/esc-jmaragall-sabadell\/wp-content\/uploads\/usu1082\/2026\/02\/Proyecto-cientifico.jpg\"><img loading=\"lazy\" decoding=\"async\" class=\"alignnone size-large wp-image-8811\" src=\"https:\/\/agora.xtec.cat\/esc-jmaragall-sabadell\/wp-content\/uploads\/usu1082\/2026\/02\/Proyecto-cientifico-1024x724.jpg\" alt=\"\" width=\"1024\" height=\"724\" srcset=\"https:\/\/agora.xtec.cat\/esc-jmaragall-sabadell\/wp-content\/uploads\/usu1082\/2026\/02\/Proyecto-cientifico-1024x724.jpg 1024w, https:\/\/agora.xtec.cat\/esc-jmaragall-sabadell\/wp-content\/uploads\/usu1082\/2026\/02\/Proyecto-cientifico-300x212.jpg 300w, https:\/\/agora.xtec.cat\/esc-jmaragall-sabadell\/wp-content\/uploads\/usu1082\/2026\/02\/Proyecto-cientifico-768x543.jpg 768w, https:\/\/agora.xtec.cat\/esc-jmaragall-sabadell\/wp-content\/uploads\/usu1082\/2026\/02\/Proyecto-cientifico-1536x1086.jpg 1536w, https:\/\/agora.xtec.cat\/esc-jmaragall-sabadell\/wp-content\/uploads\/usu1082\/2026\/02\/Proyecto-cientifico.jpg 2000w\" sizes=\"auto, (max-width: 1024px) 100vw, 1024px\" \/><\/a><\/p>\n","protected":false},"excerpt":{"rendered":"<p>Els alumnes d&#8217;infantil han comen\u00e7at els ambients i des de l&#8217;ambient de ci\u00e8ncia i naturalesa hem visitat l&#8217;hort aquestes \u00faltimes setmanes. Han observat que plantes hi ha plantades, hem fet foto de com estan ara per a poder veure el seu creixement, tamb\u00e9 han buscat&hellip;  <a href=\"https:\/\/agora.xtec.cat\/esc-jmaragall-sabadell\/general\/ambient-de-ciencia-i-natura\/\" title=\"Read AMBIENT DE CI\u00c8NCIA I NATURA\">Llegeix m\u00e9s\u00bb<\/a><\/p>\n","protected":false},"author":174,"featured_media":0,"comment_status":"open","ping_status":"open","sticky":false,"template":"","format":"standard","meta":{"_bbp_topic_count":0,"_bbp_reply_count":0,"_bbp_total_topic_count":0,"_bbp_total_reply_count":0,"_bbp_voice_count":0,"_bbp_anonymous_reply_count":0,"_bbp_topic_count_hidden":0,"_bbp_reply_count_hidden":0,"_bbp_forum_subforum_count":0,"footnotes":""},"categories":[1,2,4],"tags":[],"class_list":["post-8805","post","type-post","status-publish","format-standard","hentry","category-general","category-infantil","category-portada"],"post_mailing_queue_ids":[],"_links":{"self":[{"href":"https:\/\/agora.xtec.cat\/esc-jmaragall-sabadell\/wp-json\/wp\/v2\/posts\/8805","targetHints":{"allow":["GET"]}}],"collection":[{"href":"https:\/\/agora.xtec.cat\/esc-jmaragall-sabadell\/wp-json\/wp\/v2\/posts"}],"about":[{"href":"https:\/\/agora.xtec.cat\/esc-jmaragall-sabadell\/wp-json\/wp\/v2\/types\/post"}],"author":[{"embeddable":true,"href":"https:\/\/agora.xtec.cat\/esc-jmaragall-sabadell\/wp-json\/wp\/v2\/users\/174"}],"replies":[{"embeddable":true,"href":"https:\/\/agora.xtec.cat\/esc-jmaragall-sabadell\/wp-json\/wp\/v2\/comments?post=8805"}],"version-history":[{"count":2,"href":"https:\/\/agora.xtec.cat\/esc-jmaragall-sabadell\/wp-json\/wp\/v2\/posts\/8805\/revisions"}],"predecessor-version":[{"id":8813,"href":"https:\/\/agora.xtec.cat\/esc-jmaragall-sabadell\/wp-json\/wp\/v2\/posts\/8805\/revisions\/8813"}],"wp:attachment":[{"href":"https:\/\/agora.xtec.cat\/esc-jmaragall-sabadell\/wp-json\/wp\/v2\/media?parent=8805"}],"wp:term":[{"taxonomy":"category","embeddable":true,"href":"https:\/\/agora.xtec.cat\/esc-jmaragall-sabadell\/wp-json\/wp\/v2\/categories?post=8805"},{"taxonomy":"post_tag","embeddable":true,"href":"https:\/\/agora.xtec.cat\/esc-jmaragall-sabadell\/wp-json\/wp\/v2\/tags?post=8805"}],"curies":[{"name":"wp","href":"https:\/\/api.w.org\/{rel}","templated":true}]}}