{"id":8767,"date":"2025-12-22T11:45:40","date_gmt":"2025-12-22T10:45:40","guid":{"rendered":"https:\/\/agora.xtec.cat\/esc-jmaragall-sabadell\/?p=8767"},"modified":"2025-12-22T11:49:33","modified_gmt":"2025-12-22T10:49:33","slug":"concert-de-nadal-2025","status":"publish","type":"post","link":"https:\/\/agora.xtec.cat\/esc-jmaragall-sabadell\/general\/concert-de-nadal-2025\/","title":{"rendered":"CONCERT DE NADAL 2025"},"content":{"rendered":"<p>Ens fa molta il\u00b7lusi\u00f3 compartir amb vosaltres el recull de v\u00eddeos del Concert de Nadal 2025. Un mat\u00ed ple de m\u00fasica, emoci\u00f3 i la m\u00e0gia pr\u00f2pia d\u2019aquestes dates tan especials.<\/p>\n<p>Feu clic al seg\u00fcent enlla\u00e7 per veure els v\u00eddeos: <a href=\"https:\/\/www.youtube.com\/playlist?list=PLY11DmsFX62FLa6GCn7AADpaaeGFqLLES\">Concert de Nadal 2025\u00a0<\/a><\/p>\n<p>&nbsp;<\/p>\n<p><iframe loading=\"lazy\" title=\"NADAL 2025\" width=\"500\" height=\"281\" src=\"https:\/\/www.youtube.com\/embed\/videoseries?list=PLY11DmsFX62FLa6GCn7AADpaaeGFqLLES\" frameborder=\"0\" allow=\"accelerometer; autoplay; clipboard-write; encrypted-media; gyroscope; picture-in-picture; web-share\" referrerpolicy=\"strict-origin-when-cross-origin\" allowfullscreen><\/iframe><\/p>\n","protected":false},"excerpt":{"rendered":"<p>Ens fa molta il\u00b7lusi\u00f3 compartir amb vosaltres el recull de v\u00eddeos del Concert de Nadal 2025. Un mat\u00ed ple de m\u00fasica, emoci\u00f3 i la m\u00e0gia pr\u00f2pia d\u2019aquestes dates tan especials.<br \/>\nFeu clic al seg\u00fcent enlla\u00e7 per veure els v\u00eddeos: <a href=\"https:\/\/www.youtube.com\/playlist?list=PLY11DmsFX62FLa6GCn7AADpaaeGFqLLES\">Concert de Nadal 2025\u00a0<\/a><br \/>\n&nbsp;<\/p>\n","protected":false},"author":151,"featured_media":8788,"comment_status":"open","ping_status":"open","sticky":false,"template":"","format":"standard","meta":{"_bbp_topic_count":0,"_bbp_reply_count":0,"_bbp_total_topic_count":0,"_bbp_total_reply_count":0,"_bbp_voice_count":0,"_bbp_anonymous_reply_count":0,"_bbp_topic_count_hidden":0,"_bbp_reply_count_hidden":0,"_bbp_forum_subforum_count":0,"footnotes":""},"categories":[1,2,61,4,5],"tags":[],"class_list":["post-8767","post","type-post","status-publish","format-standard","has-post-thumbnail","hentry","category-general","category-infantil","category-musica","category-portada","category-primaria"],"post_mailing_queue_ids":[],"_links":{"self":[{"href":"https:\/\/agora.xtec.cat\/esc-jmaragall-sabadell\/wp-json\/wp\/v2\/posts\/8767","targetHints":{"allow":["GET"]}}],"collection":[{"href":"https:\/\/agora.xtec.cat\/esc-jmaragall-sabadell\/wp-json\/wp\/v2\/posts"}],"about":[{"href":"https:\/\/agora.xtec.cat\/esc-jmaragall-sabadell\/wp-json\/wp\/v2\/types\/post"}],"author":[{"embeddable":true,"href":"https:\/\/agora.xtec.cat\/esc-jmaragall-sabadell\/wp-json\/wp\/v2\/users\/151"}],"replies":[{"embeddable":true,"href":"https:\/\/agora.xtec.cat\/esc-jmaragall-sabadell\/wp-json\/wp\/v2\/comments?post=8767"}],"version-history":[{"count":4,"href":"https:\/\/agora.xtec.cat\/esc-jmaragall-sabadell\/wp-json\/wp\/v2\/posts\/8767\/revisions"}],"predecessor-version":[{"id":8787,"href":"https:\/\/agora.xtec.cat\/esc-jmaragall-sabadell\/wp-json\/wp\/v2\/posts\/8767\/revisions\/8787"}],"wp:featuredmedia":[{"embeddable":true,"href":"https:\/\/agora.xtec.cat\/esc-jmaragall-sabadell\/wp-json\/wp\/v2\/media\/8788"}],"wp:attachment":[{"href":"https:\/\/agora.xtec.cat\/esc-jmaragall-sabadell\/wp-json\/wp\/v2\/media?parent=8767"}],"wp:term":[{"taxonomy":"category","embeddable":true,"href":"https:\/\/agora.xtec.cat\/esc-jmaragall-sabadell\/wp-json\/wp\/v2\/categories?post=8767"},{"taxonomy":"post_tag","embeddable":true,"href":"https:\/\/agora.xtec.cat\/esc-jmaragall-sabadell\/wp-json\/wp\/v2\/tags?post=8767"}],"curies":[{"name":"wp","href":"https:\/\/api.w.org\/{rel}","templated":true}]}}