{"id":8678,"date":"2025-12-10T10:26:25","date_gmt":"2025-12-10T09:26:25","guid":{"rendered":"https:\/\/agora.xtec.cat\/esc-jmaragall-sabadell\/?p=8678"},"modified":"2025-12-22T11:50:38","modified_gmt":"2025-12-22T10:50:38","slug":"laffac-ens-presenta-el-seu-joc-inkludo","status":"publish","type":"post","link":"https:\/\/agora.xtec.cat\/esc-jmaragall-sabadell\/general\/laffac-ens-presenta-el-seu-joc-inkludo\/","title":{"rendered":"L&#8217;AFFAC ENS PRESENTA EL SEU JOC INKLUDO"},"content":{"rendered":"<p>El passat 1 de desembre les companyes de <a href=\"https:\/\/affac.cat\/\">l&#8217;AFFAC<\/a> (Associacions Federades de Fam\u00edlies d&#8217;Alumnes de Catalunya) ens van venir a presentar el seu joc de taula <a href=\"https:\/\/affac.cat\/affac\/inkludo\/\">Inkludo<\/a>. La sessi\u00f3 es va realitzar dins l&#8217;espai del projecte <a href=\"https:\/\/vincles.omnium.cat\/\">Vincles<\/a> que pret\u00e9n fomentar l&#8217;\u00fas del catal\u00e0 i al que acollim i donem suport des de fa dos cursos escolars. Les mares participants del projecte van poder compartir una estona de joc amb els seus fills i filles.<\/p>\n<p>Volem agrair a totes les persones la seva participaci\u00f3, a les volunt\u00e0ries del projecte Vincles pel seu suport i la seva tasca no nom\u00e9s aquella tarda, sin\u00f3 durant tot el curs (Marta, N\u00faria i Regi, gr\u00e0cies!), a l&#8217;AFFAC pel seu inter\u00e8s en mostrar-nos el joc (gr\u00e0cies Laura) i per la donaci\u00f3 d&#8217;un exemplar (del que en farem bon \u00fas).<\/p>\n<p>Esperem poder seguir organitzant activitats que puguin ser engrescadores i enriquidores per a tota la comunitat educativa. Us convidem a participar a la propera!!!<\/p>\n<p><a href=\"https:\/\/agora.xtec.cat\/esc-jmaragall-sabadell\/wp-content\/uploads\/usu1082\/2025\/12\/WhatsApp-Image-2025-12-01-at-19.25.22-4.jpeg\"><img loading=\"lazy\" decoding=\"async\" class=\"alignnone wp-image-8679 size-large\" src=\"https:\/\/agora.xtec.cat\/esc-jmaragall-sabadell\/wp-content\/uploads\/usu1082\/2025\/12\/WhatsApp-Image-2025-12-01-at-19.25.22-4-e1765357799821-1024x552.jpeg\" alt=\"\" width=\"1024\" height=\"552\" srcset=\"https:\/\/agora.xtec.cat\/esc-jmaragall-sabadell\/wp-content\/uploads\/usu1082\/2025\/12\/WhatsApp-Image-2025-12-01-at-19.25.22-4-e1765357799821-1024x552.jpeg 1024w, https:\/\/agora.xtec.cat\/esc-jmaragall-sabadell\/wp-content\/uploads\/usu1082\/2025\/12\/WhatsApp-Image-2025-12-01-at-19.25.22-4-e1765357799821-300x162.jpeg 300w, https:\/\/agora.xtec.cat\/esc-jmaragall-sabadell\/wp-content\/uploads\/usu1082\/2025\/12\/WhatsApp-Image-2025-12-01-at-19.25.22-4-e1765357799821-768x414.jpeg 768w, https:\/\/agora.xtec.cat\/esc-jmaragall-sabadell\/wp-content\/uploads\/usu1082\/2025\/12\/WhatsApp-Image-2025-12-01-at-19.25.22-4-e1765357799821-1536x827.jpeg 1536w, https:\/\/agora.xtec.cat\/esc-jmaragall-sabadell\/wp-content\/uploads\/usu1082\/2025\/12\/WhatsApp-Image-2025-12-01-at-19.25.22-4-e1765357799821.jpeg 2048w\" sizes=\"auto, (max-width: 1024px) 100vw, 1024px\" \/><\/a><\/p>\n<p><a href=\"https:\/\/agora.xtec.cat\/esc-jmaragall-sabadell\/wp-content\/uploads\/usu1082\/2025\/12\/WhatsApp-Image-2025-12-01-at-19.25.22-3.jpeg\"><img loading=\"lazy\" decoding=\"async\" class=\"alignleft wp-image-8680 size-large\" src=\"https:\/\/agora.xtec.cat\/esc-jmaragall-sabadell\/wp-content\/uploads\/usu1082\/2025\/12\/WhatsApp-Image-2025-12-01-at-19.25.22-3-e1765357776904-1024x726.jpeg\" alt=\"\" width=\"1024\" height=\"726\" srcset=\"https:\/\/agora.xtec.cat\/esc-jmaragall-sabadell\/wp-content\/uploads\/usu1082\/2025\/12\/WhatsApp-Image-2025-12-01-at-19.25.22-3-e1765357776904-1024x726.jpeg 1024w, https:\/\/agora.xtec.cat\/esc-jmaragall-sabadell\/wp-content\/uploads\/usu1082\/2025\/12\/WhatsApp-Image-2025-12-01-at-19.25.22-3-e1765357776904-300x213.jpeg 300w, https:\/\/agora.xtec.cat\/esc-jmaragall-sabadell\/wp-content\/uploads\/usu1082\/2025\/12\/WhatsApp-Image-2025-12-01-at-19.25.22-3-e1765357776904-768x544.jpeg 768w, https:\/\/agora.xtec.cat\/esc-jmaragall-sabadell\/wp-content\/uploads\/usu1082\/2025\/12\/WhatsApp-Image-2025-12-01-at-19.25.22-3-e1765357776904.jpeg 1417w\" sizes=\"auto, (max-width: 1024px) 100vw, 1024px\" \/><\/a><\/p>\n<p><a href=\"https:\/\/agora.xtec.cat\/esc-jmaragall-sabadell\/wp-content\/uploads\/usu1082\/2025\/12\/WhatsApp-Image-2025-12-01-at-19.25.20-2.jpeg\"><img loading=\"lazy\" decoding=\"async\" class=\"alignleft wp-image-8682 size-large\" src=\"https:\/\/agora.xtec.cat\/esc-jmaragall-sabadell\/wp-content\/uploads\/usu1082\/2025\/12\/WhatsApp-Image-2025-12-01-at-19.25.20-2-e1765357927727-1024x833.jpeg\" alt=\"\" width=\"1024\" height=\"833\" srcset=\"https:\/\/agora.xtec.cat\/esc-jmaragall-sabadell\/wp-content\/uploads\/usu1082\/2025\/12\/WhatsApp-Image-2025-12-01-at-19.25.20-2-e1765357927727-1024x833.jpeg 1024w, https:\/\/agora.xtec.cat\/esc-jmaragall-sabadell\/wp-content\/uploads\/usu1082\/2025\/12\/WhatsApp-Image-2025-12-01-at-19.25.20-2-e1765357927727-300x244.jpeg 300w, https:\/\/agora.xtec.cat\/esc-jmaragall-sabadell\/wp-content\/uploads\/usu1082\/2025\/12\/WhatsApp-Image-2025-12-01-at-19.25.20-2-e1765357927727-768x625.jpeg 768w, https:\/\/agora.xtec.cat\/esc-jmaragall-sabadell\/wp-content\/uploads\/usu1082\/2025\/12\/WhatsApp-Image-2025-12-01-at-19.25.20-2-e1765357927727.jpeg 1285w\" sizes=\"auto, (max-width: 1024px) 100vw, 1024px\" \/><\/a><\/p>\n","protected":false},"excerpt":{"rendered":"<p>El passat 1 de desembre les companyes de <a href=\"https:\/\/affac.cat\/\">l&#8217;AFFAC<\/a> (Associacions Federades de Fam\u00edlies d&#8217;Alumnes de Catalunya) ens van venir a presentar el seu joc de taula <a href=\"https:\/\/affac.cat\/affac\/inkludo\/\">Inkludo<\/a>. La sessi\u00f3 es va realitzar dins l&#8217;espai del projecte <a href=\"https:\/\/vincles.omnium.cat\/\">Vincles<\/a> que pret\u00e9n fomentar l&#8217;\u00fas del&hellip;  <a href=\"https:\/\/agora.xtec.cat\/esc-jmaragall-sabadell\/general\/laffac-ens-presenta-el-seu-joc-inkludo\/\" title=\"Read L&#8217;AFFAC ENS PRESENTA EL SEU JOC INKLUDO\">Llegeix m\u00e9s\u00bb<\/a><\/p>\n","protected":false},"author":177,"featured_media":8789,"comment_status":"open","ping_status":"open","sticky":false,"template":"","format":"standard","meta":{"_bbp_topic_count":0,"_bbp_reply_count":0,"_bbp_total_topic_count":0,"_bbp_total_reply_count":0,"_bbp_voice_count":0,"_bbp_anonymous_reply_count":0,"_bbp_topic_count_hidden":0,"_bbp_reply_count_hidden":0,"_bbp_forum_subforum_count":0,"footnotes":""},"categories":[7,1,4],"tags":[],"class_list":["post-8678","post","type-post","status-publish","format-standard","has-post-thumbnail","hentry","category-afa","category-general","category-portada"],"post_mailing_queue_ids":[],"_links":{"self":[{"href":"https:\/\/agora.xtec.cat\/esc-jmaragall-sabadell\/wp-json\/wp\/v2\/posts\/8678","targetHints":{"allow":["GET"]}}],"collection":[{"href":"https:\/\/agora.xtec.cat\/esc-jmaragall-sabadell\/wp-json\/wp\/v2\/posts"}],"about":[{"href":"https:\/\/agora.xtec.cat\/esc-jmaragall-sabadell\/wp-json\/wp\/v2\/types\/post"}],"author":[{"embeddable":true,"href":"https:\/\/agora.xtec.cat\/esc-jmaragall-sabadell\/wp-json\/wp\/v2\/users\/177"}],"replies":[{"embeddable":true,"href":"https:\/\/agora.xtec.cat\/esc-jmaragall-sabadell\/wp-json\/wp\/v2\/comments?post=8678"}],"version-history":[{"count":6,"href":"https:\/\/agora.xtec.cat\/esc-jmaragall-sabadell\/wp-json\/wp\/v2\/posts\/8678\/revisions"}],"predecessor-version":[{"id":8790,"href":"https:\/\/agora.xtec.cat\/esc-jmaragall-sabadell\/wp-json\/wp\/v2\/posts\/8678\/revisions\/8790"}],"wp:featuredmedia":[{"embeddable":true,"href":"https:\/\/agora.xtec.cat\/esc-jmaragall-sabadell\/wp-json\/wp\/v2\/media\/8789"}],"wp:attachment":[{"href":"https:\/\/agora.xtec.cat\/esc-jmaragall-sabadell\/wp-json\/wp\/v2\/media?parent=8678"}],"wp:term":[{"taxonomy":"category","embeddable":true,"href":"https:\/\/agora.xtec.cat\/esc-jmaragall-sabadell\/wp-json\/wp\/v2\/categories?post=8678"},{"taxonomy":"post_tag","embeddable":true,"href":"https:\/\/agora.xtec.cat\/esc-jmaragall-sabadell\/wp-json\/wp\/v2\/tags?post=8678"}],"curies":[{"name":"wp","href":"https:\/\/api.w.org\/{rel}","templated":true}]}}