{"id":8665,"date":"2025-11-17T08:30:39","date_gmt":"2025-11-17T07:30:39","guid":{"rendered":"https:\/\/agora.xtec.cat\/esc-jmaragall-sabadell\/?p=8665"},"modified":"2025-12-03T16:44:02","modified_gmt":"2025-12-03T15:44:02","slug":"ci-visitem-el-macba","status":"publish","type":"post","link":"https:\/\/agora.xtec.cat\/esc-jmaragall-sabadell\/general\/ci-visitem-el-macba\/","title":{"rendered":"CI VISITEM EL MACBA!"},"content":{"rendered":"<p>Divendres 14 de novembre les classes de 1r i 2n vam visitar el Museu d&#8217;Art Contemporani de Barcelona (MACBA). All\u00e0 vam fer un recorregut treballant l&#8217;expressi\u00f3 corporal, creant art mitjan\u00e7ant el nostre cos i aprenent a observar tot all\u00f2 que hi ha al museu.<\/p>\n<p>Vam ser molt observadors i vam gaudir molt tots junts\/es!<\/p>\n<p><iframe loading=\"lazy\" title=\"MACBA 1r i 2n\" width=\"422\" height=\"750\" src=\"https:\/\/www.youtube.com\/embed\/DBPAu8i6Jz8?feature=oembed\" frameborder=\"0\" allow=\"accelerometer; autoplay; clipboard-write; encrypted-media; gyroscope; picture-in-picture; web-share\" referrerpolicy=\"strict-origin-when-cross-origin\" allowfullscreen><\/iframe><\/p>\n","protected":false},"excerpt":{"rendered":"<p>Divendres 14 de novembre les classes de 1r i 2n vam visitar el Museu d&#8217;Art Contemporani de Barcelona (MACBA). All\u00e0 vam fer un recorregut treballant l&#8217;expressi\u00f3 corporal, creant art mitjan\u00e7ant el nostre cos i aprenent a observar tot all\u00f2 que hi ha al museu.<br \/>\nVam ser&hellip;  <a href=\"https:\/\/agora.xtec.cat\/esc-jmaragall-sabadell\/general\/ci-visitem-el-macba\/\" title=\"Read CI VISITEM EL MACBA!\">Llegeix m\u00e9s\u00bb<\/a><\/p>\n","protected":false},"author":19,"featured_media":8667,"comment_status":"open","ping_status":"open","sticky":false,"template":"","format":"standard","meta":{"_bbp_topic_count":0,"_bbp_reply_count":0,"_bbp_total_topic_count":0,"_bbp_total_reply_count":0,"_bbp_voice_count":0,"_bbp_anonymous_reply_count":0,"_bbp_topic_count_hidden":0,"_bbp_reply_count_hidden":0,"_bbp_forum_subforum_count":0,"footnotes":""},"categories":[245,219,1,4,5],"tags":[],"class_list":["post-8665","post","type-post","status-publish","format-standard","has-post-thumbnail","hentry","category-245","category-219","category-general","category-portada","category-primaria"],"post_mailing_queue_ids":[],"_links":{"self":[{"href":"https:\/\/agora.xtec.cat\/esc-jmaragall-sabadell\/wp-json\/wp\/v2\/posts\/8665","targetHints":{"allow":["GET"]}}],"collection":[{"href":"https:\/\/agora.xtec.cat\/esc-jmaragall-sabadell\/wp-json\/wp\/v2\/posts"}],"about":[{"href":"https:\/\/agora.xtec.cat\/esc-jmaragall-sabadell\/wp-json\/wp\/v2\/types\/post"}],"author":[{"embeddable":true,"href":"https:\/\/agora.xtec.cat\/esc-jmaragall-sabadell\/wp-json\/wp\/v2\/users\/19"}],"replies":[{"embeddable":true,"href":"https:\/\/agora.xtec.cat\/esc-jmaragall-sabadell\/wp-json\/wp\/v2\/comments?post=8665"}],"version-history":[{"count":1,"href":"https:\/\/agora.xtec.cat\/esc-jmaragall-sabadell\/wp-json\/wp\/v2\/posts\/8665\/revisions"}],"predecessor-version":[{"id":8666,"href":"https:\/\/agora.xtec.cat\/esc-jmaragall-sabadell\/wp-json\/wp\/v2\/posts\/8665\/revisions\/8666"}],"wp:featuredmedia":[{"embeddable":true,"href":"https:\/\/agora.xtec.cat\/esc-jmaragall-sabadell\/wp-json\/wp\/v2\/media\/8667"}],"wp:attachment":[{"href":"https:\/\/agora.xtec.cat\/esc-jmaragall-sabadell\/wp-json\/wp\/v2\/media?parent=8665"}],"wp:term":[{"taxonomy":"category","embeddable":true,"href":"https:\/\/agora.xtec.cat\/esc-jmaragall-sabadell\/wp-json\/wp\/v2\/categories?post=8665"},{"taxonomy":"post_tag","embeddable":true,"href":"https:\/\/agora.xtec.cat\/esc-jmaragall-sabadell\/wp-json\/wp\/v2\/tags?post=8665"}],"curies":[{"name":"wp","href":"https:\/\/api.w.org\/{rel}","templated":true}]}}