{"id":8641,"date":"2025-11-23T20:05:57","date_gmt":"2025-11-23T19:05:57","guid":{"rendered":"https:\/\/agora.xtec.cat\/esc-jmaragall-sabadell\/?p=8641"},"modified":"2025-11-23T20:05:57","modified_gmt":"2025-11-23T19:05:57","slug":"lalumnat-de-1r-va-a-labacus-a-comprar-llibres","status":"publish","type":"post","link":"https:\/\/agora.xtec.cat\/esc-jmaragall-sabadell\/general\/lalumnat-de-1r-va-a-labacus-a-comprar-llibres\/","title":{"rendered":"L&#8217;ALUMNAT DE 1R VA A L&#8217;ABACUS A COMPRAR LLIBRES"},"content":{"rendered":"<p style=\"text-align: left;\" data-pm-slice=\"1 1 []\">Dijous passat els nens i nenes de 1r vam anar a la llibreria Abacus a comprar un llibre per cadasc\u00fa amb el val que ens donen per fer sis anys. Per anar-hi, vam agafar l&#8217;autob\u00fas al costat de l\u2019escola fins a l\u2019estaci\u00f3 del centre, on vam baixar i vam caminar una mica fins a l\u2019Abacus.<\/p>\n<p style=\"text-align: left;\">All\u00ed ens estaven esperant amb molt entusiasme, la Lourdes ens havia preparat un espai exclusiu per nosaltres on ens va explicar el conte del \u201cCigronet\u201d i, seguidament, vam fer un taller per crear el nostre punt de llibre. Va ser molt divertit.<\/p>\n<p style=\"text-align: left;\"><a style=\"color: #2795b6;\" href=\"https:\/\/agora.xtec.cat\/esc-jmaragall-sabadell\/wp-content\/uploads\/usu1082\/2025\/11\/WhatsApp-Image-2025-11-23-at-19.44.25.jpeg\"><img loading=\"lazy\" decoding=\"async\" class=\"wp-image-8647 alignleft\" src=\"https:\/\/agora.xtec.cat\/esc-jmaragall-sabadell\/wp-content\/uploads\/usu1082\/2025\/11\/WhatsApp-Image-2025-11-23-at-19.44.25-1024x768.jpeg\" alt=\"\" width=\"732\" height=\"549\" srcset=\"https:\/\/agora.xtec.cat\/esc-jmaragall-sabadell\/wp-content\/uploads\/usu1082\/2025\/11\/WhatsApp-Image-2025-11-23-at-19.44.25-1024x768.jpeg 1024w, https:\/\/agora.xtec.cat\/esc-jmaragall-sabadell\/wp-content\/uploads\/usu1082\/2025\/11\/WhatsApp-Image-2025-11-23-at-19.44.25-300x225.jpeg 300w, https:\/\/agora.xtec.cat\/esc-jmaragall-sabadell\/wp-content\/uploads\/usu1082\/2025\/11\/WhatsApp-Image-2025-11-23-at-19.44.25-768x576.jpeg 768w, https:\/\/agora.xtec.cat\/esc-jmaragall-sabadell\/wp-content\/uploads\/usu1082\/2025\/11\/WhatsApp-Image-2025-11-23-at-19.44.25-1536x1152.jpeg 1536w, https:\/\/agora.xtec.cat\/esc-jmaragall-sabadell\/wp-content\/uploads\/usu1082\/2025\/11\/WhatsApp-Image-2025-11-23-at-19.44.25-200x150.jpeg 200w, https:\/\/agora.xtec.cat\/esc-jmaragall-sabadell\/wp-content\/uploads\/usu1082\/2025\/11\/WhatsApp-Image-2025-11-23-at-19.44.25.jpeg 1600w\" sizes=\"auto, (max-width: 732px) 100vw, 732px\" \/><\/a><\/p>\n<p>&nbsp;<\/p>\n<p>&nbsp;<\/p>\n<p>&nbsp;<\/p>\n<p>&nbsp;<\/p>\n<p>&nbsp;<\/p>\n<p>&nbsp;<\/p>\n<p>&nbsp;<\/p>\n<p>&nbsp;<\/p>\n<p>&nbsp;<\/p>\n<p>&nbsp;<\/p>\n<p>&nbsp;<\/p>\n<p>&nbsp;<\/p>\n<p style=\"text-align: left;\">\n<p>&nbsp;<\/p>\n<p><a href=\"https:\/\/agora.xtec.cat\/esc-jmaragall-sabadell\/wp-content\/uploads\/usu1082\/2025\/11\/WhatsApp-Image-2025-11-23-at-19.44.25-2.jpeg\"><img loading=\"lazy\" decoding=\"async\" class=\"wp-image-8645 alignleft\" style=\"color: #222222;\" src=\"https:\/\/agora.xtec.cat\/esc-jmaragall-sabadell\/wp-content\/uploads\/usu1082\/2025\/11\/WhatsApp-Image-2025-11-23-at-19.44.25-1-768x1024.jpeg\" alt=\"\" width=\"301\" height=\"402\" \/><img loading=\"lazy\" decoding=\"async\" class=\"wp-image-8646 alignleft\" src=\"https:\/\/agora.xtec.cat\/esc-jmaragall-sabadell\/wp-content\/uploads\/usu1082\/2025\/11\/WhatsApp-Image-2025-11-23-at-19.44.25-2-768x1024.jpeg\" alt=\"\" width=\"290\" height=\"387\" srcset=\"https:\/\/agora.xtec.cat\/esc-jmaragall-sabadell\/wp-content\/uploads\/usu1082\/2025\/11\/WhatsApp-Image-2025-11-23-at-19.44.25-2-768x1024.jpeg 768w, https:\/\/agora.xtec.cat\/esc-jmaragall-sabadell\/wp-content\/uploads\/usu1082\/2025\/11\/WhatsApp-Image-2025-11-23-at-19.44.25-2-225x300.jpeg 225w, https:\/\/agora.xtec.cat\/esc-jmaragall-sabadell\/wp-content\/uploads\/usu1082\/2025\/11\/WhatsApp-Image-2025-11-23-at-19.44.25-2-1152x1536.jpeg 1152w, https:\/\/agora.xtec.cat\/esc-jmaragall-sabadell\/wp-content\/uploads\/usu1082\/2025\/11\/WhatsApp-Image-2025-11-23-at-19.44.25-2.jpeg 1200w\" sizes=\"auto, (max-width: 290px) 100vw, 290px\" \/><\/a><\/p>\n<p>&nbsp;<\/p>\n<p>&nbsp;<\/p>\n<p>&nbsp;<\/p>\n<p>&nbsp;<\/p>\n<p>&nbsp;<\/p>\n<p>&nbsp;<\/p>\n<p>&nbsp;<\/p>\n<p>&nbsp;<\/p>\n<p>&nbsp;<\/p>\n<p style=\"text-align: left;\">Per acabar, cadascun de nosaltres va poder mirar i fullejar alguns llibres per escollir-ne un i comprar-lo. Un cop tothom va tenir el seu llibre, vam sortir de la llibreria direcci\u00f3 a la pla\u00e7a de Frederic Mompou que est\u00e0 just al costat. All\u00e0 vam esmorzar i vam jugar una bona estona.<\/p>\n<p style=\"text-align: left;\"><a href=\"https:\/\/agora.xtec.cat\/esc-jmaragall-sabadell\/wp-content\/uploads\/usu1082\/2025\/11\/WhatsApp-Image-2025-11-23-at-19.44.25-3.jpeg\"><img loading=\"lazy\" decoding=\"async\" class=\"wp-image-8644 alignleft\" src=\"https:\/\/agora.xtec.cat\/esc-jmaragall-sabadell\/wp-content\/uploads\/usu1082\/2025\/11\/WhatsApp-Image-2025-11-23-at-19.44.25-3-768x1024.jpeg\" alt=\"\" width=\"244\" height=\"325\" srcset=\"https:\/\/agora.xtec.cat\/esc-jmaragall-sabadell\/wp-content\/uploads\/usu1082\/2025\/11\/WhatsApp-Image-2025-11-23-at-19.44.25-3-768x1024.jpeg 768w, https:\/\/agora.xtec.cat\/esc-jmaragall-sabadell\/wp-content\/uploads\/usu1082\/2025\/11\/WhatsApp-Image-2025-11-23-at-19.44.25-3-225x300.jpeg 225w, https:\/\/agora.xtec.cat\/esc-jmaragall-sabadell\/wp-content\/uploads\/usu1082\/2025\/11\/WhatsApp-Image-2025-11-23-at-19.44.25-3-1152x1536.jpeg 1152w, https:\/\/agora.xtec.cat\/esc-jmaragall-sabadell\/wp-content\/uploads\/usu1082\/2025\/11\/WhatsApp-Image-2025-11-23-at-19.44.25-3.jpeg 1200w\" sizes=\"auto, (max-width: 244px) 100vw, 244px\" \/><\/a><img loading=\"lazy\" decoding=\"async\" class=\"wp-image-8643 alignleft\" src=\"https:\/\/agora.xtec.cat\/esc-jmaragall-sabadell\/wp-content\/uploads\/usu1082\/2025\/11\/WhatsApp-Image-2025-11-23-at-19.44.25-4-1024x768.jpeg\" alt=\"\" width=\"462\" height=\"347\" srcset=\"https:\/\/agora.xtec.cat\/esc-jmaragall-sabadell\/wp-content\/uploads\/usu1082\/2025\/11\/WhatsApp-Image-2025-11-23-at-19.44.25-4-1024x768.jpeg 1024w, https:\/\/agora.xtec.cat\/esc-jmaragall-sabadell\/wp-content\/uploads\/usu1082\/2025\/11\/WhatsApp-Image-2025-11-23-at-19.44.25-4-300x225.jpeg 300w, https:\/\/agora.xtec.cat\/esc-jmaragall-sabadell\/wp-content\/uploads\/usu1082\/2025\/11\/WhatsApp-Image-2025-11-23-at-19.44.25-4-768x576.jpeg 768w, https:\/\/agora.xtec.cat\/esc-jmaragall-sabadell\/wp-content\/uploads\/usu1082\/2025\/11\/WhatsApp-Image-2025-11-23-at-19.44.25-4-1536x1152.jpeg 1536w, https:\/\/agora.xtec.cat\/esc-jmaragall-sabadell\/wp-content\/uploads\/usu1082\/2025\/11\/WhatsApp-Image-2025-11-23-at-19.44.25-4-200x150.jpeg 200w, https:\/\/agora.xtec.cat\/esc-jmaragall-sabadell\/wp-content\/uploads\/usu1082\/2025\/11\/WhatsApp-Image-2025-11-23-at-19.44.25-4.jpeg 1600w\" sizes=\"auto, (max-width: 462px) 100vw, 462px\" \/><\/p>\n<p>&nbsp;<\/p>\n<p>&nbsp;<\/p>\n<p>&nbsp;<\/p>\n<p>&nbsp;<\/p>\n<p>&nbsp;<\/p>\n<p>&nbsp;<\/p>\n<p>&nbsp;<\/p>\n<p>&nbsp;<\/p>\n<p style=\"text-align: left;\">Finalment, quan ja era hora per marxar, vam anar a esperar l\u2019autob\u00fas per tornar de nou a l\u2019escola. Aquesta sortida ens ha encantat i estem molt contents perqu\u00e8 tenim un nou llibre per gaudir a casa!<\/p>\n<p><a href=\"https:\/\/agora.xtec.cat\/esc-jmaragall-sabadell\/wp-content\/uploads\/usu1082\/2025\/11\/WhatsApp-Image-2025-11-23-at-19.44.25-7.jpeg\"><img loading=\"lazy\" decoding=\"async\" class=\"wp-image-8648 alignleft\" src=\"https:\/\/agora.xtec.cat\/esc-jmaragall-sabadell\/wp-content\/uploads\/usu1082\/2025\/11\/WhatsApp-Image-2025-11-23-at-19.44.25-7-1024x768.jpeg\" alt=\"\" width=\"350\" height=\"263\" srcset=\"https:\/\/agora.xtec.cat\/esc-jmaragall-sabadell\/wp-content\/uploads\/usu1082\/2025\/11\/WhatsApp-Image-2025-11-23-at-19.44.25-7-1024x768.jpeg 1024w, https:\/\/agora.xtec.cat\/esc-jmaragall-sabadell\/wp-content\/uploads\/usu1082\/2025\/11\/WhatsApp-Image-2025-11-23-at-19.44.25-7-300x225.jpeg 300w, https:\/\/agora.xtec.cat\/esc-jmaragall-sabadell\/wp-content\/uploads\/usu1082\/2025\/11\/WhatsApp-Image-2025-11-23-at-19.44.25-7-768x576.jpeg 768w, https:\/\/agora.xtec.cat\/esc-jmaragall-sabadell\/wp-content\/uploads\/usu1082\/2025\/11\/WhatsApp-Image-2025-11-23-at-19.44.25-7-1536x1152.jpeg 1536w, https:\/\/agora.xtec.cat\/esc-jmaragall-sabadell\/wp-content\/uploads\/usu1082\/2025\/11\/WhatsApp-Image-2025-11-23-at-19.44.25-7-200x150.jpeg 200w, https:\/\/agora.xtec.cat\/esc-jmaragall-sabadell\/wp-content\/uploads\/usu1082\/2025\/11\/WhatsApp-Image-2025-11-23-at-19.44.25-7.jpeg 1600w\" sizes=\"auto, (max-width: 350px) 100vw, 350px\" \/><\/a><\/p>\n<p><a href=\"https:\/\/agora.xtec.cat\/esc-jmaragall-sabadell\/wp-content\/uploads\/usu1082\/2025\/11\/WhatsApp-Image-2025-11-23-at-19.44.25-5.jpeg\"><img loading=\"lazy\" decoding=\"async\" class=\"wp-image-8642 alignleft\" src=\"https:\/\/agora.xtec.cat\/esc-jmaragall-sabadell\/wp-content\/uploads\/usu1082\/2025\/11\/WhatsApp-Image-2025-11-23-at-19.44.25-5-1024x768.jpeg\" alt=\"\" width=\"352\" height=\"264\" srcset=\"https:\/\/agora.xtec.cat\/esc-jmaragall-sabadell\/wp-content\/uploads\/usu1082\/2025\/11\/WhatsApp-Image-2025-11-23-at-19.44.25-5-1024x768.jpeg 1024w, https:\/\/agora.xtec.cat\/esc-jmaragall-sabadell\/wp-content\/uploads\/usu1082\/2025\/11\/WhatsApp-Image-2025-11-23-at-19.44.25-5-300x225.jpeg 300w, https:\/\/agora.xtec.cat\/esc-jmaragall-sabadell\/wp-content\/uploads\/usu1082\/2025\/11\/WhatsApp-Image-2025-11-23-at-19.44.25-5-768x576.jpeg 768w, https:\/\/agora.xtec.cat\/esc-jmaragall-sabadell\/wp-content\/uploads\/usu1082\/2025\/11\/WhatsApp-Image-2025-11-23-at-19.44.25-5-1536x1152.jpeg 1536w, https:\/\/agora.xtec.cat\/esc-jmaragall-sabadell\/wp-content\/uploads\/usu1082\/2025\/11\/WhatsApp-Image-2025-11-23-at-19.44.25-5-200x150.jpeg 200w, https:\/\/agora.xtec.cat\/esc-jmaragall-sabadell\/wp-content\/uploads\/usu1082\/2025\/11\/WhatsApp-Image-2025-11-23-at-19.44.25-5.jpeg 1600w\" sizes=\"auto, (max-width: 352px) 100vw, 352px\" \/><\/a><\/p>\n<p>&nbsp;<\/p>\n<p>&nbsp;<\/p>\n<p>&nbsp;<\/p>\n<p>&nbsp;<\/p>\n","protected":false},"excerpt":{"rendered":"<p>Dijous passat els nens i nenes de 1r vam anar a la llibreria Abacus a comprar un llibre per cadasc\u00fa amb el val que ens donen per fer sis anys. Per anar-hi, vam agafar l&#8217;autob\u00fas al costat de l\u2019escola fins a l\u2019estaci\u00f3 del centre, on&hellip;  <a href=\"https:\/\/agora.xtec.cat\/esc-jmaragall-sabadell\/general\/lalumnat-de-1r-va-a-labacus-a-comprar-llibres\/\" title=\"Read L&#8217;ALUMNAT DE 1R VA A L&#8217;ABACUS A COMPRAR LLIBRES\">Llegeix m\u00e9s\u00bb<\/a><\/p>\n","protected":false},"author":99,"featured_media":8643,"comment_status":"open","ping_status":"open","sticky":false,"template":"","format":"standard","meta":{"_bbp_topic_count":0,"_bbp_reply_count":0,"_bbp_total_topic_count":0,"_bbp_total_reply_count":0,"_bbp_voice_count":0,"_bbp_anonymous_reply_count":0,"_bbp_topic_count_hidden":0,"_bbp_reply_count_hidden":0,"_bbp_forum_subforum_count":0,"footnotes":""},"categories":[245,1,4,5],"tags":[],"class_list":["post-8641","post","type-post","status-publish","format-standard","has-post-thumbnail","hentry","category-245","category-general","category-portada","category-primaria"],"post_mailing_queue_ids":[],"_links":{"self":[{"href":"https:\/\/agora.xtec.cat\/esc-jmaragall-sabadell\/wp-json\/wp\/v2\/posts\/8641","targetHints":{"allow":["GET"]}}],"collection":[{"href":"https:\/\/agora.xtec.cat\/esc-jmaragall-sabadell\/wp-json\/wp\/v2\/posts"}],"about":[{"href":"https:\/\/agora.xtec.cat\/esc-jmaragall-sabadell\/wp-json\/wp\/v2\/types\/post"}],"author":[{"embeddable":true,"href":"https:\/\/agora.xtec.cat\/esc-jmaragall-sabadell\/wp-json\/wp\/v2\/users\/99"}],"replies":[{"embeddable":true,"href":"https:\/\/agora.xtec.cat\/esc-jmaragall-sabadell\/wp-json\/wp\/v2\/comments?post=8641"}],"version-history":[{"count":5,"href":"https:\/\/agora.xtec.cat\/esc-jmaragall-sabadell\/wp-json\/wp\/v2\/posts\/8641\/revisions"}],"predecessor-version":[{"id":8653,"href":"https:\/\/agora.xtec.cat\/esc-jmaragall-sabadell\/wp-json\/wp\/v2\/posts\/8641\/revisions\/8653"}],"wp:featuredmedia":[{"embeddable":true,"href":"https:\/\/agora.xtec.cat\/esc-jmaragall-sabadell\/wp-json\/wp\/v2\/media\/8643"}],"wp:attachment":[{"href":"https:\/\/agora.xtec.cat\/esc-jmaragall-sabadell\/wp-json\/wp\/v2\/media?parent=8641"}],"wp:term":[{"taxonomy":"category","embeddable":true,"href":"https:\/\/agora.xtec.cat\/esc-jmaragall-sabadell\/wp-json\/wp\/v2\/categories?post=8641"},{"taxonomy":"post_tag","embeddable":true,"href":"https:\/\/agora.xtec.cat\/esc-jmaragall-sabadell\/wp-json\/wp\/v2\/tags?post=8641"}],"curies":[{"name":"wp","href":"https:\/\/api.w.org\/{rel}","templated":true}]}}