{"id":8607,"date":"2025-11-07T11:20:50","date_gmt":"2025-11-07T10:20:50","guid":{"rendered":"https:\/\/agora.xtec.cat\/esc-jmaragall-sabadell\/?p=8607"},"modified":"2025-11-07T11:53:49","modified_gmt":"2025-11-07T10:53:49","slug":"parelles-dukelele-a-4t","status":"publish","type":"post","link":"https:\/\/agora.xtec.cat\/esc-jmaragall-sabadell\/general\/parelles-dukelele-a-4t\/","title":{"rendered":"PARELLES D&#8217;UKELELE A 4T"},"content":{"rendered":"<p>Les nenes i nens de 4t de prim\u00e0ria hem comen\u00e7at aquest curs a tocar l&#8217;ukelele a les classes de m\u00fasica. Estem aprenent les seves parts, com agafar-lo, la seva hist\u00f2ria i les primeres can\u00e7ons!<\/p>\n<p>A les fotos podeu veure com practiquem la can\u00e7\u00f3 de &#8220;La pu\u00e7a saltarina&#8221;. Pu\u00e7a saltarina \u00e9s la traducci\u00f3 en catal\u00e0 de la paraula hawaiana d&#8217;ukelele o ukulele. Ho sab\u00edeu?<\/p>\n<p>Com encara estem comen\u00e7ant, treballem sempre en parelles. D&#8217;aquesta manera ens ajudem entre nosaltres i tamb\u00e9 aprenem a saber esperar i tenir paci\u00e8ncia.<\/p>\n<p><a href=\"https:\/\/agora.xtec.cat\/esc-jmaragall-sabadell\/wp-content\/uploads\/usu1082\/2025\/11\/WhatsApp-Image-2025-11-07-at-11.14.14-4.jpeg\"><img loading=\"lazy\" decoding=\"async\" class=\"alignnone size-medium wp-image-8608\" src=\"https:\/\/agora.xtec.cat\/esc-jmaragall-sabadell\/wp-content\/uploads\/usu1082\/2025\/11\/WhatsApp-Image-2025-11-07-at-11.14.14-4-300x300.jpeg\" alt=\"\" width=\"300\" height=\"300\" srcset=\"https:\/\/agora.xtec.cat\/esc-jmaragall-sabadell\/wp-content\/uploads\/usu1082\/2025\/11\/WhatsApp-Image-2025-11-07-at-11.14.14-4-300x300.jpeg 300w, https:\/\/agora.xtec.cat\/esc-jmaragall-sabadell\/wp-content\/uploads\/usu1082\/2025\/11\/WhatsApp-Image-2025-11-07-at-11.14.14-4-1024x1024.jpeg 1024w, https:\/\/agora.xtec.cat\/esc-jmaragall-sabadell\/wp-content\/uploads\/usu1082\/2025\/11\/WhatsApp-Image-2025-11-07-at-11.14.14-4-150x150.jpeg 150w, https:\/\/agora.xtec.cat\/esc-jmaragall-sabadell\/wp-content\/uploads\/usu1082\/2025\/11\/WhatsApp-Image-2025-11-07-at-11.14.14-4-768x768.jpeg 768w, https:\/\/agora.xtec.cat\/esc-jmaragall-sabadell\/wp-content\/uploads\/usu1082\/2025\/11\/WhatsApp-Image-2025-11-07-at-11.14.14-4-1536x1536.jpeg 1536w, https:\/\/agora.xtec.cat\/esc-jmaragall-sabadell\/wp-content\/uploads\/usu1082\/2025\/11\/WhatsApp-Image-2025-11-07-at-11.14.14-4.jpeg 2048w\" sizes=\"auto, (max-width: 300px) 100vw, 300px\" \/>\u00a0\u00a0<\/a> <a href=\"https:\/\/agora.xtec.cat\/esc-jmaragall-sabadell\/wp-content\/uploads\/usu1082\/2025\/11\/WhatsApp-Image-2025-11-07-at-11.14.14-3.jpeg\"><img loading=\"lazy\" decoding=\"async\" class=\"alignnone size-medium wp-image-8609\" src=\"https:\/\/agora.xtec.cat\/esc-jmaragall-sabadell\/wp-content\/uploads\/usu1082\/2025\/11\/WhatsApp-Image-2025-11-07-at-11.14.14-3-300x300.jpeg\" alt=\"\" width=\"300\" height=\"300\" srcset=\"https:\/\/agora.xtec.cat\/esc-jmaragall-sabadell\/wp-content\/uploads\/usu1082\/2025\/11\/WhatsApp-Image-2025-11-07-at-11.14.14-3-300x300.jpeg 300w, https:\/\/agora.xtec.cat\/esc-jmaragall-sabadell\/wp-content\/uploads\/usu1082\/2025\/11\/WhatsApp-Image-2025-11-07-at-11.14.14-3-1024x1024.jpeg 1024w, https:\/\/agora.xtec.cat\/esc-jmaragall-sabadell\/wp-content\/uploads\/usu1082\/2025\/11\/WhatsApp-Image-2025-11-07-at-11.14.14-3-150x150.jpeg 150w, https:\/\/agora.xtec.cat\/esc-jmaragall-sabadell\/wp-content\/uploads\/usu1082\/2025\/11\/WhatsApp-Image-2025-11-07-at-11.14.14-3-768x768.jpeg 768w, https:\/\/agora.xtec.cat\/esc-jmaragall-sabadell\/wp-content\/uploads\/usu1082\/2025\/11\/WhatsApp-Image-2025-11-07-at-11.14.14-3-1536x1536.jpeg 1536w, https:\/\/agora.xtec.cat\/esc-jmaragall-sabadell\/wp-content\/uploads\/usu1082\/2025\/11\/WhatsApp-Image-2025-11-07-at-11.14.14-3.jpeg 2048w\" sizes=\"auto, (max-width: 300px) 100vw, 300px\" \/><\/a><\/p>\n<p><a href=\"https:\/\/agora.xtec.cat\/esc-jmaragall-sabadell\/wp-content\/uploads\/usu1082\/2025\/11\/WhatsApp-Image-2025-11-07-at-11.14.14-2.jpeg\"><img loading=\"lazy\" decoding=\"async\" class=\"alignnone size-medium wp-image-8610\" src=\"https:\/\/agora.xtec.cat\/esc-jmaragall-sabadell\/wp-content\/uploads\/usu1082\/2025\/11\/WhatsApp-Image-2025-11-07-at-11.14.14-2-300x300.jpeg\" alt=\"\" width=\"300\" height=\"300\" srcset=\"https:\/\/agora.xtec.cat\/esc-jmaragall-sabadell\/wp-content\/uploads\/usu1082\/2025\/11\/WhatsApp-Image-2025-11-07-at-11.14.14-2-300x300.jpeg 300w, https:\/\/agora.xtec.cat\/esc-jmaragall-sabadell\/wp-content\/uploads\/usu1082\/2025\/11\/WhatsApp-Image-2025-11-07-at-11.14.14-2-1024x1024.jpeg 1024w, https:\/\/agora.xtec.cat\/esc-jmaragall-sabadell\/wp-content\/uploads\/usu1082\/2025\/11\/WhatsApp-Image-2025-11-07-at-11.14.14-2-150x150.jpeg 150w, https:\/\/agora.xtec.cat\/esc-jmaragall-sabadell\/wp-content\/uploads\/usu1082\/2025\/11\/WhatsApp-Image-2025-11-07-at-11.14.14-2-768x768.jpeg 768w, https:\/\/agora.xtec.cat\/esc-jmaragall-sabadell\/wp-content\/uploads\/usu1082\/2025\/11\/WhatsApp-Image-2025-11-07-at-11.14.14-2-1536x1536.jpeg 1536w, https:\/\/agora.xtec.cat\/esc-jmaragall-sabadell\/wp-content\/uploads\/usu1082\/2025\/11\/WhatsApp-Image-2025-11-07-at-11.14.14-2.jpeg 2048w\" sizes=\"auto, (max-width: 300px) 100vw, 300px\" \/><\/a>\u00a0 \u00a0<a href=\"https:\/\/agora.xtec.cat\/esc-jmaragall-sabadell\/wp-content\/uploads\/usu1082\/2025\/11\/WhatsApp-Image-2025-11-07-at-11.14.14-1.jpeg\"><img loading=\"lazy\" decoding=\"async\" class=\"alignnone size-medium wp-image-8611\" src=\"https:\/\/agora.xtec.cat\/esc-jmaragall-sabadell\/wp-content\/uploads\/usu1082\/2025\/11\/WhatsApp-Image-2025-11-07-at-11.14.14-1-300x300.jpeg\" alt=\"\" width=\"300\" height=\"300\" srcset=\"https:\/\/agora.xtec.cat\/esc-jmaragall-sabadell\/wp-content\/uploads\/usu1082\/2025\/11\/WhatsApp-Image-2025-11-07-at-11.14.14-1-300x300.jpeg 300w, https:\/\/agora.xtec.cat\/esc-jmaragall-sabadell\/wp-content\/uploads\/usu1082\/2025\/11\/WhatsApp-Image-2025-11-07-at-11.14.14-1-1024x1024.jpeg 1024w, https:\/\/agora.xtec.cat\/esc-jmaragall-sabadell\/wp-content\/uploads\/usu1082\/2025\/11\/WhatsApp-Image-2025-11-07-at-11.14.14-1-150x150.jpeg 150w, https:\/\/agora.xtec.cat\/esc-jmaragall-sabadell\/wp-content\/uploads\/usu1082\/2025\/11\/WhatsApp-Image-2025-11-07-at-11.14.14-1-768x768.jpeg 768w, https:\/\/agora.xtec.cat\/esc-jmaragall-sabadell\/wp-content\/uploads\/usu1082\/2025\/11\/WhatsApp-Image-2025-11-07-at-11.14.14-1-1536x1536.jpeg 1536w, https:\/\/agora.xtec.cat\/esc-jmaragall-sabadell\/wp-content\/uploads\/usu1082\/2025\/11\/WhatsApp-Image-2025-11-07-at-11.14.14-1.jpeg 2048w\" sizes=\"auto, (max-width: 300px) 100vw, 300px\" \/><\/a><\/p>\n<p><a href=\"https:\/\/agora.xtec.cat\/esc-jmaragall-sabadell\/wp-content\/uploads\/usu1082\/2025\/11\/WhatsApp-Image-2025-11-07-at-11.14.14.jpeg\"><img loading=\"lazy\" decoding=\"async\" class=\"alignnone size-medium wp-image-8612\" src=\"https:\/\/agora.xtec.cat\/esc-jmaragall-sabadell\/wp-content\/uploads\/usu1082\/2025\/11\/WhatsApp-Image-2025-11-07-at-11.14.14-300x300.jpeg\" alt=\"\" width=\"300\" height=\"300\" srcset=\"https:\/\/agora.xtec.cat\/esc-jmaragall-sabadell\/wp-content\/uploads\/usu1082\/2025\/11\/WhatsApp-Image-2025-11-07-at-11.14.14-300x300.jpeg 300w, https:\/\/agora.xtec.cat\/esc-jmaragall-sabadell\/wp-content\/uploads\/usu1082\/2025\/11\/WhatsApp-Image-2025-11-07-at-11.14.14-1024x1024.jpeg 1024w, https:\/\/agora.xtec.cat\/esc-jmaragall-sabadell\/wp-content\/uploads\/usu1082\/2025\/11\/WhatsApp-Image-2025-11-07-at-11.14.14-150x150.jpeg 150w, https:\/\/agora.xtec.cat\/esc-jmaragall-sabadell\/wp-content\/uploads\/usu1082\/2025\/11\/WhatsApp-Image-2025-11-07-at-11.14.14-768x768.jpeg 768w, https:\/\/agora.xtec.cat\/esc-jmaragall-sabadell\/wp-content\/uploads\/usu1082\/2025\/11\/WhatsApp-Image-2025-11-07-at-11.14.14-1536x1536.jpeg 1536w, https:\/\/agora.xtec.cat\/esc-jmaragall-sabadell\/wp-content\/uploads\/usu1082\/2025\/11\/WhatsApp-Image-2025-11-07-at-11.14.14.jpeg 2048w\" sizes=\"auto, (max-width: 300px) 100vw, 300px\" \/><\/a> \u00a0\u00a0<a href=\"https:\/\/agora.xtec.cat\/esc-jmaragall-sabadell\/wp-content\/uploads\/usu1082\/2025\/11\/WhatsApp-Image-2025-11-07-at-11.14.13.jpeg\"><img loading=\"lazy\" decoding=\"async\" class=\"alignnone size-medium wp-image-8614\" src=\"https:\/\/agora.xtec.cat\/esc-jmaragall-sabadell\/wp-content\/uploads\/usu1082\/2025\/11\/WhatsApp-Image-2025-11-07-at-11.14.13-300x300.jpeg\" alt=\"\" width=\"300\" height=\"300\" srcset=\"https:\/\/agora.xtec.cat\/esc-jmaragall-sabadell\/wp-content\/uploads\/usu1082\/2025\/11\/WhatsApp-Image-2025-11-07-at-11.14.13-300x300.jpeg 300w, https:\/\/agora.xtec.cat\/esc-jmaragall-sabadell\/wp-content\/uploads\/usu1082\/2025\/11\/WhatsApp-Image-2025-11-07-at-11.14.13-1024x1024.jpeg 1024w, https:\/\/agora.xtec.cat\/esc-jmaragall-sabadell\/wp-content\/uploads\/usu1082\/2025\/11\/WhatsApp-Image-2025-11-07-at-11.14.13-150x150.jpeg 150w, https:\/\/agora.xtec.cat\/esc-jmaragall-sabadell\/wp-content\/uploads\/usu1082\/2025\/11\/WhatsApp-Image-2025-11-07-at-11.14.13-768x768.jpeg 768w, https:\/\/agora.xtec.cat\/esc-jmaragall-sabadell\/wp-content\/uploads\/usu1082\/2025\/11\/WhatsApp-Image-2025-11-07-at-11.14.13-1536x1536.jpeg 1536w, https:\/\/agora.xtec.cat\/esc-jmaragall-sabadell\/wp-content\/uploads\/usu1082\/2025\/11\/WhatsApp-Image-2025-11-07-at-11.14.13.jpeg 2048w\" sizes=\"auto, (max-width: 300px) 100vw, 300px\" \/><\/a><\/p>\n","protected":false},"excerpt":{"rendered":"<p>Les nenes i nens de 4t de prim\u00e0ria hem comen\u00e7at aquest curs a tocar l&#8217;ukelele a les classes de m\u00fasica. Estem aprenent les seves parts, com agafar-lo, la seva hist\u00f2ria i les primeres can\u00e7ons!<br \/>\nA les fotos podeu veure com practiquem la can\u00e7\u00f3 de &#8220;La pu\u00e7a&hellip;  <a href=\"https:\/\/agora.xtec.cat\/esc-jmaragall-sabadell\/general\/parelles-dukelele-a-4t\/\" title=\"Read PARELLES D&#8217;UKELELE A 4T\">Llegeix m\u00e9s\u00bb<\/a><\/p>\n","protected":false},"author":151,"featured_media":8613,"comment_status":"open","ping_status":"open","sticky":false,"template":"","format":"standard","meta":{"_bbp_topic_count":0,"_bbp_reply_count":0,"_bbp_total_topic_count":0,"_bbp_total_reply_count":0,"_bbp_voice_count":0,"_bbp_anonymous_reply_count":0,"_bbp_topic_count_hidden":0,"_bbp_reply_count_hidden":0,"_bbp_forum_subforum_count":0,"footnotes":""},"categories":[120,1,61,4,5],"tags":[],"class_list":["post-8607","post","type-post","status-publish","format-standard","has-post-thumbnail","hentry","category-120","category-general","category-musica","category-portada","category-primaria"],"post_mailing_queue_ids":[],"_links":{"self":[{"href":"https:\/\/agora.xtec.cat\/esc-jmaragall-sabadell\/wp-json\/wp\/v2\/posts\/8607","targetHints":{"allow":["GET"]}}],"collection":[{"href":"https:\/\/agora.xtec.cat\/esc-jmaragall-sabadell\/wp-json\/wp\/v2\/posts"}],"about":[{"href":"https:\/\/agora.xtec.cat\/esc-jmaragall-sabadell\/wp-json\/wp\/v2\/types\/post"}],"author":[{"embeddable":true,"href":"https:\/\/agora.xtec.cat\/esc-jmaragall-sabadell\/wp-json\/wp\/v2\/users\/151"}],"replies":[{"embeddable":true,"href":"https:\/\/agora.xtec.cat\/esc-jmaragall-sabadell\/wp-json\/wp\/v2\/comments?post=8607"}],"version-history":[{"count":4,"href":"https:\/\/agora.xtec.cat\/esc-jmaragall-sabadell\/wp-json\/wp\/v2\/posts\/8607\/revisions"}],"predecessor-version":[{"id":8618,"href":"https:\/\/agora.xtec.cat\/esc-jmaragall-sabadell\/wp-json\/wp\/v2\/posts\/8607\/revisions\/8618"}],"wp:featuredmedia":[{"embeddable":true,"href":"https:\/\/agora.xtec.cat\/esc-jmaragall-sabadell\/wp-json\/wp\/v2\/media\/8613"}],"wp:attachment":[{"href":"https:\/\/agora.xtec.cat\/esc-jmaragall-sabadell\/wp-json\/wp\/v2\/media?parent=8607"}],"wp:term":[{"taxonomy":"category","embeddable":true,"href":"https:\/\/agora.xtec.cat\/esc-jmaragall-sabadell\/wp-json\/wp\/v2\/categories?post=8607"},{"taxonomy":"post_tag","embeddable":true,"href":"https:\/\/agora.xtec.cat\/esc-jmaragall-sabadell\/wp-json\/wp\/v2\/tags?post=8607"}],"curies":[{"name":"wp","href":"https:\/\/api.w.org\/{rel}","templated":true}]}}