{"id":8544,"date":"2025-10-11T17:28:05","date_gmt":"2025-10-11T15:28:05","guid":{"rendered":"https:\/\/agora.xtec.cat\/esc-jmaragall-sabadell\/?p=8544"},"modified":"2025-10-11T17:28:15","modified_gmt":"2025-10-11T15:28:15","slug":"hola-europa-ja-estem-a-punt-per-volar-%f0%9f%8c%8d","status":"publish","type":"post","link":"https:\/\/agora.xtec.cat\/esc-jmaragall-sabadell\/general\/hola-europa-ja-estem-a-punt-per-volar-%f0%9f%8c%8d\/","title":{"rendered":"HOLA EUROPA! JA ESTEM A PUNT PER VOLAR! \ud83c\udf0d"},"content":{"rendered":"<p><iframe loading=\"lazy\" title=\"\ud83c\udf0d Hola, Europa! Ja estem a punt per volar!\" width=\"500\" height=\"281\" src=\"https:\/\/www.youtube.com\/embed\/rGyV-dZGbZk?feature=oembed\" frameborder=\"0\" allow=\"accelerometer; autoplay; clipboard-write; encrypted-media; gyroscope; picture-in-picture; web-share\" referrerpolicy=\"strict-origin-when-cross-origin\" allowfullscreen><\/iframe><\/p>\n<p data-start=\"140\" data-end=\"287\">Els nens i nenes de 6\u00e8 han gravat un <strong data-start=\"177\" data-end=\"201\">v\u00eddeo de presentaci\u00f3<\/strong> per donar la benvinguda als nostres nous amics europeus del projecte eTwinning. \ud83c\udfa5\u2728<br \/>\nEls nens i nenes de cada pa\u00eds han ensenyat la seva escola, les aules, els mestres i els espais que m\u00e9s els agraden, tot practicant l\u2019angl\u00e8s. \ud83c\udfeb\ud83d\udcac<br \/>\nHa estat una manera molt divertida de dir \u201chola\u201d als nostres companys de Su\u00e8cia, Fran\u00e7a i Gr\u00e8cia i de comen\u00e7ar plegats aquesta aventura europea. On ens portar\u00e0 aquest viatge? \ud83d\udd4a\ufe0f\ud83d\udc9b<\/p>\n","protected":false},"excerpt":{"rendered":"<p>Els nens i nenes de 6\u00e8 han gravat un v\u00eddeo de presentaci\u00f3 per donar la benvinguda als nostres nous amics europeus del projecte eTwinning. \ud83c\udfa5\u2728<br \/>\nEls nens i nenes de cada pa\u00eds han ensenyat la seva escola, les aules, els mestres i els espais que m\u00e9s&hellip;  <a href=\"https:\/\/agora.xtec.cat\/esc-jmaragall-sabadell\/general\/hola-europa-ja-estem-a-punt-per-volar-%f0%9f%8c%8d\/\" title=\"Read HOLA EUROPA! JA ESTEM A PUNT PER VOLAR! \ud83c\udf0d\">Llegeix m\u00e9s\u00bb<\/a><\/p>\n","protected":false},"author":167,"featured_media":0,"comment_status":"open","ping_status":"open","sticky":false,"template":"","format":"standard","meta":{"_bbp_topic_count":0,"_bbp_reply_count":0,"_bbp_total_topic_count":0,"_bbp_total_reply_count":0,"_bbp_voice_count":0,"_bbp_anonymous_reply_count":0,"_bbp_topic_count_hidden":0,"_bbp_reply_count_hidden":0,"_bbp_forum_subforum_count":0,"footnotes":""},"categories":[8,130,1,4,5],"tags":[],"class_list":["post-8544","post","type-post","status-publish","format-standard","hentry","category-8","category-angles","category-general","category-portada","category-primaria"],"post_mailing_queue_ids":[],"_links":{"self":[{"href":"https:\/\/agora.xtec.cat\/esc-jmaragall-sabadell\/wp-json\/wp\/v2\/posts\/8544","targetHints":{"allow":["GET"]}}],"collection":[{"href":"https:\/\/agora.xtec.cat\/esc-jmaragall-sabadell\/wp-json\/wp\/v2\/posts"}],"about":[{"href":"https:\/\/agora.xtec.cat\/esc-jmaragall-sabadell\/wp-json\/wp\/v2\/types\/post"}],"author":[{"embeddable":true,"href":"https:\/\/agora.xtec.cat\/esc-jmaragall-sabadell\/wp-json\/wp\/v2\/users\/167"}],"replies":[{"embeddable":true,"href":"https:\/\/agora.xtec.cat\/esc-jmaragall-sabadell\/wp-json\/wp\/v2\/comments?post=8544"}],"version-history":[{"count":2,"href":"https:\/\/agora.xtec.cat\/esc-jmaragall-sabadell\/wp-json\/wp\/v2\/posts\/8544\/revisions"}],"predecessor-version":[{"id":8546,"href":"https:\/\/agora.xtec.cat\/esc-jmaragall-sabadell\/wp-json\/wp\/v2\/posts\/8544\/revisions\/8546"}],"wp:attachment":[{"href":"https:\/\/agora.xtec.cat\/esc-jmaragall-sabadell\/wp-json\/wp\/v2\/media?parent=8544"}],"wp:term":[{"taxonomy":"category","embeddable":true,"href":"https:\/\/agora.xtec.cat\/esc-jmaragall-sabadell\/wp-json\/wp\/v2\/categories?post=8544"},{"taxonomy":"post_tag","embeddable":true,"href":"https:\/\/agora.xtec.cat\/esc-jmaragall-sabadell\/wp-json\/wp\/v2\/tags?post=8544"}],"curies":[{"name":"wp","href":"https:\/\/api.w.org\/{rel}","templated":true}]}}