{"id":8442,"date":"2025-06-12T14:56:06","date_gmt":"2025-06-12T12:56:06","guid":{"rendered":"https:\/\/agora.xtec.cat\/esc-jmaragall-sabadell\/?p=8442"},"modified":"2025-06-12T14:56:06","modified_gmt":"2025-06-12T12:56:06","slug":"toca-toca-amb-sise","status":"publish","type":"post","link":"https:\/\/agora.xtec.cat\/esc-jmaragall-sabadell\/general\/toca-toca-amb-sise\/","title":{"rendered":"TOCA-TOCA AMB SIS\u00c8!"},"content":{"rendered":"<p>El passat 28 de maig les nenes i nens de sis\u00e8 van anar al Parc de les Morisques de Sant Quirze del Vall\u00e8s per participar en el projecte musical multiescolar &#8220;Toca-toca&#8221;.<\/p>\n<p>Vam passar un mat\u00ed molt especial amb v\u00e0ries escoles de la localitzat de Sant Quirze i Sabadell i amb en Santi Serratosa, m\u00fasic i organitzador del projecte.<\/p>\n<p>Aquesta trobada va ser el final d&#8217;una feina de mesos i mesos a l&#8217;escola. Tots els infants ho van fer super b\u00e9!<\/p>\n<p><iframe loading=\"lazy\" title=\"TOCA TOCA 2025 - Cap amunt\" width=\"500\" height=\"281\" src=\"https:\/\/www.youtube.com\/embed\/WP1_GxlNrMs?feature=oembed\" frameborder=\"0\" allow=\"accelerometer; autoplay; clipboard-write; encrypted-media; gyroscope; picture-in-picture; web-share\" referrerpolicy=\"strict-origin-when-cross-origin\" allowfullscreen><\/iframe><\/p>\n<p><iframe loading=\"lazy\" title=\"TOCA TOCA 2025 - Petar-ho\" width=\"500\" height=\"281\" src=\"https:\/\/www.youtube.com\/embed\/Rj42nPuHlFk?feature=oembed\" frameborder=\"0\" allow=\"accelerometer; autoplay; clipboard-write; encrypted-media; gyroscope; picture-in-picture; web-share\" referrerpolicy=\"strict-origin-when-cross-origin\" allowfullscreen><\/iframe><\/p>\n","protected":false},"excerpt":{"rendered":"<p>El passat 28 de maig les nenes i nens de sis\u00e8 van anar al Parc de les Morisques de Sant Quirze del Vall\u00e8s per participar en el projecte musical multiescolar &#8220;Toca-toca&#8221;.<br \/>\nVam passar un mat\u00ed molt especial amb v\u00e0ries escoles de la localitzat de Sant Quirze&hellip;  <a href=\"https:\/\/agora.xtec.cat\/esc-jmaragall-sabadell\/general\/toca-toca-amb-sise\/\" title=\"Read TOCA-TOCA AMB SIS\u00c8!\">Llegeix m\u00e9s\u00bb<\/a><\/p>\n","protected":false},"author":151,"featured_media":8447,"comment_status":"open","ping_status":"open","sticky":false,"template":"","format":"standard","meta":{"_bbp_topic_count":0,"_bbp_reply_count":0,"_bbp_total_topic_count":0,"_bbp_total_reply_count":0,"_bbp_voice_count":0,"_bbp_anonymous_reply_count":0,"_bbp_topic_count_hidden":0,"_bbp_reply_count_hidden":0,"_bbp_forum_subforum_count":0,"footnotes":""},"categories":[8,1,61,4,5],"tags":[],"class_list":["post-8442","post","type-post","status-publish","format-standard","has-post-thumbnail","hentry","category-8","category-general","category-musica","category-portada","category-primaria"],"post_mailing_queue_ids":[],"_links":{"self":[{"href":"https:\/\/agora.xtec.cat\/esc-jmaragall-sabadell\/wp-json\/wp\/v2\/posts\/8442","targetHints":{"allow":["GET"]}}],"collection":[{"href":"https:\/\/agora.xtec.cat\/esc-jmaragall-sabadell\/wp-json\/wp\/v2\/posts"}],"about":[{"href":"https:\/\/agora.xtec.cat\/esc-jmaragall-sabadell\/wp-json\/wp\/v2\/types\/post"}],"author":[{"embeddable":true,"href":"https:\/\/agora.xtec.cat\/esc-jmaragall-sabadell\/wp-json\/wp\/v2\/users\/151"}],"replies":[{"embeddable":true,"href":"https:\/\/agora.xtec.cat\/esc-jmaragall-sabadell\/wp-json\/wp\/v2\/comments?post=8442"}],"version-history":[{"count":5,"href":"https:\/\/agora.xtec.cat\/esc-jmaragall-sabadell\/wp-json\/wp\/v2\/posts\/8442\/revisions"}],"predecessor-version":[{"id":8455,"href":"https:\/\/agora.xtec.cat\/esc-jmaragall-sabadell\/wp-json\/wp\/v2\/posts\/8442\/revisions\/8455"}],"wp:featuredmedia":[{"embeddable":true,"href":"https:\/\/agora.xtec.cat\/esc-jmaragall-sabadell\/wp-json\/wp\/v2\/media\/8447"}],"wp:attachment":[{"href":"https:\/\/agora.xtec.cat\/esc-jmaragall-sabadell\/wp-json\/wp\/v2\/media?parent=8442"}],"wp:term":[{"taxonomy":"category","embeddable":true,"href":"https:\/\/agora.xtec.cat\/esc-jmaragall-sabadell\/wp-json\/wp\/v2\/categories?post=8442"},{"taxonomy":"post_tag","embeddable":true,"href":"https:\/\/agora.xtec.cat\/esc-jmaragall-sabadell\/wp-json\/wp\/v2\/tags?post=8442"}],"curies":[{"name":"wp","href":"https:\/\/api.w.org\/{rel}","templated":true}]}}