{"id":8433,"date":"2025-05-13T13:36:09","date_gmt":"2025-05-13T11:36:09","guid":{"rendered":"https:\/\/agora.xtec.cat\/esc-jmaragall-sabadell\/?p=8433"},"modified":"2025-06-12T14:46:41","modified_gmt":"2025-06-12T12:46:41","slug":"cantata-tarla-a-la-farandula","status":"publish","type":"post","link":"https:\/\/agora.xtec.cat\/esc-jmaragall-sabadell\/general\/cantata-tarla-a-la-farandula\/","title":{"rendered":"CANTATA &#8220;TARL\u00c0&#8221; A LA FAR\u00c0NDULA"},"content":{"rendered":"<p>Aquest divendres 19 de maig, els cantaires de la Coraleta de grans van fer un concert al teatre la Far\u00e0ndula. Despr\u00e9s de tot un curs treballant de molt\u00edssim, van presentar juntament amb les escoles Joaquim Blume, escola Vedruna i Sant Nicolau la cantata \u201cTarl\u00e0\u201d. Una cantata creada pels sabadellencs Francesc Membrives i Anna Fit\u00e9 i que tracta sobre el llibre &#8220;Sopa de menta amb picarols&#8221;.<\/p>\n<p>Una cantata plena de m\u00e0gia i sorpreses! Cantants, ballarins i m\u00fasics!<\/p>\n<p>A continuaci\u00f3, us deixem algunes fotografies d\u2019un dia molt emocionant!<\/p>\n<p><iframe loading=\"lazy\" title=\"Envoltada de fades - Cantata Tarl\u00e0\" width=\"500\" height=\"281\" src=\"https:\/\/www.youtube.com\/embed\/L-r8PRrYqR4?feature=oembed\" frameborder=\"0\" allow=\"accelerometer; autoplay; clipboard-write; encrypted-media; gyroscope; picture-in-picture; web-share\" referrerpolicy=\"strict-origin-when-cross-origin\" allowfullscreen><\/iframe><\/p>\n<p>&nbsp;<\/p>\n<p><a href=\"https:\/\/agora.xtec.cat\/esc-jmaragall-sabadell\/wp-content\/uploads\/usu1082\/2025\/06\/IMG_5875-1-scaled.jpg\"><img loading=\"lazy\" decoding=\"async\" class=\"alignnone wp-image-8436 size-medium\" src=\"https:\/\/agora.xtec.cat\/esc-jmaragall-sabadell\/wp-content\/uploads\/usu1082\/2025\/06\/IMG_5875-1-300x225.jpg\" alt=\"\" width=\"300\" height=\"225\" srcset=\"https:\/\/agora.xtec.cat\/esc-jmaragall-sabadell\/wp-content\/uploads\/usu1082\/2025\/06\/IMG_5875-1-300x225.jpg 300w, https:\/\/agora.xtec.cat\/esc-jmaragall-sabadell\/wp-content\/uploads\/usu1082\/2025\/06\/IMG_5875-1-1024x768.jpg 1024w, https:\/\/agora.xtec.cat\/esc-jmaragall-sabadell\/wp-content\/uploads\/usu1082\/2025\/06\/IMG_5875-1-768x576.jpg 768w, https:\/\/agora.xtec.cat\/esc-jmaragall-sabadell\/wp-content\/uploads\/usu1082\/2025\/06\/IMG_5875-1-1536x1152.jpg 1536w, https:\/\/agora.xtec.cat\/esc-jmaragall-sabadell\/wp-content\/uploads\/usu1082\/2025\/06\/IMG_5875-1-2048x1536.jpg 2048w, https:\/\/agora.xtec.cat\/esc-jmaragall-sabadell\/wp-content\/uploads\/usu1082\/2025\/06\/IMG_5875-1-200x150.jpg 200w\" sizes=\"auto, (max-width: 300px) 100vw, 300px\" \/><\/a><\/p>\n<p><a href=\"https:\/\/agora.xtec.cat\/esc-jmaragall-sabadell\/wp-content\/uploads\/usu1082\/2025\/06\/2.png\"><img loading=\"lazy\" decoding=\"async\" class=\"alignnone wp-image-8437 size-medium\" src=\"https:\/\/agora.xtec.cat\/esc-jmaragall-sabadell\/wp-content\/uploads\/usu1082\/2025\/06\/2-300x221.png\" alt=\"\" width=\"300\" height=\"221\" srcset=\"https:\/\/agora.xtec.cat\/esc-jmaragall-sabadell\/wp-content\/uploads\/usu1082\/2025\/06\/2-300x221.png 300w, https:\/\/agora.xtec.cat\/esc-jmaragall-sabadell\/wp-content\/uploads\/usu1082\/2025\/06\/2-768x565.png 768w, https:\/\/agora.xtec.cat\/esc-jmaragall-sabadell\/wp-content\/uploads\/usu1082\/2025\/06\/2.png 809w\" sizes=\"auto, (max-width: 300px) 100vw, 300px\" \/><\/a><\/p>\n<p><a href=\"https:\/\/agora.xtec.cat\/esc-jmaragall-sabadell\/wp-content\/uploads\/usu1082\/2025\/06\/1.png\"><img loading=\"lazy\" decoding=\"async\" class=\"alignnone wp-image-8438 size-medium\" src=\"https:\/\/agora.xtec.cat\/esc-jmaragall-sabadell\/wp-content\/uploads\/usu1082\/2025\/06\/1-300x224.png\" alt=\"\" width=\"300\" height=\"224\" srcset=\"https:\/\/agora.xtec.cat\/esc-jmaragall-sabadell\/wp-content\/uploads\/usu1082\/2025\/06\/1-300x224.png 300w, https:\/\/agora.xtec.cat\/esc-jmaragall-sabadell\/wp-content\/uploads\/usu1082\/2025\/06\/1-768x572.png 768w, https:\/\/agora.xtec.cat\/esc-jmaragall-sabadell\/wp-content\/uploads\/usu1082\/2025\/06\/1-200x150.png 200w, https:\/\/agora.xtec.cat\/esc-jmaragall-sabadell\/wp-content\/uploads\/usu1082\/2025\/06\/1.png 816w\" sizes=\"auto, (max-width: 300px) 100vw, 300px\" \/><\/a><\/p>\n<p>&nbsp;<\/p>\n","protected":false},"excerpt":{"rendered":"<p>Aquest divendres 19 de maig, els cantaires de la Coraleta de grans van fer un concert al teatre la Far\u00e0ndula. Despr\u00e9s de tot un curs treballant de molt\u00edssim, van presentar juntament amb les escoles Joaquim Blume, escola Vedruna i Sant Nicolau la cantata \u201cTarl\u00e0\u201d. Una&hellip;  <a href=\"https:\/\/agora.xtec.cat\/esc-jmaragall-sabadell\/general\/cantata-tarla-a-la-farandula\/\" title=\"Read CANTATA &#8220;TARL\u00c0&#8221; A LA FAR\u00c0NDULA\">Llegeix m\u00e9s\u00bb<\/a><\/p>\n","protected":false},"author":151,"featured_media":8438,"comment_status":"open","ping_status":"open","sticky":false,"template":"","format":"standard","meta":{"_bbp_topic_count":0,"_bbp_reply_count":0,"_bbp_total_topic_count":0,"_bbp_total_reply_count":0,"_bbp_voice_count":0,"_bbp_anonymous_reply_count":0,"_bbp_topic_count_hidden":0,"_bbp_reply_count_hidden":0,"_bbp_forum_subforum_count":0,"footnotes":""},"categories":[60,1,61,4],"tags":[],"class_list":["post-8433","post","type-post","status-publish","format-standard","has-post-thumbnail","hentry","category-coraleta","category-general","category-musica","category-portada"],"post_mailing_queue_ids":[],"_links":{"self":[{"href":"https:\/\/agora.xtec.cat\/esc-jmaragall-sabadell\/wp-json\/wp\/v2\/posts\/8433","targetHints":{"allow":["GET"]}}],"collection":[{"href":"https:\/\/agora.xtec.cat\/esc-jmaragall-sabadell\/wp-json\/wp\/v2\/posts"}],"about":[{"href":"https:\/\/agora.xtec.cat\/esc-jmaragall-sabadell\/wp-json\/wp\/v2\/types\/post"}],"author":[{"embeddable":true,"href":"https:\/\/agora.xtec.cat\/esc-jmaragall-sabadell\/wp-json\/wp\/v2\/users\/151"}],"replies":[{"embeddable":true,"href":"https:\/\/agora.xtec.cat\/esc-jmaragall-sabadell\/wp-json\/wp\/v2\/comments?post=8433"}],"version-history":[{"count":5,"href":"https:\/\/agora.xtec.cat\/esc-jmaragall-sabadell\/wp-json\/wp\/v2\/posts\/8433\/revisions"}],"predecessor-version":[{"id":8452,"href":"https:\/\/agora.xtec.cat\/esc-jmaragall-sabadell\/wp-json\/wp\/v2\/posts\/8433\/revisions\/8452"}],"wp:featuredmedia":[{"embeddable":true,"href":"https:\/\/agora.xtec.cat\/esc-jmaragall-sabadell\/wp-json\/wp\/v2\/media\/8438"}],"wp:attachment":[{"href":"https:\/\/agora.xtec.cat\/esc-jmaragall-sabadell\/wp-json\/wp\/v2\/media?parent=8433"}],"wp:term":[{"taxonomy":"category","embeddable":true,"href":"https:\/\/agora.xtec.cat\/esc-jmaragall-sabadell\/wp-json\/wp\/v2\/categories?post=8433"},{"taxonomy":"post_tag","embeddable":true,"href":"https:\/\/agora.xtec.cat\/esc-jmaragall-sabadell\/wp-json\/wp\/v2\/tags?post=8433"}],"curies":[{"name":"wp","href":"https:\/\/api.w.org\/{rel}","templated":true}]}}