{"id":8406,"date":"2025-06-04T12:39:43","date_gmt":"2025-06-04T10:39:43","guid":{"rendered":"https:\/\/agora.xtec.cat\/esc-jmaragall-sabadell\/?p=8406"},"modified":"2025-06-12T14:57:30","modified_gmt":"2025-06-12T12:57:30","slug":"mediterranean-gastronomic-tour-%f0%9f%8c%8d%f0%9f%8d%85%f0%9f%8e%ac","status":"publish","type":"post","link":"https:\/\/agora.xtec.cat\/esc-jmaragall-sabadell\/portada\/mediterranean-gastronomic-tour-%f0%9f%8c%8d%f0%9f%8d%85%f0%9f%8e%ac\/","title":{"rendered":"MEDITERRANEAN GASTRONOMIC TOUR \ud83c\udf0d\ud83c\udf45\ud83c\udfac"},"content":{"rendered":"<p data-start=\"211\" data-end=\"379\">Aquest trimestre, els alumnes de 3r i 4t han participat en una activitat deliciosa dins del projecte eTwinning <em data-start=\"322\" data-end=\"334\">BrosFamily<\/em>: el <strong data-start=\"339\" data-end=\"373\">Mediterranean Gastronomic Tour<\/strong>! \ud83c\udf46\ud83c\udf4a<\/p>\n<p><iframe loading=\"lazy\" title=\"Mediterranean Gastronomic Tour  (eTwinning project, The Bro&#039;s Family)\" width=\"500\" height=\"281\" src=\"https:\/\/www.youtube.com\/embed\/61RWyDz80Oc?feature=oembed\" frameborder=\"0\" allow=\"accelerometer; autoplay; clipboard-write; encrypted-media; gyroscope; picture-in-picture; web-share\" referrerpolicy=\"strict-origin-when-cross-origin\" allowfullscreen><\/iframe><\/p>\n<p data-start=\"381\" data-end=\"772\">Inspirats pel reconeixement de Catalunya com a Regi\u00f3 Gastron\u00f2mica del Mediterrani 2025, hem col\u00b7laborat amb escoles d\u2019It\u00e0lia per fer un viatge virtual per la cuina mediterr\u00e0nia. Cada grup d\u2019alumnes ha preparat un v\u00eddeo curt presentant un aliment saludable i tradicional del nostre entorn: han explicat d\u2019on prov\u00e9, per qu\u00e8 \u00e9s bo per a la salut, com es menja i fins i tot alguna curiositat! \ud83d\ude0b<\/p>\n<p data-start=\"774\" data-end=\"994\">Amb <em data-start=\"778\" data-end=\"792\">green screen<\/em>, creativitat i molt d\u2019angl\u00e8s, han creat v\u00eddeos din\u00e0mics i divertits, refor\u00e7ant la compet\u00e8ncia digital i la consci\u00e8ncia cultural.<br data-start=\"921\" data-end=\"924\" \/>Un tastet de Mediterrani en format audiovisual&#8230; <em data-start=\"974\" data-end=\"983\">Try it!<\/em> \ud83c\uddee\ud83c\uddf9\ud83c\udf3f<\/p>\n","protected":false},"excerpt":{"rendered":"<p>Aquest trimestre, els alumnes de 3r i 4t han participat en una activitat deliciosa dins del projecte eTwinning BrosFamily: el Mediterranean Gastronomic Tour! \ud83c\udf46\ud83c\udf4a<\/p>\n<p>Inspirats pel reconeixement de Catalunya com a Regi\u00f3 Gastron\u00f2mica del Mediterrani 2025, hem col\u00b7laborat amb escoles d\u2019It\u00e0lia per fer un viatge virtual&hellip;  <a href=\"https:\/\/agora.xtec.cat\/esc-jmaragall-sabadell\/portada\/mediterranean-gastronomic-tour-%f0%9f%8c%8d%f0%9f%8d%85%f0%9f%8e%ac\/\" title=\"Read MEDITERRANEAN GASTRONOMIC TOUR \ud83c\udf0d\ud83c\udf45\ud83c\udfac\">Llegeix m\u00e9s\u00bb<\/a><\/p>\n","protected":false},"author":167,"featured_media":0,"comment_status":"open","ping_status":"open","sticky":false,"template":"","format":"standard","meta":{"_bbp_topic_count":0,"_bbp_reply_count":0,"_bbp_total_topic_count":0,"_bbp_total_reply_count":0,"_bbp_voice_count":0,"_bbp_anonymous_reply_count":0,"_bbp_topic_count_hidden":0,"_bbp_reply_count_hidden":0,"_bbp_forum_subforum_count":0,"footnotes":""},"categories":[130,4,5],"tags":[],"class_list":["post-8406","post","type-post","status-publish","format-standard","hentry","category-angles","category-portada","category-primaria"],"post_mailing_queue_ids":[],"_links":{"self":[{"href":"https:\/\/agora.xtec.cat\/esc-jmaragall-sabadell\/wp-json\/wp\/v2\/posts\/8406","targetHints":{"allow":["GET"]}}],"collection":[{"href":"https:\/\/agora.xtec.cat\/esc-jmaragall-sabadell\/wp-json\/wp\/v2\/posts"}],"about":[{"href":"https:\/\/agora.xtec.cat\/esc-jmaragall-sabadell\/wp-json\/wp\/v2\/types\/post"}],"author":[{"embeddable":true,"href":"https:\/\/agora.xtec.cat\/esc-jmaragall-sabadell\/wp-json\/wp\/v2\/users\/167"}],"replies":[{"embeddable":true,"href":"https:\/\/agora.xtec.cat\/esc-jmaragall-sabadell\/wp-json\/wp\/v2\/comments?post=8406"}],"version-history":[{"count":2,"href":"https:\/\/agora.xtec.cat\/esc-jmaragall-sabadell\/wp-json\/wp\/v2\/posts\/8406\/revisions"}],"predecessor-version":[{"id":8458,"href":"https:\/\/agora.xtec.cat\/esc-jmaragall-sabadell\/wp-json\/wp\/v2\/posts\/8406\/revisions\/8458"}],"wp:attachment":[{"href":"https:\/\/agora.xtec.cat\/esc-jmaragall-sabadell\/wp-json\/wp\/v2\/media?parent=8406"}],"wp:term":[{"taxonomy":"category","embeddable":true,"href":"https:\/\/agora.xtec.cat\/esc-jmaragall-sabadell\/wp-json\/wp\/v2\/categories?post=8406"},{"taxonomy":"post_tag","embeddable":true,"href":"https:\/\/agora.xtec.cat\/esc-jmaragall-sabadell\/wp-json\/wp\/v2\/tags?post=8406"}],"curies":[{"name":"wp","href":"https:\/\/api.w.org\/{rel}","templated":true}]}}