{"id":8401,"date":"2025-06-01T15:07:07","date_gmt":"2025-06-01T13:07:07","guid":{"rendered":"https:\/\/agora.xtec.cat\/esc-jmaragall-sabadell\/?p=8401"},"modified":"2025-07-04T13:15:38","modified_gmt":"2025-07-04T11:15:38","slug":"sortida-a-laquarium","status":"publish","type":"post","link":"https:\/\/agora.xtec.cat\/esc-jmaragall-sabadell\/general\/sortida-a-laquarium\/","title":{"rendered":"SORTIDA A L&#8217;AQU\u00c0RIUM"},"content":{"rendered":"<p data-pm-slice=\"1 1 []\">El passat\u00a0 dilluns els infants de Cicle Inicial van visitar l&#8217;Aqu\u00e0rium de Barcelona, gr\u00e0cies al programa PMOE PROA+.<\/p>\n<p>All\u00e0 vam poder descobrir de molt a prop la vida marina d&#8217;una gran varietat de peixos i plantes, i vam poder aprendre les caracter\u00edstiques i els aspectes m\u00e9s importants dels seus ecosistemes.<\/p>\n<p>A m\u00e9s, vam realitzar un taller on ens vam convertir en investigadors experts sobre un cas real per saber que havia passat. En aquest taller anomenat &#8220;Investiguem els taurons&#8221;, a partir del treball en equip i l&#8217;observaci\u00f3 de mostres biol\u00f2giques, vam poder con\u00e8ixer com s\u00f3n, com neixen i que mengen els taurons.<\/p>\n<p>Va ser una activitat molt divertida i significativa.<\/p>\n<p>Ho vam passar genial!<\/p>\n<p><iframe loading=\"lazy\" title=\"Aqu\u00e0rium CI -  2025\" width=\"500\" height=\"281\" src=\"https:\/\/www.youtube.com\/embed\/nmv26OtJ89Y?feature=oembed\" frameborder=\"0\" allow=\"accelerometer; autoplay; clipboard-write; encrypted-media; gyroscope; picture-in-picture; web-share\" referrerpolicy=\"strict-origin-when-cross-origin\" allowfullscreen><\/iframe><\/p>\n<p>&nbsp;<\/p>\n<p><a href=\"https:\/\/agora.xtec.cat\/esc-jmaragall-sabadell\/wp-content\/uploads\/usu1082\/2025\/06\/logo-europeu.png\"><img loading=\"lazy\" decoding=\"async\" class=\"alignnone  wp-image-8510\" src=\"https:\/\/agora.xtec.cat\/esc-jmaragall-sabadell\/wp-content\/uploads\/usu1082\/2025\/06\/logo-europeu-1024x202.png\" alt=\"\" width=\"826\" height=\"163\" srcset=\"https:\/\/agora.xtec.cat\/esc-jmaragall-sabadell\/wp-content\/uploads\/usu1082\/2025\/06\/logo-europeu-1024x202.png 1024w, https:\/\/agora.xtec.cat\/esc-jmaragall-sabadell\/wp-content\/uploads\/usu1082\/2025\/06\/logo-europeu-300x59.png 300w, https:\/\/agora.xtec.cat\/esc-jmaragall-sabadell\/wp-content\/uploads\/usu1082\/2025\/06\/logo-europeu-768x152.png 768w, https:\/\/agora.xtec.cat\/esc-jmaragall-sabadell\/wp-content\/uploads\/usu1082\/2025\/06\/logo-europeu-1536x303.png 1536w, https:\/\/agora.xtec.cat\/esc-jmaragall-sabadell\/wp-content\/uploads\/usu1082\/2025\/06\/logo-europeu.png 1900w\" sizes=\"auto, (max-width: 826px) 100vw, 826px\" \/><\/a><\/p>\n","protected":false},"excerpt":{"rendered":"<p>El passat\u00a0 dilluns els infants de Cicle Inicial van visitar l&#8217;Aqu\u00e0rium de Barcelona, gr\u00e0cies al programa PMOE PROA+.<br \/>\nAll\u00e0 vam poder descobrir de molt a prop la vida marina d&#8217;una gran varietat de peixos i plantes, i vam poder aprendre les caracter\u00edstiques i els aspectes m\u00e9s&hellip;  <a href=\"https:\/\/agora.xtec.cat\/esc-jmaragall-sabadell\/general\/sortida-a-laquarium\/\" title=\"Read SORTIDA A L&#8217;AQU\u00c0RIUM\">Llegeix m\u00e9s\u00bb<\/a><\/p>\n","protected":false},"author":99,"featured_media":8402,"comment_status":"open","ping_status":"closed","sticky":false,"template":"","format":"standard","meta":{"_bbp_topic_count":0,"_bbp_reply_count":0,"_bbp_total_topic_count":0,"_bbp_total_reply_count":0,"_bbp_voice_count":0,"_bbp_anonymous_reply_count":0,"_bbp_topic_count_hidden":0,"_bbp_reply_count_hidden":0,"_bbp_forum_subforum_count":0,"footnotes":""},"categories":[245,219,1,4,5],"tags":[],"class_list":["post-8401","post","type-post","status-publish","format-standard","has-post-thumbnail","hentry","category-245","category-219","category-general","category-portada","category-primaria"],"post_mailing_queue_ids":[],"_links":{"self":[{"href":"https:\/\/agora.xtec.cat\/esc-jmaragall-sabadell\/wp-json\/wp\/v2\/posts\/8401","targetHints":{"allow":["GET"]}}],"collection":[{"href":"https:\/\/agora.xtec.cat\/esc-jmaragall-sabadell\/wp-json\/wp\/v2\/posts"}],"about":[{"href":"https:\/\/agora.xtec.cat\/esc-jmaragall-sabadell\/wp-json\/wp\/v2\/types\/post"}],"author":[{"embeddable":true,"href":"https:\/\/agora.xtec.cat\/esc-jmaragall-sabadell\/wp-json\/wp\/v2\/users\/99"}],"replies":[{"embeddable":true,"href":"https:\/\/agora.xtec.cat\/esc-jmaragall-sabadell\/wp-json\/wp\/v2\/comments?post=8401"}],"version-history":[{"count":4,"href":"https:\/\/agora.xtec.cat\/esc-jmaragall-sabadell\/wp-json\/wp\/v2\/posts\/8401\/revisions"}],"predecessor-version":[{"id":8512,"href":"https:\/\/agora.xtec.cat\/esc-jmaragall-sabadell\/wp-json\/wp\/v2\/posts\/8401\/revisions\/8512"}],"wp:featuredmedia":[{"embeddable":true,"href":"https:\/\/agora.xtec.cat\/esc-jmaragall-sabadell\/wp-json\/wp\/v2\/media\/8402"}],"wp:attachment":[{"href":"https:\/\/agora.xtec.cat\/esc-jmaragall-sabadell\/wp-json\/wp\/v2\/media?parent=8401"}],"wp:term":[{"taxonomy":"category","embeddable":true,"href":"https:\/\/agora.xtec.cat\/esc-jmaragall-sabadell\/wp-json\/wp\/v2\/categories?post=8401"},{"taxonomy":"post_tag","embeddable":true,"href":"https:\/\/agora.xtec.cat\/esc-jmaragall-sabadell\/wp-json\/wp\/v2\/tags?post=8401"}],"curies":[{"name":"wp","href":"https:\/\/api.w.org\/{rel}","templated":true}]}}