{"id":8383,"date":"2025-05-06T12:50:27","date_gmt":"2025-05-06T10:50:27","guid":{"rendered":"https:\/\/agora.xtec.cat\/esc-jmaragall-sabadell\/?p=8383"},"modified":"2025-05-06T12:50:27","modified_gmt":"2025-05-06T10:50:27","slug":"maragalls-tv-weather-forecast","status":"publish","type":"post","link":"https:\/\/agora.xtec.cat\/esc-jmaragall-sabadell\/portada\/maragalls-tv-weather-forecast\/","title":{"rendered":"MARAGALL&#8217;S TV &#8211; WEATHER FORECAST"},"content":{"rendered":"<p><iframe loading=\"lazy\" title=\"Weather Forecast Year 1\" width=\"500\" height=\"281\" src=\"https:\/\/www.youtube.com\/embed\/rBrki9JIcqM?feature=oembed\" frameborder=\"0\" allow=\"accelerometer; autoplay; clipboard-write; encrypted-media; gyroscope; picture-in-picture; web-share\" referrerpolicy=\"strict-origin-when-cross-origin\" allowfullscreen><\/iframe><\/p>\n<p><strong data-start=\"116\" data-end=\"179\">Els nens i nenes de 1r us presentem &#8220;The Weather Forecast&#8221;!<\/strong><br data-start=\"179\" data-end=\"182\" \/>Despr\u00e9s de treballar el vocabulari del temps i la roba en angl\u00e8s, hem preparat amb molta il\u00b7lusi\u00f3 la nostra pr\u00f2pia previsi\u00f3 meteorol\u00f2gica per a diferents zones de Catalunya. Ens hem convertit en petits presentadors i presentadores del temps\u2026 en angl\u00e8s!<br data-start=\"434\" data-end=\"437\" \/>Esperem que gaudiu molt del v\u00eddeo tant com nosaltres hem gaudit preparant-lo.<\/p>\n","protected":false},"excerpt":{"rendered":"<p>Els nens i nenes de 1r us presentem &#8220;The Weather Forecast&#8221;!Despr\u00e9s de treballar el vocabulari del temps i la roba en angl\u00e8s, hem preparat amb molta il\u00b7lusi\u00f3 la nostra pr\u00f2pia previsi\u00f3 meteorol\u00f2gica per a diferents zones de Catalunya. Ens hem convertit en petits presentadors i&hellip;  <a href=\"https:\/\/agora.xtec.cat\/esc-jmaragall-sabadell\/portada\/maragalls-tv-weather-forecast\/\" title=\"Read MARAGALL&#8217;S TV &#8211; WEATHER FORECAST\">Llegeix m\u00e9s\u00bb<\/a><\/p>\n","protected":false},"author":167,"featured_media":0,"comment_status":"open","ping_status":"closed","sticky":false,"template":"","format":"standard","meta":{"_bbp_topic_count":0,"_bbp_reply_count":0,"_bbp_total_topic_count":0,"_bbp_total_reply_count":0,"_bbp_voice_count":0,"_bbp_anonymous_reply_count":0,"_bbp_topic_count_hidden":0,"_bbp_reply_count_hidden":0,"_bbp_forum_subforum_count":0,"footnotes":""},"categories":[130,4,5],"tags":[],"class_list":["post-8383","post","type-post","status-publish","format-standard","hentry","category-angles","category-portada","category-primaria"],"post_mailing_queue_ids":[],"_links":{"self":[{"href":"https:\/\/agora.xtec.cat\/esc-jmaragall-sabadell\/wp-json\/wp\/v2\/posts\/8383","targetHints":{"allow":["GET"]}}],"collection":[{"href":"https:\/\/agora.xtec.cat\/esc-jmaragall-sabadell\/wp-json\/wp\/v2\/posts"}],"about":[{"href":"https:\/\/agora.xtec.cat\/esc-jmaragall-sabadell\/wp-json\/wp\/v2\/types\/post"}],"author":[{"embeddable":true,"href":"https:\/\/agora.xtec.cat\/esc-jmaragall-sabadell\/wp-json\/wp\/v2\/users\/167"}],"replies":[{"embeddable":true,"href":"https:\/\/agora.xtec.cat\/esc-jmaragall-sabadell\/wp-json\/wp\/v2\/comments?post=8383"}],"version-history":[{"count":1,"href":"https:\/\/agora.xtec.cat\/esc-jmaragall-sabadell\/wp-json\/wp\/v2\/posts\/8383\/revisions"}],"predecessor-version":[{"id":8384,"href":"https:\/\/agora.xtec.cat\/esc-jmaragall-sabadell\/wp-json\/wp\/v2\/posts\/8383\/revisions\/8384"}],"wp:attachment":[{"href":"https:\/\/agora.xtec.cat\/esc-jmaragall-sabadell\/wp-json\/wp\/v2\/media?parent=8383"}],"wp:term":[{"taxonomy":"category","embeddable":true,"href":"https:\/\/agora.xtec.cat\/esc-jmaragall-sabadell\/wp-json\/wp\/v2\/categories?post=8383"},{"taxonomy":"post_tag","embeddable":true,"href":"https:\/\/agora.xtec.cat\/esc-jmaragall-sabadell\/wp-json\/wp\/v2\/tags?post=8383"}],"curies":[{"name":"wp","href":"https:\/\/api.w.org\/{rel}","templated":true}]}}