{"id":8268,"date":"2025-04-01T17:40:53","date_gmt":"2025-04-01T15:40:53","guid":{"rendered":"https:\/\/agora.xtec.cat\/esc-jmaragall-sabadell\/?p=8268"},"modified":"2025-04-01T17:41:52","modified_gmt":"2025-04-01T15:41:52","slug":"laventura-dels-peixos-a-i3","status":"publish","type":"post","link":"https:\/\/agora.xtec.cat\/esc-jmaragall-sabadell\/general\/laventura-dels-peixos-a-i3\/","title":{"rendered":"L&#8217;aventura dels peixos a I3"},"content":{"rendered":"<div style=\"width: 1080px;\" class=\"wp-video\"><!--[if lt IE 9]><script>document.createElement('video');<\/script><![endif]-->\n<video class=\"wp-video-shortcode\" id=\"video-8268-1\" width=\"1080\" height=\"1920\" preload=\"metadata\" controls=\"controls\"><source type=\"video\/mp4\" src=\"https:\/\/agora.xtec.cat\/esc-jmaragall-sabadell\/wp-content\/uploads\/usu1082\/2025\/04\/Projecte-els-Peixos-I3.mp4?_=1\" \/><a href=\"https:\/\/agora.xtec.cat\/esc-jmaragall-sabadell\/wp-content\/uploads\/usu1082\/2025\/04\/Projecte-els-Peixos-I3.mp4\">https:\/\/agora.xtec.cat\/esc-jmaragall-sabadell\/wp-content\/uploads\/usu1082\/2025\/04\/Projecte-els-Peixos-I3.mp4<\/a><\/video><\/div>\n<p>&nbsp;<\/p>\n<p class=\"\" data-start=\"0\" data-end=\"452\">A la classe de I3 estem portant a terme un projecte sobre els peixos que ens t\u00e9 molt emocionats! Vam fer una sortida a l&#8217;aqu\u00e0rium on vam veure molts tipus de peixos i vam aprendre curiositats molt interessants. Per exemple, vam descobrir que els peixos amb colors m\u00e9s vius solen viure en aigua calenta, mentre que els que tenen colors m\u00e9s apagats prefereixen l\u2019aigua freda. Tamb\u00e9 vam aprendre que els peixos amb la cua m\u00e9s arrodonida nedaven m\u00e9s lentament!<\/p>\n<p class=\"\" data-start=\"454\" data-end=\"739\">Per fer m\u00e9s divertit l\u2019aprenentatge, cada nen i nena ha creat el seu propi aqu\u00e0rium amb peixos, petxines, sorra i pedres. Estan molt il\u00b7lusionats i amb moltes ganes de seguir explorant i aprenent m\u00e9s sobre aquest m\u00f3n mar\u00ed tan fascinant. Sens dubte, aquest projecte est\u00e0 sent una experi\u00e8ncia enriquidora i plena de descobriments per a tots. Estem gaudint molt!<\/p>\n","protected":false},"excerpt":{"rendered":"<p><a href=\"https:\/\/agora.xtec.cat\/esc-jmaragall-sabadell\/wp-content\/uploads\/usu1082\/2025\/04\/Projecte-els-Peixos-I3.mp4\">https:\/\/agora.xtec.cat\/esc-jmaragall-sabadell\/wp-content\/uploads\/usu1082\/2025\/04\/Projecte-els-Peixos-I3.mp4<\/a><br \/>\n&nbsp;<br \/>\nA la classe de I3 estem portant a terme un projecte sobre els peixos que ens t\u00e9 molt emocionats! Vam fer una sortida a l&#8217;aqu\u00e0rium on vam veure molts tipus de peixos i vam aprendre curiositats molt interessants. Per exemple, vam descobrir que els&hellip;  <a href=\"https:\/\/agora.xtec.cat\/esc-jmaragall-sabadell\/general\/laventura-dels-peixos-a-i3\/\" title=\"Read L&#8217;aventura dels peixos a I3\">Llegeix m\u00e9s\u00bb<\/a><\/p>\n","protected":false},"author":100,"featured_media":0,"comment_status":"open","ping_status":"closed","sticky":false,"template":"","format":"standard","meta":{"_bbp_topic_count":0,"_bbp_reply_count":0,"_bbp_total_topic_count":0,"_bbp_total_reply_count":0,"_bbp_voice_count":0,"_bbp_anonymous_reply_count":0,"_bbp_topic_count_hidden":0,"_bbp_reply_count_hidden":0,"_bbp_forum_subforum_count":0,"footnotes":""},"categories":[1,2,4],"tags":[],"class_list":["post-8268","post","type-post","status-publish","format-standard","hentry","category-general","category-infantil","category-portada"],"post_mailing_queue_ids":[],"_links":{"self":[{"href":"https:\/\/agora.xtec.cat\/esc-jmaragall-sabadell\/wp-json\/wp\/v2\/posts\/8268","targetHints":{"allow":["GET"]}}],"collection":[{"href":"https:\/\/agora.xtec.cat\/esc-jmaragall-sabadell\/wp-json\/wp\/v2\/posts"}],"about":[{"href":"https:\/\/agora.xtec.cat\/esc-jmaragall-sabadell\/wp-json\/wp\/v2\/types\/post"}],"author":[{"embeddable":true,"href":"https:\/\/agora.xtec.cat\/esc-jmaragall-sabadell\/wp-json\/wp\/v2\/users\/100"}],"replies":[{"embeddable":true,"href":"https:\/\/agora.xtec.cat\/esc-jmaragall-sabadell\/wp-json\/wp\/v2\/comments?post=8268"}],"version-history":[{"count":1,"href":"https:\/\/agora.xtec.cat\/esc-jmaragall-sabadell\/wp-json\/wp\/v2\/posts\/8268\/revisions"}],"predecessor-version":[{"id":8270,"href":"https:\/\/agora.xtec.cat\/esc-jmaragall-sabadell\/wp-json\/wp\/v2\/posts\/8268\/revisions\/8270"}],"wp:attachment":[{"href":"https:\/\/agora.xtec.cat\/esc-jmaragall-sabadell\/wp-json\/wp\/v2\/media?parent=8268"}],"wp:term":[{"taxonomy":"category","embeddable":true,"href":"https:\/\/agora.xtec.cat\/esc-jmaragall-sabadell\/wp-json\/wp\/v2\/categories?post=8268"},{"taxonomy":"post_tag","embeddable":true,"href":"https:\/\/agora.xtec.cat\/esc-jmaragall-sabadell\/wp-json\/wp\/v2\/tags?post=8268"}],"curies":[{"name":"wp","href":"https:\/\/api.w.org\/{rel}","templated":true}]}}