{"id":8260,"date":"2025-03-26T14:48:46","date_gmt":"2025-03-26T13:48:46","guid":{"rendered":"https:\/\/agora.xtec.cat\/esc-jmaragall-sabadell\/?p=8260"},"modified":"2025-03-30T14:52:16","modified_gmt":"2025-03-30T12:52:16","slug":"xerrada-sobre-lalimentacio-saludable-amb-la-fundacio-ametller-origen","status":"publish","type":"post","link":"https:\/\/agora.xtec.cat\/esc-jmaragall-sabadell\/portada\/xerrada-sobre-lalimentacio-saludable-amb-la-fundacio-ametller-origen\/","title":{"rendered":"Xerrada sobre l&#8217;alimentaci\u00f3 saludable amb la Fundaci\u00f3 Ametller Origen."},"content":{"rendered":"<p><a href=\"https:\/\/agora.xtec.cat\/esc-jmaragall-sabadell\/wp-content\/uploads\/usu1082\/2025\/03\/images.png\"><img loading=\"lazy\" decoding=\"async\" class=\" wp-image-8261 aligncenter\" src=\"https:\/\/agora.xtec.cat\/esc-jmaragall-sabadell\/wp-content\/uploads\/usu1082\/2025\/03\/images.png\" alt=\"\" width=\"102\" height=\"75\" \/><\/a><\/p>\n<p>El passat divendres 21 de mar\u00e7, l\u2019alumnat va tenir l\u2019oportunitat de gaudir d\u2019una xerrada sobre alimentaci\u00f3 saludable a c\u00e0rrec d\u2019una representant de la Fundaci\u00f3 Ametller Origen.<\/p>\n<p>La sessi\u00f3 es va dividir en dues parts. En la primera, es va fer una explicaci\u00f3 te\u00f2rica sobre els diferents tipus d\u2019aliments segons els seus nutrients, amb un exemple molt significatiu sobre el sucre que va sorprendre i fer reflexionar els alumnes.<\/p>\n<p>A la segona part, en parelles, van posar en pr\u00e0ctica els coneixements adquirits creant un men\u00fa saludable a trav\u00e9s d\u2019una p\u00e0gina web de la fundaci\u00f3. Aquesta activitat els va permetre aplicar els conceptes apresos d\u2019una manera pr\u00e0ctica i divertida.<\/p>\n<p>Va ser una experi\u00e8ncia enriquidora que ens ajuda a continuar fomentant h\u00e0bits alimentaris saludables entre el nostre alumnat!<\/p>\n<p><a href=\"https:\/\/agora.xtec.cat\/esc-jmaragall-sabadell\/wp-content\/uploads\/usu1082\/2025\/03\/Brown-Cute-Illustrative-Quote-Bookmark-2-x-6-in-6-x-2-in.jpg\"><img loading=\"lazy\" decoding=\"async\" class=\"alignnone wp-image-8262\" src=\"https:\/\/agora.xtec.cat\/esc-jmaragall-sabadell\/wp-content\/uploads\/usu1082\/2025\/03\/Brown-Cute-Illustrative-Quote-Bookmark-2-x-6-in-6-x-2-in-1024x341.jpg\" alt=\"\" width=\"677\" height=\"225\" srcset=\"https:\/\/agora.xtec.cat\/esc-jmaragall-sabadell\/wp-content\/uploads\/usu1082\/2025\/03\/Brown-Cute-Illustrative-Quote-Bookmark-2-x-6-in-6-x-2-in-1024x341.jpg 1024w, https:\/\/agora.xtec.cat\/esc-jmaragall-sabadell\/wp-content\/uploads\/usu1082\/2025\/03\/Brown-Cute-Illustrative-Quote-Bookmark-2-x-6-in-6-x-2-in-300x100.jpg 300w, https:\/\/agora.xtec.cat\/esc-jmaragall-sabadell\/wp-content\/uploads\/usu1082\/2025\/03\/Brown-Cute-Illustrative-Quote-Bookmark-2-x-6-in-6-x-2-in-768x256.jpg 768w, https:\/\/agora.xtec.cat\/esc-jmaragall-sabadell\/wp-content\/uploads\/usu1082\/2025\/03\/Brown-Cute-Illustrative-Quote-Bookmark-2-x-6-in-6-x-2-in-1536x512.jpg 1536w, https:\/\/agora.xtec.cat\/esc-jmaragall-sabadell\/wp-content\/uploads\/usu1082\/2025\/03\/Brown-Cute-Illustrative-Quote-Bookmark-2-x-6-in-6-x-2-in.jpg 1800w\" sizes=\"auto, (max-width: 677px) 100vw, 677px\" \/><\/a><\/p>\n","protected":false},"excerpt":{"rendered":"<p><a href=\"https:\/\/agora.xtec.cat\/esc-jmaragall-sabadell\/wp-content\/uploads\/usu1082\/2025\/03\/images.png\"><\/a><br \/>\nEl passat divendres 21 de mar\u00e7, l\u2019alumnat va tenir l\u2019oportunitat de gaudir d\u2019una xerrada sobre alimentaci\u00f3 saludable a c\u00e0rrec d\u2019una representant de la Fundaci\u00f3 Ametller Origen.<br \/>\nLa sessi\u00f3 es va dividir en dues parts. En la primera, es va fer una explicaci\u00f3 te\u00f2rica sobre els&hellip;  <a href=\"https:\/\/agora.xtec.cat\/esc-jmaragall-sabadell\/portada\/xerrada-sobre-lalimentacio-saludable-amb-la-fundacio-ametller-origen\/\" title=\"Read Xerrada sobre l&#8217;alimentaci\u00f3 saludable amb la Fundaci\u00f3 Ametller Origen.\">Llegeix m\u00e9s\u00bb<\/a><\/p>\n","protected":false},"author":149,"featured_media":8261,"comment_status":"open","ping_status":"closed","sticky":false,"template":"","format":"standard","meta":{"_bbp_topic_count":0,"_bbp_reply_count":0,"_bbp_total_topic_count":0,"_bbp_total_reply_count":0,"_bbp_voice_count":0,"_bbp_anonymous_reply_count":0,"_bbp_topic_count_hidden":0,"_bbp_reply_count_hidden":0,"_bbp_forum_subforum_count":0,"footnotes":""},"categories":[120,4],"tags":[297,313,316],"class_list":["post-8260","post","type-post","status-publish","format-standard","has-post-thumbnail","hentry","category-120","category-portada","tag-alimentacio-saludable","tag-quart","tag-xerrada"],"post_mailing_queue_ids":[],"_links":{"self":[{"href":"https:\/\/agora.xtec.cat\/esc-jmaragall-sabadell\/wp-json\/wp\/v2\/posts\/8260","targetHints":{"allow":["GET"]}}],"collection":[{"href":"https:\/\/agora.xtec.cat\/esc-jmaragall-sabadell\/wp-json\/wp\/v2\/posts"}],"about":[{"href":"https:\/\/agora.xtec.cat\/esc-jmaragall-sabadell\/wp-json\/wp\/v2\/types\/post"}],"author":[{"embeddable":true,"href":"https:\/\/agora.xtec.cat\/esc-jmaragall-sabadell\/wp-json\/wp\/v2\/users\/149"}],"replies":[{"embeddable":true,"href":"https:\/\/agora.xtec.cat\/esc-jmaragall-sabadell\/wp-json\/wp\/v2\/comments?post=8260"}],"version-history":[{"count":2,"href":"https:\/\/agora.xtec.cat\/esc-jmaragall-sabadell\/wp-json\/wp\/v2\/posts\/8260\/revisions"}],"predecessor-version":[{"id":8264,"href":"https:\/\/agora.xtec.cat\/esc-jmaragall-sabadell\/wp-json\/wp\/v2\/posts\/8260\/revisions\/8264"}],"wp:featuredmedia":[{"embeddable":true,"href":"https:\/\/agora.xtec.cat\/esc-jmaragall-sabadell\/wp-json\/wp\/v2\/media\/8261"}],"wp:attachment":[{"href":"https:\/\/agora.xtec.cat\/esc-jmaragall-sabadell\/wp-json\/wp\/v2\/media?parent=8260"}],"wp:term":[{"taxonomy":"category","embeddable":true,"href":"https:\/\/agora.xtec.cat\/esc-jmaragall-sabadell\/wp-json\/wp\/v2\/categories?post=8260"},{"taxonomy":"post_tag","embeddable":true,"href":"https:\/\/agora.xtec.cat\/esc-jmaragall-sabadell\/wp-json\/wp\/v2\/tags?post=8260"}],"curies":[{"name":"wp","href":"https:\/\/api.w.org\/{rel}","templated":true}]}}