{"id":823,"date":"2017-03-04T12:51:00","date_gmt":"2017-03-04T11:51:00","guid":{"rendered":"http:\/\/agora.xtec.cat\/esc-jmaragall-sabadell\/?p=823"},"modified":"2017-03-04T12:51:00","modified_gmt":"2017-03-04T11:51:00","slug":"trobades-mus-e","status":"publish","type":"post","link":"https:\/\/agora.xtec.cat\/esc-jmaragall-sabadell\/general\/trobades-mus-e\/","title":{"rendered":"Trobades MUS-E"},"content":{"rendered":"<h5 style=\"text-align: justify;\">Aquest FEBRER ha estat for\u00e7a MUS-E per al professorat de l&#8217;Escola Joan Maragall!<\/h5>\n<p>&nbsp;<\/p>\n<p style=\"text-align: justify;\">Tres mestres del centre, la Evelyn Vaquero (tutora de 3er), l&#8217;Anna Ma\u00f1osa (tutora de 2n)\u00a0 i la Mito Ninot (tutora de P4)\u00a0 van assistir entre el 17 i 19 de febrer al\u00a0 <em><strong>XV Encuentro de Formaci\u00f3n de artistas MUS-E Convin-Arte<\/strong><\/em> a Miraflores de la Sierra (Madrid). La trobada va tenir lloc al centre de convencions de la Universidad Aut\u00f3noma de Madrid, <em>La Cristalera<\/em>.<\/p>\n<p style=\"text-align: justify;\">Durant la trobada es van donar a con\u00e8ixer els projectes i activitats de la RED MUS-E aix\u00ed com la metodologia de treball. Unes jornades molt interessants per intercanviar amb altres professionals aspectes metodol\u00f2gics i reflexions en la nostra intervenci\u00f3 socioeducativa com a docents a trav\u00e9s de les arts.<\/p>\n<p style=\"text-align: justify;\"><a href=\"http:\/\/agora.xtec.cat\/esc-jmaragall-sabadell\/wp-content\/uploads\/usu1082\/2017\/03\/DSC_0119.jpg\"><img loading=\"lazy\" decoding=\"async\" class=\"wp-image-826 aligncenter\" src=\"http:\/\/agora.xtec.cat\/esc-jmaragall-sabadell\/wp-content\/uploads\/usu1082\/2017\/03\/DSC_0119-1024x551.jpg\" alt=\"dsc_0119\" width=\"293\" height=\"158\" srcset=\"https:\/\/agora.xtec.cat\/esc-jmaragall-sabadell\/wp-content\/uploads\/usu1082\/2017\/03\/DSC_0119-1024x551.jpg 1024w, https:\/\/agora.xtec.cat\/esc-jmaragall-sabadell\/wp-content\/uploads\/usu1082\/2017\/03\/DSC_0119-300x161.jpg 300w, https:\/\/agora.xtec.cat\/esc-jmaragall-sabadell\/wp-content\/uploads\/usu1082\/2017\/03\/DSC_0119-768x413.jpg 768w\" sizes=\"auto, (max-width: 293px) 100vw, 293px\" \/><\/a><\/p>\n<p style=\"text-align: justify;\">La darrera setmana del mes, la Sarai Magraner, mestra d&#8217;Educaci\u00f3 F\u00edsica i Secret\u00e0ria del centre, va assistir juntament amb Na Carmen Arribas (artista de Madrid) i Na Violant Olivares (mestra de l&#8217;Escola Pepa Colomer, El Prat de Llobregat) com a representaci\u00f3 <em>MUS-E Espanya,<a href=\"http:\/\/agora.xtec.cat\/esc-jmaragall-sabadell\/wp-content\/uploads\/usu1082\/2017\/03\/IMG-20170224-WA0017.jpg\"><img loading=\"lazy\" decoding=\"async\" class=\"wp-image-824 alignleft\" src=\"http:\/\/agora.xtec.cat\/esc-jmaragall-sabadell\/wp-content\/uploads\/usu1082\/2017\/03\/IMG-20170224-WA0017-1024x576.jpg\" alt=\"img-20170224-wa0017\" width=\"281\" height=\"158\" srcset=\"https:\/\/agora.xtec.cat\/esc-jmaragall-sabadell\/wp-content\/uploads\/usu1082\/2017\/03\/IMG-20170224-WA0017-1024x576.jpg 1024w, https:\/\/agora.xtec.cat\/esc-jmaragall-sabadell\/wp-content\/uploads\/usu1082\/2017\/03\/IMG-20170224-WA0017-300x169.jpg 300w, https:\/\/agora.xtec.cat\/esc-jmaragall-sabadell\/wp-content\/uploads\/usu1082\/2017\/03\/IMG-20170224-WA0017-768x432.jpg 768w, https:\/\/agora.xtec.cat\/esc-jmaragall-sabadell\/wp-content\/uploads\/usu1082\/2017\/03\/IMG-20170224-WA0017.jpg 1600w\" sizes=\"auto, (max-width: 281px) 100vw, 281px\" \/><\/a><\/em> a la &#8220;<em>V Trobada Internacional <strong>Arte para la Motivaci\u00f3n&#8221; <\/strong><\/em>organitzada a la Ciutat de Viena (\u00c0ustria) amb Caritas der Erzdi\u00f6zese Wien com amfitriona.<\/p>\n<p style=\"text-align: justify;\">Durant l&#8217;esdeveniment es van exposar diferents exemples d&#8217;activitats art\u00edstiques MUS-E dutes a terme per l&#8217;alumnat de les escoles Pepa Colomer i Joan Maragall aix\u00ed com l&#8217;organitzaci\u00f3 del MUS-E als <a href=\"http:\/\/agora.xtec.cat\/esc-jmaragall-sabadell\/wp-content\/uploads\/usu1082\/2017\/03\/DSC_0121.jpg\"><img loading=\"lazy\" decoding=\"async\" class=\"wp-image-825 alignleft\" src=\"http:\/\/agora.xtec.cat\/esc-jmaragall-sabadell\/wp-content\/uploads\/usu1082\/2017\/03\/DSC_0121-1024x622.jpg\" alt=\"dsc_0121\" width=\"277\" height=\"168\" srcset=\"https:\/\/agora.xtec.cat\/esc-jmaragall-sabadell\/wp-content\/uploads\/usu1082\/2017\/03\/DSC_0121-1024x622.jpg 1024w, https:\/\/agora.xtec.cat\/esc-jmaragall-sabadell\/wp-content\/uploads\/usu1082\/2017\/03\/DSC_0121-300x182.jpg 300w, https:\/\/agora.xtec.cat\/esc-jmaragall-sabadell\/wp-content\/uploads\/usu1082\/2017\/03\/DSC_0121-768x466.jpg 768w\" sizes=\"auto, (max-width: 277px) 100vw, 277px\" \/><\/a>centres, la metodologia de treball i la implicaci\u00f3 dels mestres dels dos claustres en els projectes art\u00edstics.<\/p>\n<p style=\"text-align: justify;\">Agra\u00efm a la FYME (Fundaci\u00f3n Yehudi Menuhin Espa\u00f1a) haver-nos donat aquestes dues oportunitats que ens han servit d&#8217;inspiraci\u00f3 i motivaci\u00f3 per continuar il\u00b7lusionant-nos m\u00e9s en la nostra tasca di\u00e0ria amb els infants.<\/p>\n<p style=\"text-align: center;\"><em>No es pot ser ni mestre ni educador sense ser un bon.. ARTISTA.<\/em><\/p>\n","protected":false},"excerpt":{"rendered":"<p>Aquest FEBRER ha estat for\u00e7a MUS-E per al professorat de l&#8217;Escola Joan Maragall!<br \/>\n&nbsp;<br \/>\nTres mestres del centre, la Evelyn Vaquero (tutora de 3er), l&#8217;Anna Ma\u00f1osa (tutora de 2n)\u00a0 i la Mito Ninot (tutora de P4)\u00a0 van assistir entre el 17 i 19 de febrer al\u00a0 XV&hellip;  <a href=\"https:\/\/agora.xtec.cat\/esc-jmaragall-sabadell\/general\/trobades-mus-e\/\" title=\"Read Trobades MUS-E\">Llegeix m\u00e9s\u00bb<\/a><\/p>\n","protected":false},"author":1,"featured_media":826,"comment_status":"open","ping_status":"open","sticky":false,"template":"","format":"standard","meta":{"_bbp_topic_count":0,"_bbp_reply_count":0,"_bbp_total_topic_count":0,"_bbp_total_reply_count":0,"_bbp_voice_count":0,"_bbp_anonymous_reply_count":0,"_bbp_topic_count_hidden":0,"_bbp_reply_count_hidden":0,"_bbp_forum_subforum_count":0,"footnotes":""},"categories":[1,62,4],"tags":[],"class_list":["post-823","post","type-post","status-publish","format-standard","has-post-thumbnail","hentry","category-general","category-muse","category-portada"],"post_mailing_queue_ids":[],"_links":{"self":[{"href":"https:\/\/agora.xtec.cat\/esc-jmaragall-sabadell\/wp-json\/wp\/v2\/posts\/823","targetHints":{"allow":["GET"]}}],"collection":[{"href":"https:\/\/agora.xtec.cat\/esc-jmaragall-sabadell\/wp-json\/wp\/v2\/posts"}],"about":[{"href":"https:\/\/agora.xtec.cat\/esc-jmaragall-sabadell\/wp-json\/wp\/v2\/types\/post"}],"author":[{"embeddable":true,"href":"https:\/\/agora.xtec.cat\/esc-jmaragall-sabadell\/wp-json\/wp\/v2\/users\/1"}],"replies":[{"embeddable":true,"href":"https:\/\/agora.xtec.cat\/esc-jmaragall-sabadell\/wp-json\/wp\/v2\/comments?post=823"}],"version-history":[{"count":3,"href":"https:\/\/agora.xtec.cat\/esc-jmaragall-sabadell\/wp-json\/wp\/v2\/posts\/823\/revisions"}],"predecessor-version":[{"id":830,"href":"https:\/\/agora.xtec.cat\/esc-jmaragall-sabadell\/wp-json\/wp\/v2\/posts\/823\/revisions\/830"}],"wp:featuredmedia":[{"embeddable":true,"href":"https:\/\/agora.xtec.cat\/esc-jmaragall-sabadell\/wp-json\/wp\/v2\/media\/826"}],"wp:attachment":[{"href":"https:\/\/agora.xtec.cat\/esc-jmaragall-sabadell\/wp-json\/wp\/v2\/media?parent=823"}],"wp:term":[{"taxonomy":"category","embeddable":true,"href":"https:\/\/agora.xtec.cat\/esc-jmaragall-sabadell\/wp-json\/wp\/v2\/categories?post=823"},{"taxonomy":"post_tag","embeddable":true,"href":"https:\/\/agora.xtec.cat\/esc-jmaragall-sabadell\/wp-json\/wp\/v2\/tags?post=823"}],"curies":[{"name":"wp","href":"https:\/\/api.w.org\/{rel}","templated":true}]}}