{"id":8224,"date":"2025-03-25T23:27:07","date_gmt":"2025-03-25T22:27:07","guid":{"rendered":"https:\/\/agora.xtec.cat\/esc-jmaragall-sabadell\/?p=8224"},"modified":"2025-03-25T23:27:07","modified_gmt":"2025-03-25T22:27:07","slug":"visita-al-cosmocaixa","status":"publish","type":"post","link":"https:\/\/agora.xtec.cat\/esc-jmaragall-sabadell\/general\/visita-al-cosmocaixa\/","title":{"rendered":"Visita al Cosmocaixa!"},"content":{"rendered":"<p>Dilluns les classes de 1r i 2n van anar al Museu de la Ci\u00e8ncia &#8220;Cosmocaixa&#8221; (Barcelona).<\/p>\n<p>L&#8217;alumnat va observar i va experimentar amb la ci\u00e8ncia, va descobrir el planetari per a repassar coneixements de l&#8217;univers, tamb\u00e9 va passar pel bosc inundat i va veure les plantes i els animals que l&#8217;habiten. I per \u00faltim, va experimentar amb l&#8217;aigua, l&#8217;aire, les construccions&#8230;<\/p>\n<p>Els infants s&#8217;ho van passar d&#8217;all\u00f2 m\u00e9s b\u00e9 i els va agradar molt totes les activitats!<\/p>\n<p><iframe loading=\"lazy\" title=\"MUSEU DE LA CI\u00c8NCIA COSMOCAIXA Cicle Inicial\" width=\"500\" height=\"281\" src=\"https:\/\/www.youtube.com\/embed\/qOU4iLjoa1k?feature=oembed\" frameborder=\"0\" allow=\"accelerometer; autoplay; clipboard-write; encrypted-media; gyroscope; picture-in-picture; web-share\" referrerpolicy=\"strict-origin-when-cross-origin\" allowfullscreen><\/iframe><\/p>\n<p>&nbsp;<\/p>\n<p>&nbsp;<\/p>\n","protected":false},"excerpt":{"rendered":"<p>Dilluns les classes de 1r i 2n van anar al Museu de la Ci\u00e8ncia &#8220;Cosmocaixa&#8221; (Barcelona).<br \/>\nL&#8217;alumnat va observar i va experimentar amb la ci\u00e8ncia, va descobrir el planetari per a repassar coneixements de l&#8217;univers, tamb\u00e9 va passar pel bosc inundat i va veure les plantes&hellip;  <a href=\"https:\/\/agora.xtec.cat\/esc-jmaragall-sabadell\/general\/visita-al-cosmocaixa\/\" title=\"Read Visita al Cosmocaixa!\">Llegeix m\u00e9s\u00bb<\/a><\/p>\n","protected":false},"author":19,"featured_media":8225,"comment_status":"open","ping_status":"closed","sticky":false,"template":"","format":"standard","meta":{"_bbp_topic_count":0,"_bbp_reply_count":0,"_bbp_total_topic_count":0,"_bbp_total_reply_count":0,"_bbp_voice_count":0,"_bbp_anonymous_reply_count":0,"_bbp_topic_count_hidden":0,"_bbp_reply_count_hidden":0,"_bbp_forum_subforum_count":0,"footnotes":""},"categories":[245,219,1,4,5],"tags":[],"class_list":["post-8224","post","type-post","status-publish","format-standard","has-post-thumbnail","hentry","category-245","category-219","category-general","category-portada","category-primaria"],"post_mailing_queue_ids":[],"_links":{"self":[{"href":"https:\/\/agora.xtec.cat\/esc-jmaragall-sabadell\/wp-json\/wp\/v2\/posts\/8224","targetHints":{"allow":["GET"]}}],"collection":[{"href":"https:\/\/agora.xtec.cat\/esc-jmaragall-sabadell\/wp-json\/wp\/v2\/posts"}],"about":[{"href":"https:\/\/agora.xtec.cat\/esc-jmaragall-sabadell\/wp-json\/wp\/v2\/types\/post"}],"author":[{"embeddable":true,"href":"https:\/\/agora.xtec.cat\/esc-jmaragall-sabadell\/wp-json\/wp\/v2\/users\/19"}],"replies":[{"embeddable":true,"href":"https:\/\/agora.xtec.cat\/esc-jmaragall-sabadell\/wp-json\/wp\/v2\/comments?post=8224"}],"version-history":[{"count":1,"href":"https:\/\/agora.xtec.cat\/esc-jmaragall-sabadell\/wp-json\/wp\/v2\/posts\/8224\/revisions"}],"predecessor-version":[{"id":8226,"href":"https:\/\/agora.xtec.cat\/esc-jmaragall-sabadell\/wp-json\/wp\/v2\/posts\/8224\/revisions\/8226"}],"wp:featuredmedia":[{"embeddable":true,"href":"https:\/\/agora.xtec.cat\/esc-jmaragall-sabadell\/wp-json\/wp\/v2\/media\/8225"}],"wp:attachment":[{"href":"https:\/\/agora.xtec.cat\/esc-jmaragall-sabadell\/wp-json\/wp\/v2\/media?parent=8224"}],"wp:term":[{"taxonomy":"category","embeddable":true,"href":"https:\/\/agora.xtec.cat\/esc-jmaragall-sabadell\/wp-json\/wp\/v2\/categories?post=8224"},{"taxonomy":"post_tag","embeddable":true,"href":"https:\/\/agora.xtec.cat\/esc-jmaragall-sabadell\/wp-json\/wp\/v2\/tags?post=8224"}],"curies":[{"name":"wp","href":"https:\/\/api.w.org\/{rel}","templated":true}]}}