{"id":8218,"date":"2025-03-25T17:32:18","date_gmt":"2025-03-25T16:32:18","guid":{"rendered":"https:\/\/agora.xtec.cat\/esc-jmaragall-sabadell\/?p=8218"},"modified":"2025-03-25T17:32:18","modified_gmt":"2025-03-25T16:32:18","slug":"a-i3-preparem-la-fruita-i-ens-la-mengem","status":"publish","type":"post","link":"https:\/\/agora.xtec.cat\/esc-jmaragall-sabadell\/general\/a-i3-preparem-la-fruita-i-ens-la-mengem\/","title":{"rendered":"A I3 preparem la fruita i ens la mengem!"},"content":{"rendered":"<p>&nbsp;<\/p>\n<p><a href=\"https:\/\/agora.xtec.cat\/esc-jmaragall-sabadell\/wp-content\/uploads\/usu1082\/2025\/03\/Collage-fruita-I3.jpg\"><img loading=\"lazy\" decoding=\"async\" class=\"alignnone size-large wp-image-8219\" src=\"https:\/\/agora.xtec.cat\/esc-jmaragall-sabadell\/wp-content\/uploads\/usu1082\/2025\/03\/Collage-fruita-I3-1024x819.jpg\" alt=\"\" width=\"1024\" height=\"819\" srcset=\"https:\/\/agora.xtec.cat\/esc-jmaragall-sabadell\/wp-content\/uploads\/usu1082\/2025\/03\/Collage-fruita-I3-1024x819.jpg 1024w, https:\/\/agora.xtec.cat\/esc-jmaragall-sabadell\/wp-content\/uploads\/usu1082\/2025\/03\/Collage-fruita-I3-300x240.jpg 300w, https:\/\/agora.xtec.cat\/esc-jmaragall-sabadell\/wp-content\/uploads\/usu1082\/2025\/03\/Collage-fruita-I3-768x614.jpg 768w, https:\/\/agora.xtec.cat\/esc-jmaragall-sabadell\/wp-content\/uploads\/usu1082\/2025\/03\/Collage-fruita-I3-1536x1229.jpg 1536w, https:\/\/agora.xtec.cat\/esc-jmaragall-sabadell\/wp-content\/uploads\/usu1082\/2025\/03\/Collage-fruita-I3.jpg 2000w\" sizes=\"auto, (max-width: 1024px) 100vw, 1024px\" \/><\/a><\/p>\n<p>&nbsp;<\/p>\n<p>La fruita t\u00e9 un paper fonamental a l\u2019educaci\u00f3 infantil, una etapa clau en el desenvolupament dels nens i nenes. En aquesta fase, els infants comencen a crear rutines que els ajuden a establir h\u00e0bits saludables i valors importants com la cooperaci\u00f3, la responsabilitat i el respecte per la salut. A la nostra escola, l&#8217;alumnat participa activament en el proc\u00e9s de preparaci\u00f3 de la fruita: la pelen, la tallen i la reparteixen. Aquesta activitat no nom\u00e9s els permet aprendre sobre alimentaci\u00f3 sana, sin\u00f3 tamb\u00e9 desenvolupar habilitats motrius fines, entre d&#8217;altres. A m\u00e9s, en compartir la fruita amb els seus companys i companyes, treballen la relaci\u00f3 interpersonal, el treball en equip i la solidaritat. Tamb\u00e9 practiquen l&#8217;autonomia, ja que s\u00f3n ells qui gestionen l&#8217;activitat de manera independent amb l&#8217;acompanyament de la mestra. Aquesta acci\u00f3 no nom\u00e9s fomenta l&#8217;autoconfian\u00e7a, sin\u00f3 que tamb\u00e9 els ensenya a respectar torns i a cuidar els altres. L\u2019adquisici\u00f3 d&#8217;aquests valors i h\u00e0bits des de petits \u00e9s fonamental, at\u00e8s que ajuden a construir una base s\u00f2lida per a la seva futura conviv\u00e8ncia i benestar. Amb petites accions com aquestes, els infants aprenen no nom\u00e9s a cuidar-se a ells mateixos, sin\u00f3 a ser m\u00e9s respectuosos i a treballar junts per a aconseguir una tasca comuna.<\/p>\n<p>&nbsp;<\/p>\n<p>&nbsp;<\/p>\n<p>&nbsp;<\/p>\n","protected":false},"excerpt":{"rendered":"<p>&nbsp;<br \/>\n<a href=\"https:\/\/agora.xtec.cat\/esc-jmaragall-sabadell\/wp-content\/uploads\/usu1082\/2025\/03\/Collage-fruita-I3.jpg\"><\/a><br \/>\n&nbsp;<br \/>\nLa fruita t\u00e9 un paper fonamental a l\u2019educaci\u00f3 infantil, una etapa clau en el desenvolupament dels nens i nenes. En aquesta fase, els infants comencen a crear rutines que els ajuden a establir h\u00e0bits saludables i valors importants com la cooperaci\u00f3, la responsabilitat i&hellip;  <a href=\"https:\/\/agora.xtec.cat\/esc-jmaragall-sabadell\/general\/a-i3-preparem-la-fruita-i-ens-la-mengem\/\" title=\"Read A I3 preparem la fruita i ens la mengem!\">Llegeix m\u00e9s\u00bb<\/a><\/p>\n","protected":false},"author":100,"featured_media":0,"comment_status":"open","ping_status":"closed","sticky":false,"template":"","format":"standard","meta":{"_bbp_topic_count":0,"_bbp_reply_count":0,"_bbp_total_topic_count":0,"_bbp_total_reply_count":0,"_bbp_voice_count":0,"_bbp_anonymous_reply_count":0,"_bbp_topic_count_hidden":0,"_bbp_reply_count_hidden":0,"_bbp_forum_subforum_count":0,"footnotes":""},"categories":[1,2,4],"tags":[],"class_list":["post-8218","post","type-post","status-publish","format-standard","hentry","category-general","category-infantil","category-portada"],"post_mailing_queue_ids":[],"_links":{"self":[{"href":"https:\/\/agora.xtec.cat\/esc-jmaragall-sabadell\/wp-json\/wp\/v2\/posts\/8218","targetHints":{"allow":["GET"]}}],"collection":[{"href":"https:\/\/agora.xtec.cat\/esc-jmaragall-sabadell\/wp-json\/wp\/v2\/posts"}],"about":[{"href":"https:\/\/agora.xtec.cat\/esc-jmaragall-sabadell\/wp-json\/wp\/v2\/types\/post"}],"author":[{"embeddable":true,"href":"https:\/\/agora.xtec.cat\/esc-jmaragall-sabadell\/wp-json\/wp\/v2\/users\/100"}],"replies":[{"embeddable":true,"href":"https:\/\/agora.xtec.cat\/esc-jmaragall-sabadell\/wp-json\/wp\/v2\/comments?post=8218"}],"version-history":[{"count":4,"href":"https:\/\/agora.xtec.cat\/esc-jmaragall-sabadell\/wp-json\/wp\/v2\/posts\/8218\/revisions"}],"predecessor-version":[{"id":8223,"href":"https:\/\/agora.xtec.cat\/esc-jmaragall-sabadell\/wp-json\/wp\/v2\/posts\/8218\/revisions\/8223"}],"wp:attachment":[{"href":"https:\/\/agora.xtec.cat\/esc-jmaragall-sabadell\/wp-json\/wp\/v2\/media?parent=8218"}],"wp:term":[{"taxonomy":"category","embeddable":true,"href":"https:\/\/agora.xtec.cat\/esc-jmaragall-sabadell\/wp-json\/wp\/v2\/categories?post=8218"},{"taxonomy":"post_tag","embeddable":true,"href":"https:\/\/agora.xtec.cat\/esc-jmaragall-sabadell\/wp-json\/wp\/v2\/tags?post=8218"}],"curies":[{"name":"wp","href":"https:\/\/api.w.org\/{rel}","templated":true}]}}