{"id":8150,"date":"2025-03-13T12:35:11","date_gmt":"2025-03-13T11:35:11","guid":{"rendered":"https:\/\/agora.xtec.cat\/esc-jmaragall-sabadell\/?p=8150"},"modified":"2025-03-13T12:35:32","modified_gmt":"2025-03-13T11:35:32","slug":"un-viatge-musical-al-mar-a-i5","status":"publish","type":"post","link":"https:\/\/agora.xtec.cat\/esc-jmaragall-sabadell\/general\/un-viatge-musical-al-mar-a-i5\/","title":{"rendered":"UN VIATGE MUSICAL AL MAR A I5"},"content":{"rendered":"<p>Aquesta setmana les nenes i els nens de la classe d&#8217;I5 aniran de sortida a l&#8217;Aquari i des de la classe de m\u00fasica hem fet un viatge imaginari al mar per preparar-nos. Seguint unes m\u00fasiques i can\u00e7ons, hem fet diversos jocs i activitats de moviment&#8230; Ens hem posat crema de sol, saltat per les roques al ritme de la m\u00fasica per arribar al vaixell, gronxat en parelles i convertit en diversos animals marins! Ostres, pops, cavallets de mar, crancs, dofins&#8230; Cada un tenia la seva m\u00fasica o can\u00e7\u00f3!<\/p>\n<p>Aqu\u00ed teniu algunes fotografies dels moments m\u00e9s especials!<\/p>\n<p><a href=\"https:\/\/agora.xtec.cat\/esc-jmaragall-sabadell\/wp-content\/uploads\/usu1082\/2025\/03\/PHOTO-2025-03-13-12-20-13-5.jpg\"><img loading=\"lazy\" decoding=\"async\" class=\"alignnone size-medium wp-image-8162\" src=\"https:\/\/agora.xtec.cat\/esc-jmaragall-sabadell\/wp-content\/uploads\/usu1082\/2025\/03\/PHOTO-2025-03-13-12-20-13-5-300x225.jpg\" alt=\"\" width=\"300\" height=\"225\" srcset=\"https:\/\/agora.xtec.cat\/esc-jmaragall-sabadell\/wp-content\/uploads\/usu1082\/2025\/03\/PHOTO-2025-03-13-12-20-13-5-300x225.jpg 300w, https:\/\/agora.xtec.cat\/esc-jmaragall-sabadell\/wp-content\/uploads\/usu1082\/2025\/03\/PHOTO-2025-03-13-12-20-13-5-1024x768.jpg 1024w, https:\/\/agora.xtec.cat\/esc-jmaragall-sabadell\/wp-content\/uploads\/usu1082\/2025\/03\/PHOTO-2025-03-13-12-20-13-5-768x576.jpg 768w, https:\/\/agora.xtec.cat\/esc-jmaragall-sabadell\/wp-content\/uploads\/usu1082\/2025\/03\/PHOTO-2025-03-13-12-20-13-5-1536x1152.jpg 1536w, https:\/\/agora.xtec.cat\/esc-jmaragall-sabadell\/wp-content\/uploads\/usu1082\/2025\/03\/PHOTO-2025-03-13-12-20-13-5-200x150.jpg 200w, https:\/\/agora.xtec.cat\/esc-jmaragall-sabadell\/wp-content\/uploads\/usu1082\/2025\/03\/PHOTO-2025-03-13-12-20-13-5.jpg 1600w\" sizes=\"auto, (max-width: 300px) 100vw, 300px\" \/><\/a> <a href=\"https:\/\/agora.xtec.cat\/esc-jmaragall-sabadell\/wp-content\/uploads\/usu1082\/2025\/03\/PHOTO-2025-03-13-12-20-13-4.jpg\"><img loading=\"lazy\" decoding=\"async\" class=\"alignnone size-medium wp-image-8163\" src=\"https:\/\/agora.xtec.cat\/esc-jmaragall-sabadell\/wp-content\/uploads\/usu1082\/2025\/03\/PHOTO-2025-03-13-12-20-13-4-300x225.jpg\" alt=\"\" width=\"300\" height=\"225\" srcset=\"https:\/\/agora.xtec.cat\/esc-jmaragall-sabadell\/wp-content\/uploads\/usu1082\/2025\/03\/PHOTO-2025-03-13-12-20-13-4-300x225.jpg 300w, https:\/\/agora.xtec.cat\/esc-jmaragall-sabadell\/wp-content\/uploads\/usu1082\/2025\/03\/PHOTO-2025-03-13-12-20-13-4-1024x768.jpg 1024w, https:\/\/agora.xtec.cat\/esc-jmaragall-sabadell\/wp-content\/uploads\/usu1082\/2025\/03\/PHOTO-2025-03-13-12-20-13-4-768x576.jpg 768w, https:\/\/agora.xtec.cat\/esc-jmaragall-sabadell\/wp-content\/uploads\/usu1082\/2025\/03\/PHOTO-2025-03-13-12-20-13-4-1536x1152.jpg 1536w, https:\/\/agora.xtec.cat\/esc-jmaragall-sabadell\/wp-content\/uploads\/usu1082\/2025\/03\/PHOTO-2025-03-13-12-20-13-4-200x150.jpg 200w, https:\/\/agora.xtec.cat\/esc-jmaragall-sabadell\/wp-content\/uploads\/usu1082\/2025\/03\/PHOTO-2025-03-13-12-20-13-4.jpg 1600w\" sizes=\"auto, (max-width: 300px) 100vw, 300px\" \/><\/a> <a href=\"https:\/\/agora.xtec.cat\/esc-jmaragall-sabadell\/wp-content\/uploads\/usu1082\/2025\/03\/PHOTO-2025-03-13-12-20-13-3.jpg\"><img loading=\"lazy\" decoding=\"async\" class=\"alignnone size-medium wp-image-8164\" src=\"https:\/\/agora.xtec.cat\/esc-jmaragall-sabadell\/wp-content\/uploads\/usu1082\/2025\/03\/PHOTO-2025-03-13-12-20-13-3-300x225.jpg\" alt=\"\" width=\"300\" height=\"225\" srcset=\"https:\/\/agora.xtec.cat\/esc-jmaragall-sabadell\/wp-content\/uploads\/usu1082\/2025\/03\/PHOTO-2025-03-13-12-20-13-3-300x225.jpg 300w, https:\/\/agora.xtec.cat\/esc-jmaragall-sabadell\/wp-content\/uploads\/usu1082\/2025\/03\/PHOTO-2025-03-13-12-20-13-3-1024x768.jpg 1024w, https:\/\/agora.xtec.cat\/esc-jmaragall-sabadell\/wp-content\/uploads\/usu1082\/2025\/03\/PHOTO-2025-03-13-12-20-13-3-768x576.jpg 768w, https:\/\/agora.xtec.cat\/esc-jmaragall-sabadell\/wp-content\/uploads\/usu1082\/2025\/03\/PHOTO-2025-03-13-12-20-13-3-1536x1152.jpg 1536w, https:\/\/agora.xtec.cat\/esc-jmaragall-sabadell\/wp-content\/uploads\/usu1082\/2025\/03\/PHOTO-2025-03-13-12-20-13-3-200x150.jpg 200w, https:\/\/agora.xtec.cat\/esc-jmaragall-sabadell\/wp-content\/uploads\/usu1082\/2025\/03\/PHOTO-2025-03-13-12-20-13-3.jpg 1600w\" sizes=\"auto, (max-width: 300px) 100vw, 300px\" \/><\/a> <a href=\"https:\/\/agora.xtec.cat\/esc-jmaragall-sabadell\/wp-content\/uploads\/usu1082\/2025\/03\/PHOTO-2025-03-13-12-20-13-1.jpg\"><img loading=\"lazy\" decoding=\"async\" class=\"alignnone size-medium wp-image-8166\" src=\"https:\/\/agora.xtec.cat\/esc-jmaragall-sabadell\/wp-content\/uploads\/usu1082\/2025\/03\/PHOTO-2025-03-13-12-20-13-1-300x225.jpg\" alt=\"\" width=\"300\" height=\"225\" srcset=\"https:\/\/agora.xtec.cat\/esc-jmaragall-sabadell\/wp-content\/uploads\/usu1082\/2025\/03\/PHOTO-2025-03-13-12-20-13-1-300x225.jpg 300w, https:\/\/agora.xtec.cat\/esc-jmaragall-sabadell\/wp-content\/uploads\/usu1082\/2025\/03\/PHOTO-2025-03-13-12-20-13-1-1024x768.jpg 1024w, https:\/\/agora.xtec.cat\/esc-jmaragall-sabadell\/wp-content\/uploads\/usu1082\/2025\/03\/PHOTO-2025-03-13-12-20-13-1-768x576.jpg 768w, https:\/\/agora.xtec.cat\/esc-jmaragall-sabadell\/wp-content\/uploads\/usu1082\/2025\/03\/PHOTO-2025-03-13-12-20-13-1-1536x1152.jpg 1536w, https:\/\/agora.xtec.cat\/esc-jmaragall-sabadell\/wp-content\/uploads\/usu1082\/2025\/03\/PHOTO-2025-03-13-12-20-13-1-200x150.jpg 200w, https:\/\/agora.xtec.cat\/esc-jmaragall-sabadell\/wp-content\/uploads\/usu1082\/2025\/03\/PHOTO-2025-03-13-12-20-13-1.jpg 1600w\" sizes=\"auto, (max-width: 300px) 100vw, 300px\" \/><\/a> <a href=\"https:\/\/agora.xtec.cat\/esc-jmaragall-sabadell\/wp-content\/uploads\/usu1082\/2025\/03\/PHOTO-2025-03-13-12-20-13.jpg\"><img loading=\"lazy\" decoding=\"async\" class=\"alignnone size-medium wp-image-8167\" src=\"https:\/\/agora.xtec.cat\/esc-jmaragall-sabadell\/wp-content\/uploads\/usu1082\/2025\/03\/PHOTO-2025-03-13-12-20-13-300x225.jpg\" alt=\"\" width=\"300\" height=\"225\" srcset=\"https:\/\/agora.xtec.cat\/esc-jmaragall-sabadell\/wp-content\/uploads\/usu1082\/2025\/03\/PHOTO-2025-03-13-12-20-13-300x225.jpg 300w, https:\/\/agora.xtec.cat\/esc-jmaragall-sabadell\/wp-content\/uploads\/usu1082\/2025\/03\/PHOTO-2025-03-13-12-20-13-1024x768.jpg 1024w, https:\/\/agora.xtec.cat\/esc-jmaragall-sabadell\/wp-content\/uploads\/usu1082\/2025\/03\/PHOTO-2025-03-13-12-20-13-768x576.jpg 768w, https:\/\/agora.xtec.cat\/esc-jmaragall-sabadell\/wp-content\/uploads\/usu1082\/2025\/03\/PHOTO-2025-03-13-12-20-13-1536x1152.jpg 1536w, https:\/\/agora.xtec.cat\/esc-jmaragall-sabadell\/wp-content\/uploads\/usu1082\/2025\/03\/PHOTO-2025-03-13-12-20-13-200x150.jpg 200w, https:\/\/agora.xtec.cat\/esc-jmaragall-sabadell\/wp-content\/uploads\/usu1082\/2025\/03\/PHOTO-2025-03-13-12-20-13.jpg 1600w\" sizes=\"auto, (max-width: 300px) 100vw, 300px\" \/><\/a><\/p>\n","protected":false},"excerpt":{"rendered":"<p>Aquesta setmana les nenes i els nens de la classe d&#8217;I5 aniran de sortida a l&#8217;Aquari i des de la classe de m\u00fasica hem fet un viatge imaginari al mar per preparar-nos. Seguint unes m\u00fasiques i can\u00e7ons, hem fet diversos jocs i activitats de moviment&#8230;&hellip;  <a href=\"https:\/\/agora.xtec.cat\/esc-jmaragall-sabadell\/general\/un-viatge-musical-al-mar-a-i5\/\" title=\"Read UN VIATGE MUSICAL AL MAR A I5\">Llegeix m\u00e9s\u00bb<\/a><\/p>\n","protected":false},"author":151,"featured_media":8166,"comment_status":"open","ping_status":"closed","sticky":false,"template":"","format":"standard","meta":{"_bbp_topic_count":0,"_bbp_reply_count":0,"_bbp_total_topic_count":0,"_bbp_total_reply_count":0,"_bbp_voice_count":0,"_bbp_anonymous_reply_count":0,"_bbp_topic_count_hidden":0,"_bbp_reply_count_hidden":0,"_bbp_forum_subforum_count":0,"footnotes":""},"categories":[1,258,2,61,4],"tags":[],"class_list":["post-8150","post","type-post","status-publish","format-standard","has-post-thumbnail","hentry","category-general","category-258","category-infantil","category-musica","category-portada"],"post_mailing_queue_ids":[],"_links":{"self":[{"href":"https:\/\/agora.xtec.cat\/esc-jmaragall-sabadell\/wp-json\/wp\/v2\/posts\/8150","targetHints":{"allow":["GET"]}}],"collection":[{"href":"https:\/\/agora.xtec.cat\/esc-jmaragall-sabadell\/wp-json\/wp\/v2\/posts"}],"about":[{"href":"https:\/\/agora.xtec.cat\/esc-jmaragall-sabadell\/wp-json\/wp\/v2\/types\/post"}],"author":[{"embeddable":true,"href":"https:\/\/agora.xtec.cat\/esc-jmaragall-sabadell\/wp-json\/wp\/v2\/users\/151"}],"replies":[{"embeddable":true,"href":"https:\/\/agora.xtec.cat\/esc-jmaragall-sabadell\/wp-json\/wp\/v2\/comments?post=8150"}],"version-history":[{"count":2,"href":"https:\/\/agora.xtec.cat\/esc-jmaragall-sabadell\/wp-json\/wp\/v2\/posts\/8150\/revisions"}],"predecessor-version":[{"id":8168,"href":"https:\/\/agora.xtec.cat\/esc-jmaragall-sabadell\/wp-json\/wp\/v2\/posts\/8150\/revisions\/8168"}],"wp:featuredmedia":[{"embeddable":true,"href":"https:\/\/agora.xtec.cat\/esc-jmaragall-sabadell\/wp-json\/wp\/v2\/media\/8166"}],"wp:attachment":[{"href":"https:\/\/agora.xtec.cat\/esc-jmaragall-sabadell\/wp-json\/wp\/v2\/media?parent=8150"}],"wp:term":[{"taxonomy":"category","embeddable":true,"href":"https:\/\/agora.xtec.cat\/esc-jmaragall-sabadell\/wp-json\/wp\/v2\/categories?post=8150"},{"taxonomy":"post_tag","embeddable":true,"href":"https:\/\/agora.xtec.cat\/esc-jmaragall-sabadell\/wp-json\/wp\/v2\/tags?post=8150"}],"curies":[{"name":"wp","href":"https:\/\/api.w.org\/{rel}","templated":true}]}}