{"id":8123,"date":"2025-03-11T17:21:25","date_gmt":"2025-03-11T16:21:25","guid":{"rendered":"https:\/\/agora.xtec.cat\/esc-jmaragall-sabadell\/?p=8123"},"modified":"2025-03-11T17:21:25","modified_gmt":"2025-03-11T16:21:25","slug":"racons-de-treball-a-i3","status":"publish","type":"post","link":"https:\/\/agora.xtec.cat\/esc-jmaragall-sabadell\/general\/racons-de-treball-a-i3\/","title":{"rendered":"Racons de treball a I3"},"content":{"rendered":"<p>Els <strong>racons de treball<\/strong> s\u00f3n espais on els nens i nenes poden interactuar amb materials diversos, realitzar activitats guiades o lliures i desenvolupar habilitats en diferents \u00e0rees del coneixement. Aquests racons fomenten l&#8217;autonomia, la creativitat i la cooperaci\u00f3, ja que permeten als infants explorar i aprendre de manera activa i experiencial. Normalment, a les sessions de racons de treball potenciem les matem\u00e0tiques i la llengua. A m\u00e9s, fomentem el desenvolupament de la motricitat fina i la capacitat d&#8217;atenci\u00f3 a trav\u00e9s de jocs.<\/p>\n<p><a href=\"https:\/\/agora.xtec.cat\/esc-jmaragall-sabadell\/wp-content\/uploads\/usu1082\/2025\/03\/Racons-de-treball-a-I3.jpg\"><img loading=\"lazy\" decoding=\"async\" class=\"alignnone size-large wp-image-8124\" src=\"https:\/\/agora.xtec.cat\/esc-jmaragall-sabadell\/wp-content\/uploads\/usu1082\/2025\/03\/Racons-de-treball-a-I3-1024x1024.jpg\" alt=\"\" width=\"1024\" height=\"1024\" srcset=\"https:\/\/agora.xtec.cat\/esc-jmaragall-sabadell\/wp-content\/uploads\/usu1082\/2025\/03\/Racons-de-treball-a-I3-1024x1024.jpg 1024w, https:\/\/agora.xtec.cat\/esc-jmaragall-sabadell\/wp-content\/uploads\/usu1082\/2025\/03\/Racons-de-treball-a-I3-300x300.jpg 300w, https:\/\/agora.xtec.cat\/esc-jmaragall-sabadell\/wp-content\/uploads\/usu1082\/2025\/03\/Racons-de-treball-a-I3-150x150.jpg 150w, https:\/\/agora.xtec.cat\/esc-jmaragall-sabadell\/wp-content\/uploads\/usu1082\/2025\/03\/Racons-de-treball-a-I3-768x768.jpg 768w, https:\/\/agora.xtec.cat\/esc-jmaragall-sabadell\/wp-content\/uploads\/usu1082\/2025\/03\/Racons-de-treball-a-I3.jpg 1080w\" sizes=\"auto, (max-width: 1024px) 100vw, 1024px\" \/><\/a><\/p>\n<p>A l&#8217;educaci\u00f3 infantil, els racons de treball s\u00f3n fonamentals pel seu aprenentatge, els permeten interactuar amb altres companys\/es, desenvolupar habilitats socials, resoldre problemes, i aplicar els coneixements adquirits en contextos m\u00e9s pr\u00e0ctics i l\u00fadics. Tamb\u00e9 ens ajuden als mestres a observar i avaluar el desenvolupament individual dels infants.<\/p>\n<p>&nbsp;<\/p>\n","protected":false},"excerpt":{"rendered":"<p>Els racons de treball s\u00f3n espais on els nens i nenes poden interactuar amb materials diversos, realitzar activitats guiades o lliures i desenvolupar habilitats en diferents \u00e0rees del coneixement. Aquests racons fomenten l&#8217;autonomia, la creativitat i la cooperaci\u00f3, ja que permeten als infants explorar i&hellip;  <a href=\"https:\/\/agora.xtec.cat\/esc-jmaragall-sabadell\/general\/racons-de-treball-a-i3\/\" title=\"Read Racons de treball a I3\">Llegeix m\u00e9s\u00bb<\/a><\/p>\n","protected":false},"author":100,"featured_media":0,"comment_status":"open","ping_status":"closed","sticky":false,"template":"","format":"standard","meta":{"_bbp_topic_count":0,"_bbp_reply_count":0,"_bbp_total_topic_count":0,"_bbp_total_reply_count":0,"_bbp_voice_count":0,"_bbp_anonymous_reply_count":0,"_bbp_topic_count_hidden":0,"_bbp_reply_count_hidden":0,"_bbp_forum_subforum_count":0,"footnotes":""},"categories":[1,2,4],"tags":[],"class_list":["post-8123","post","type-post","status-publish","format-standard","hentry","category-general","category-infantil","category-portada"],"post_mailing_queue_ids":[],"_links":{"self":[{"href":"https:\/\/agora.xtec.cat\/esc-jmaragall-sabadell\/wp-json\/wp\/v2\/posts\/8123","targetHints":{"allow":["GET"]}}],"collection":[{"href":"https:\/\/agora.xtec.cat\/esc-jmaragall-sabadell\/wp-json\/wp\/v2\/posts"}],"about":[{"href":"https:\/\/agora.xtec.cat\/esc-jmaragall-sabadell\/wp-json\/wp\/v2\/types\/post"}],"author":[{"embeddable":true,"href":"https:\/\/agora.xtec.cat\/esc-jmaragall-sabadell\/wp-json\/wp\/v2\/users\/100"}],"replies":[{"embeddable":true,"href":"https:\/\/agora.xtec.cat\/esc-jmaragall-sabadell\/wp-json\/wp\/v2\/comments?post=8123"}],"version-history":[{"count":1,"href":"https:\/\/agora.xtec.cat\/esc-jmaragall-sabadell\/wp-json\/wp\/v2\/posts\/8123\/revisions"}],"predecessor-version":[{"id":8125,"href":"https:\/\/agora.xtec.cat\/esc-jmaragall-sabadell\/wp-json\/wp\/v2\/posts\/8123\/revisions\/8125"}],"wp:attachment":[{"href":"https:\/\/agora.xtec.cat\/esc-jmaragall-sabadell\/wp-json\/wp\/v2\/media?parent=8123"}],"wp:term":[{"taxonomy":"category","embeddable":true,"href":"https:\/\/agora.xtec.cat\/esc-jmaragall-sabadell\/wp-json\/wp\/v2\/categories?post=8123"},{"taxonomy":"post_tag","embeddable":true,"href":"https:\/\/agora.xtec.cat\/esc-jmaragall-sabadell\/wp-json\/wp\/v2\/tags?post=8123"}],"curies":[{"name":"wp","href":"https:\/\/api.w.org\/{rel}","templated":true}]}}