{"id":8112,"date":"2025-03-09T12:36:03","date_gmt":"2025-03-09T11:36:03","guid":{"rendered":"https:\/\/agora.xtec.cat\/esc-jmaragall-sabadell\/?p=8112"},"modified":"2025-03-09T12:37:22","modified_gmt":"2025-03-09T11:37:22","slug":"2n-al-mercat-de-la-creu-alta","status":"publish","type":"post","link":"https:\/\/agora.xtec.cat\/esc-jmaragall-sabadell\/general\/2n-al-mercat-de-la-creu-alta\/","title":{"rendered":"2n al Mercat de la Creu Alta"},"content":{"rendered":"<p>El passat dimecres el grup de nens i nenes de 2n vam visitar el Mercat de la Creu Alta.<\/p>\n<p>All\u00e0, <span style=\"font-weight: 400;\">amb l\u2019acompanyament i guia de dues monitores, vam dur a terme una activitat din\u00e0mica relacionada amb la classificaci\u00f3 dels aliments en la pir\u00e0mide de l\u2019alimentaci\u00f3, <\/span>vam poder con\u00e8ixer el funcionament del mercat i veure totes les paradetes dels diferents tipus d&#8217;aliments que hi ha.<\/p>\n<p>Va estar una activitat molt positiva, ja que ens va permetre posar en pr\u00e0ctica all\u00f2 que hem apr\u00e8s al projecte treballat a l&#8217;escola sobre les dents i l&#8217;alimentaci\u00f3 saludable.<a href=\"https:\/\/agora.xtec.cat\/esc-jmaragall-sabadell\/wp-content\/uploads\/usu1082\/2025\/03\/WhatsApp-Image-2025-03-09-at-12.28.18.jpeg\"><img loading=\"lazy\" decoding=\"async\" class=\"wp-image-8117 alignleft\" src=\"https:\/\/agora.xtec.cat\/esc-jmaragall-sabadell\/wp-content\/uploads\/usu1082\/2025\/03\/WhatsApp-Image-2025-03-09-at-12.28.18-768x1024.jpeg\" alt=\"\" width=\"246\" height=\"328\" srcset=\"https:\/\/agora.xtec.cat\/esc-jmaragall-sabadell\/wp-content\/uploads\/usu1082\/2025\/03\/WhatsApp-Image-2025-03-09-at-12.28.18-768x1024.jpeg 768w, https:\/\/agora.xtec.cat\/esc-jmaragall-sabadell\/wp-content\/uploads\/usu1082\/2025\/03\/WhatsApp-Image-2025-03-09-at-12.28.18-225x300.jpeg 225w, https:\/\/agora.xtec.cat\/esc-jmaragall-sabadell\/wp-content\/uploads\/usu1082\/2025\/03\/WhatsApp-Image-2025-03-09-at-12.28.18-1152x1536.jpeg 1152w, https:\/\/agora.xtec.cat\/esc-jmaragall-sabadell\/wp-content\/uploads\/usu1082\/2025\/03\/WhatsApp-Image-2025-03-09-at-12.28.18.jpeg 1200w\" sizes=\"auto, (max-width: 246px) 100vw, 246px\" \/><\/a><\/p>\n<p><a href=\"https:\/\/agora.xtec.cat\/esc-jmaragall-sabadell\/wp-content\/uploads\/usu1082\/2025\/03\/WhatsApp-Image-2025-03-09-at-12.28.18-3.jpeg\"><img loading=\"lazy\" decoding=\"async\" class=\"wp-image-8114 alignnone\" src=\"https:\/\/agora.xtec.cat\/esc-jmaragall-sabadell\/wp-content\/uploads\/usu1082\/2025\/03\/WhatsApp-Image-2025-03-09-at-12.28.18-3-768x1024.jpeg\" alt=\"\" width=\"241\" height=\"322\" srcset=\"https:\/\/agora.xtec.cat\/esc-jmaragall-sabadell\/wp-content\/uploads\/usu1082\/2025\/03\/WhatsApp-Image-2025-03-09-at-12.28.18-3-768x1024.jpeg 768w, https:\/\/agora.xtec.cat\/esc-jmaragall-sabadell\/wp-content\/uploads\/usu1082\/2025\/03\/WhatsApp-Image-2025-03-09-at-12.28.18-3-225x300.jpeg 225w, https:\/\/agora.xtec.cat\/esc-jmaragall-sabadell\/wp-content\/uploads\/usu1082\/2025\/03\/WhatsApp-Image-2025-03-09-at-12.28.18-3-1152x1536.jpeg 1152w, https:\/\/agora.xtec.cat\/esc-jmaragall-sabadell\/wp-content\/uploads\/usu1082\/2025\/03\/WhatsApp-Image-2025-03-09-at-12.28.18-3.jpeg 1200w\" sizes=\"auto, (max-width: 241px) 100vw, 241px\" \/><\/a> <a href=\"https:\/\/agora.xtec.cat\/esc-jmaragall-sabadell\/wp-content\/uploads\/usu1082\/2025\/03\/WhatsApp-Image-2025-03-09-at-12.28.18-2.jpeg\"><img loading=\"lazy\" decoding=\"async\" class=\"wp-image-8115 alignleft\" src=\"https:\/\/agora.xtec.cat\/esc-jmaragall-sabadell\/wp-content\/uploads\/usu1082\/2025\/03\/WhatsApp-Image-2025-03-09-at-12.28.18-2-768x1024.jpeg\" alt=\"\" width=\"232\" height=\"310\" srcset=\"https:\/\/agora.xtec.cat\/esc-jmaragall-sabadell\/wp-content\/uploads\/usu1082\/2025\/03\/WhatsApp-Image-2025-03-09-at-12.28.18-2-768x1024.jpeg 768w, https:\/\/agora.xtec.cat\/esc-jmaragall-sabadell\/wp-content\/uploads\/usu1082\/2025\/03\/WhatsApp-Image-2025-03-09-at-12.28.18-2-225x300.jpeg 225w, https:\/\/agora.xtec.cat\/esc-jmaragall-sabadell\/wp-content\/uploads\/usu1082\/2025\/03\/WhatsApp-Image-2025-03-09-at-12.28.18-2-1152x1536.jpeg 1152w, https:\/\/agora.xtec.cat\/esc-jmaragall-sabadell\/wp-content\/uploads\/usu1082\/2025\/03\/WhatsApp-Image-2025-03-09-at-12.28.18-2.jpeg 1200w\" sizes=\"auto, (max-width: 232px) 100vw, 232px\" \/><\/a> <a href=\"https:\/\/agora.xtec.cat\/esc-jmaragall-sabadell\/wp-content\/uploads\/usu1082\/2025\/03\/WhatsApp-Image-2025-03-09-at-12.28.18-1.jpeg\"><img loading=\"lazy\" decoding=\"async\" class=\"wp-image-8116 alignleft\" src=\"https:\/\/agora.xtec.cat\/esc-jmaragall-sabadell\/wp-content\/uploads\/usu1082\/2025\/03\/WhatsApp-Image-2025-03-09-at-12.28.18-1-768x1024.jpeg\" alt=\"\" width=\"232\" height=\"309\" srcset=\"https:\/\/agora.xtec.cat\/esc-jmaragall-sabadell\/wp-content\/uploads\/usu1082\/2025\/03\/WhatsApp-Image-2025-03-09-at-12.28.18-1-768x1024.jpeg 768w, https:\/\/agora.xtec.cat\/esc-jmaragall-sabadell\/wp-content\/uploads\/usu1082\/2025\/03\/WhatsApp-Image-2025-03-09-at-12.28.18-1-225x300.jpeg 225w, https:\/\/agora.xtec.cat\/esc-jmaragall-sabadell\/wp-content\/uploads\/usu1082\/2025\/03\/WhatsApp-Image-2025-03-09-at-12.28.18-1-1152x1536.jpeg 1152w, https:\/\/agora.xtec.cat\/esc-jmaragall-sabadell\/wp-content\/uploads\/usu1082\/2025\/03\/WhatsApp-Image-2025-03-09-at-12.28.18-1.jpeg 1200w\" sizes=\"auto, (max-width: 232px) 100vw, 232px\" \/><\/a><\/p>\n<p><a href=\"https:\/\/agora.xtec.cat\/esc-jmaragall-sabadell\/wp-content\/uploads\/usu1082\/2025\/03\/WhatsApp-Image-2025-03-09-at-12.28.17-1.jpeg\"><img loading=\"lazy\" decoding=\"async\" class=\"wp-image-8118 alignleft\" src=\"https:\/\/agora.xtec.cat\/esc-jmaragall-sabadell\/wp-content\/uploads\/usu1082\/2025\/03\/WhatsApp-Image-2025-03-09-at-12.28.17-1-768x1024.jpeg\" alt=\"\" width=\"232\" height=\"310\" srcset=\"https:\/\/agora.xtec.cat\/esc-jmaragall-sabadell\/wp-content\/uploads\/usu1082\/2025\/03\/WhatsApp-Image-2025-03-09-at-12.28.17-1-768x1024.jpeg 768w, https:\/\/agora.xtec.cat\/esc-jmaragall-sabadell\/wp-content\/uploads\/usu1082\/2025\/03\/WhatsApp-Image-2025-03-09-at-12.28.17-1-225x300.jpeg 225w, https:\/\/agora.xtec.cat\/esc-jmaragall-sabadell\/wp-content\/uploads\/usu1082\/2025\/03\/WhatsApp-Image-2025-03-09-at-12.28.17-1-1152x1536.jpeg 1152w, https:\/\/agora.xtec.cat\/esc-jmaragall-sabadell\/wp-content\/uploads\/usu1082\/2025\/03\/WhatsApp-Image-2025-03-09-at-12.28.17-1.jpeg 1200w\" sizes=\"auto, (max-width: 232px) 100vw, 232px\" \/><\/a> <a href=\"https:\/\/agora.xtec.cat\/esc-jmaragall-sabadell\/wp-content\/uploads\/usu1082\/2025\/03\/WhatsApp-Image-2025-03-09-at-12.28.17.jpeg\"><img loading=\"lazy\" decoding=\"async\" class=\"wp-image-8119 alignleft\" src=\"https:\/\/agora.xtec.cat\/esc-jmaragall-sabadell\/wp-content\/uploads\/usu1082\/2025\/03\/WhatsApp-Image-2025-03-09-at-12.28.17-1024x768.jpeg\" alt=\"\" width=\"314\" height=\"236\" srcset=\"https:\/\/agora.xtec.cat\/esc-jmaragall-sabadell\/wp-content\/uploads\/usu1082\/2025\/03\/WhatsApp-Image-2025-03-09-at-12.28.17-1024x768.jpeg 1024w, https:\/\/agora.xtec.cat\/esc-jmaragall-sabadell\/wp-content\/uploads\/usu1082\/2025\/03\/WhatsApp-Image-2025-03-09-at-12.28.17-300x225.jpeg 300w, https:\/\/agora.xtec.cat\/esc-jmaragall-sabadell\/wp-content\/uploads\/usu1082\/2025\/03\/WhatsApp-Image-2025-03-09-at-12.28.17-768x576.jpeg 768w, https:\/\/agora.xtec.cat\/esc-jmaragall-sabadell\/wp-content\/uploads\/usu1082\/2025\/03\/WhatsApp-Image-2025-03-09-at-12.28.17-1536x1152.jpeg 1536w, https:\/\/agora.xtec.cat\/esc-jmaragall-sabadell\/wp-content\/uploads\/usu1082\/2025\/03\/WhatsApp-Image-2025-03-09-at-12.28.17-200x150.jpeg 200w, https:\/\/agora.xtec.cat\/esc-jmaragall-sabadell\/wp-content\/uploads\/usu1082\/2025\/03\/WhatsApp-Image-2025-03-09-at-12.28.17.jpeg 1600w\" sizes=\"auto, (max-width: 314px) 100vw, 314px\" \/><\/a><\/p>\n","protected":false},"excerpt":{"rendered":"<p>El passat dimecres el grup de nens i nenes de 2n vam visitar el Mercat de la Creu Alta.<br \/>\nAll\u00e0, amb l\u2019acompanyament i guia de dues monitores, vam dur a terme una activitat din\u00e0mica relacionada amb la classificaci\u00f3 dels aliments en la pir\u00e0mide de l\u2019alimentaci\u00f3, vam&hellip;  <a href=\"https:\/\/agora.xtec.cat\/esc-jmaragall-sabadell\/general\/2n-al-mercat-de-la-creu-alta\/\" title=\"Read 2n al Mercat de la Creu Alta\">Llegeix m\u00e9s\u00bb<\/a><\/p>\n","protected":false},"author":99,"featured_media":8117,"comment_status":"open","ping_status":"closed","sticky":false,"template":"","format":"standard","meta":{"_bbp_topic_count":0,"_bbp_reply_count":0,"_bbp_total_topic_count":0,"_bbp_total_reply_count":0,"_bbp_voice_count":0,"_bbp_anonymous_reply_count":0,"_bbp_topic_count_hidden":0,"_bbp_reply_count_hidden":0,"_bbp_forum_subforum_count":0,"footnotes":""},"categories":[219,1,4],"tags":[],"class_list":["post-8112","post","type-post","status-publish","format-standard","has-post-thumbnail","hentry","category-219","category-general","category-portada"],"post_mailing_queue_ids":[],"_links":{"self":[{"href":"https:\/\/agora.xtec.cat\/esc-jmaragall-sabadell\/wp-json\/wp\/v2\/posts\/8112","targetHints":{"allow":["GET"]}}],"collection":[{"href":"https:\/\/agora.xtec.cat\/esc-jmaragall-sabadell\/wp-json\/wp\/v2\/posts"}],"about":[{"href":"https:\/\/agora.xtec.cat\/esc-jmaragall-sabadell\/wp-json\/wp\/v2\/types\/post"}],"author":[{"embeddable":true,"href":"https:\/\/agora.xtec.cat\/esc-jmaragall-sabadell\/wp-json\/wp\/v2\/users\/99"}],"replies":[{"embeddable":true,"href":"https:\/\/agora.xtec.cat\/esc-jmaragall-sabadell\/wp-json\/wp\/v2\/comments?post=8112"}],"version-history":[{"count":3,"href":"https:\/\/agora.xtec.cat\/esc-jmaragall-sabadell\/wp-json\/wp\/v2\/posts\/8112\/revisions"}],"predecessor-version":[{"id":8122,"href":"https:\/\/agora.xtec.cat\/esc-jmaragall-sabadell\/wp-json\/wp\/v2\/posts\/8112\/revisions\/8122"}],"wp:featuredmedia":[{"embeddable":true,"href":"https:\/\/agora.xtec.cat\/esc-jmaragall-sabadell\/wp-json\/wp\/v2\/media\/8117"}],"wp:attachment":[{"href":"https:\/\/agora.xtec.cat\/esc-jmaragall-sabadell\/wp-json\/wp\/v2\/media?parent=8112"}],"wp:term":[{"taxonomy":"category","embeddable":true,"href":"https:\/\/agora.xtec.cat\/esc-jmaragall-sabadell\/wp-json\/wp\/v2\/categories?post=8112"},{"taxonomy":"post_tag","embeddable":true,"href":"https:\/\/agora.xtec.cat\/esc-jmaragall-sabadell\/wp-json\/wp\/v2\/tags?post=8112"}],"curies":[{"name":"wp","href":"https:\/\/api.w.org\/{rel}","templated":true}]}}