{"id":8101,"date":"2025-03-06T12:24:26","date_gmt":"2025-03-06T11:24:26","guid":{"rendered":"https:\/\/agora.xtec.cat\/esc-jmaragall-sabadell\/?p=8101"},"modified":"2025-03-11T15:27:01","modified_gmt":"2025-03-11T14:27:01","slug":"una-visita-molt-especial-a-cicle-superior","status":"publish","type":"post","link":"https:\/\/agora.xtec.cat\/esc-jmaragall-sabadell\/general\/una-visita-molt-especial-a-cicle-superior\/","title":{"rendered":"UNA VISITA MOLT ESPECIAL A CICLE SUPERIOR"},"content":{"rendered":"<p style=\"text-align: left;\">Dimarts passat, 4 de mar\u00e7, els alumnes de cicle superior de l&#8217;Escola Joan Maragall vam tenir el privilegi de rebre la visita de l&#8217;A\u00efcha C\u00e1mara, futbolista del Bar\u00e7a Femen\u00ed i antiga alumna de la nostra escola. Aquesta trobada va ser una experi\u00e8ncia molt enriquidora, especialment en el marc de la celebraci\u00f3 del Dia de la Dona, una ocasi\u00f3 perfecta per con\u00e8ixer de prop l&#8217;esfor\u00e7, la const\u00e0ncia i la passi\u00f3 d&#8217;una dona que ha fet del futbol la seva vida.<\/p>\n<p style=\"text-align: left;\">L&#8217;A\u00efcha ens va explicar com \u00e9s el seu dia a dia vivint a la Masia i entrenant amb el Bar\u00e7a, equip en el qual juga des de fa vuit anys. Ens va parlar de la seva rutina d&#8217;entrenaments, de com es prepara per als partits i de tot el cam\u00ed que ha recorregut per arribar on \u00e9s avui. Tamb\u00e9 va compartir amb nosaltres\u00a0 moments de superaci\u00f3 i d&#8217;aprenentatge que ha viscut al llarg de la seva traject\u00f2ria esportiva. Els alumnes van estar molt atents i van aprofitar l&#8217;oportunitat per fer-li moltes preguntes sobre la seva experi\u00e8ncia al m\u00f3n del futbol professional.<\/p>\n<p style=\"text-align: left;\">A m\u00e9s de parlar-nos del futbol, l&#8217;A\u00efcha ens va transmetre valors molt importants, com la perseveran\u00e7a, l&#8217;esfor\u00e7, el treball en equip i la import\u00e0ncia de no rendir-se mai davant les dificultats. Va destacar que el cam\u00ed per aconseguir els somnis no sempre \u00e9s f\u00e1cil, per\u00f2 amb dedicaci\u00f3 i passi\u00f3, tot \u00e9s possible.<\/p>\n<p style=\"text-align: left;\">Per acabar la visita, tots els alumnes van poder aconseguir un aut\u00f2graf d&#8217;aquesta gran esportista, que sens dubte es va convertir en una font d&#8217;inspiraci\u00f3 per a molts d&#8217;ells.<\/p>\n<p style=\"text-align: left;\">Des de l&#8217;escola Joan Maragall volem donar-li les gr\u00e0cies per compartir amb nosaltres la seva experi\u00e8ncia i per demostrar-nos que, amb esfor\u00e7 i il\u00b7lusi\u00f3, no hi ha l\u00edmits per assolir els nostres somnis!<\/p>\n<p>&nbsp;<\/p>\n<p><a href=\"https:\/\/agora.xtec.cat\/esc-jmaragall-sabadell\/wp-content\/uploads\/usu1082\/2025\/03\/AICHA-2-scaled.jpg\"><img loading=\"lazy\" decoding=\"async\" class=\"wp-image-8103 aligncenter\" src=\"https:\/\/agora.xtec.cat\/esc-jmaragall-sabadell\/wp-content\/uploads\/usu1082\/2025\/03\/AICHA-2-1024x768.jpg\" alt=\"\" width=\"813\" height=\"609\" srcset=\"https:\/\/agora.xtec.cat\/esc-jmaragall-sabadell\/wp-content\/uploads\/usu1082\/2025\/03\/AICHA-2-1024x768.jpg 1024w, https:\/\/agora.xtec.cat\/esc-jmaragall-sabadell\/wp-content\/uploads\/usu1082\/2025\/03\/AICHA-2-300x225.jpg 300w, https:\/\/agora.xtec.cat\/esc-jmaragall-sabadell\/wp-content\/uploads\/usu1082\/2025\/03\/AICHA-2-768x576.jpg 768w, https:\/\/agora.xtec.cat\/esc-jmaragall-sabadell\/wp-content\/uploads\/usu1082\/2025\/03\/AICHA-2-1536x1152.jpg 1536w, https:\/\/agora.xtec.cat\/esc-jmaragall-sabadell\/wp-content\/uploads\/usu1082\/2025\/03\/AICHA-2-2048x1536.jpg 2048w, https:\/\/agora.xtec.cat\/esc-jmaragall-sabadell\/wp-content\/uploads\/usu1082\/2025\/03\/AICHA-2-200x150.jpg 200w\" sizes=\"auto, (max-width: 813px) 100vw, 813px\" \/><\/a><\/p>\n<p><a href=\"https:\/\/agora.xtec.cat\/esc-jmaragall-sabadell\/wp-content\/uploads\/usu1082\/2025\/03\/AICHA-1-scaled.jpg\"><img loading=\"lazy\" decoding=\"async\" class=\"wp-image-8102 aligncenter\" src=\"https:\/\/agora.xtec.cat\/esc-jmaragall-sabadell\/wp-content\/uploads\/usu1082\/2025\/03\/AICHA-1-1024x768.jpg\" alt=\"\" width=\"813\" height=\"610\" srcset=\"https:\/\/agora.xtec.cat\/esc-jmaragall-sabadell\/wp-content\/uploads\/usu1082\/2025\/03\/AICHA-1-1024x768.jpg 1024w, https:\/\/agora.xtec.cat\/esc-jmaragall-sabadell\/wp-content\/uploads\/usu1082\/2025\/03\/AICHA-1-300x225.jpg 300w, https:\/\/agora.xtec.cat\/esc-jmaragall-sabadell\/wp-content\/uploads\/usu1082\/2025\/03\/AICHA-1-768x576.jpg 768w, https:\/\/agora.xtec.cat\/esc-jmaragall-sabadell\/wp-content\/uploads\/usu1082\/2025\/03\/AICHA-1-1536x1152.jpg 1536w, https:\/\/agora.xtec.cat\/esc-jmaragall-sabadell\/wp-content\/uploads\/usu1082\/2025\/03\/AICHA-1-2048x1536.jpg 2048w, https:\/\/agora.xtec.cat\/esc-jmaragall-sabadell\/wp-content\/uploads\/usu1082\/2025\/03\/AICHA-1-200x150.jpg 200w\" sizes=\"auto, (max-width: 813px) 100vw, 813px\" \/><\/a><\/p>\n<p style=\"text-align: left;\">\n","protected":false},"excerpt":{"rendered":"<p>Dimarts passat, 4 de mar\u00e7, els alumnes de cicle superior de l&#8217;Escola Joan Maragall vam tenir el privilegi de rebre la visita de l&#8217;A\u00efcha C\u00e1mara, futbolista del Bar\u00e7a Femen\u00ed i antiga alumna de la nostra escola. Aquesta trobada va ser una experi\u00e8ncia molt enriquidora, especialment&hellip;  <a href=\"https:\/\/agora.xtec.cat\/esc-jmaragall-sabadell\/general\/una-visita-molt-especial-a-cicle-superior\/\" title=\"Read UNA VISITA MOLT ESPECIAL A CICLE SUPERIOR\">Llegeix m\u00e9s\u00bb<\/a><\/p>\n","protected":false},"author":166,"featured_media":8102,"comment_status":"open","ping_status":"closed","sticky":false,"template":"","format":"standard","meta":{"_bbp_topic_count":0,"_bbp_reply_count":0,"_bbp_total_topic_count":0,"_bbp_total_reply_count":0,"_bbp_voice_count":0,"_bbp_anonymous_reply_count":0,"_bbp_topic_count_hidden":0,"_bbp_reply_count_hidden":0,"_bbp_forum_subforum_count":0,"footnotes":""},"categories":[3,8,1,4,5],"tags":[],"class_list":["post-8101","post","type-post","status-publish","format-standard","has-post-thumbnail","hentry","category-3","category-8","category-general","category-portada","category-primaria"],"post_mailing_queue_ids":[],"_links":{"self":[{"href":"https:\/\/agora.xtec.cat\/esc-jmaragall-sabadell\/wp-json\/wp\/v2\/posts\/8101","targetHints":{"allow":["GET"]}}],"collection":[{"href":"https:\/\/agora.xtec.cat\/esc-jmaragall-sabadell\/wp-json\/wp\/v2\/posts"}],"about":[{"href":"https:\/\/agora.xtec.cat\/esc-jmaragall-sabadell\/wp-json\/wp\/v2\/types\/post"}],"author":[{"embeddable":true,"href":"https:\/\/agora.xtec.cat\/esc-jmaragall-sabadell\/wp-json\/wp\/v2\/users\/166"}],"replies":[{"embeddable":true,"href":"https:\/\/agora.xtec.cat\/esc-jmaragall-sabadell\/wp-json\/wp\/v2\/comments?post=8101"}],"version-history":[{"count":1,"href":"https:\/\/agora.xtec.cat\/esc-jmaragall-sabadell\/wp-json\/wp\/v2\/posts\/8101\/revisions"}],"predecessor-version":[{"id":8104,"href":"https:\/\/agora.xtec.cat\/esc-jmaragall-sabadell\/wp-json\/wp\/v2\/posts\/8101\/revisions\/8104"}],"wp:featuredmedia":[{"embeddable":true,"href":"https:\/\/agora.xtec.cat\/esc-jmaragall-sabadell\/wp-json\/wp\/v2\/media\/8102"}],"wp:attachment":[{"href":"https:\/\/agora.xtec.cat\/esc-jmaragall-sabadell\/wp-json\/wp\/v2\/media?parent=8101"}],"wp:term":[{"taxonomy":"category","embeddable":true,"href":"https:\/\/agora.xtec.cat\/esc-jmaragall-sabadell\/wp-json\/wp\/v2\/categories?post=8101"},{"taxonomy":"post_tag","embeddable":true,"href":"https:\/\/agora.xtec.cat\/esc-jmaragall-sabadell\/wp-json\/wp\/v2\/tags?post=8101"}],"curies":[{"name":"wp","href":"https:\/\/api.w.org\/{rel}","templated":true}]}}