{"id":8097,"date":"2025-03-04T17:18:02","date_gmt":"2025-03-04T16:18:02","guid":{"rendered":"https:\/\/agora.xtec.cat\/esc-jmaragall-sabadell\/?p=8097"},"modified":"2025-03-04T17:18:02","modified_gmt":"2025-03-04T16:18:02","slug":"petits-moviments-gran-diversio","status":"publish","type":"post","link":"https:\/\/agora.xtec.cat\/esc-jmaragall-sabadell\/general\/petits-moviments-gran-diversio\/","title":{"rendered":"Petits moviments, gran diversi\u00f3!"},"content":{"rendered":"<div style=\"width: 800px;\" class=\"wp-video\"><!--[if lt IE 9]><script>document.createElement('video');<\/script><![endif]-->\n<video class=\"wp-video-shortcode\" id=\"video-8097-1\" width=\"800\" height=\"800\" preload=\"metadata\" controls=\"controls\"><source type=\"video\/mp4\" src=\"https:\/\/agora.xtec.cat\/esc-jmaragall-sabadell\/wp-content\/uploads\/usu1082\/2025\/03\/Psicomotricitat-I3.mp4?_=1\" \/><a href=\"https:\/\/agora.xtec.cat\/esc-jmaragall-sabadell\/wp-content\/uploads\/usu1082\/2025\/03\/Psicomotricitat-I3.mp4\">https:\/\/agora.xtec.cat\/esc-jmaragall-sabadell\/wp-content\/uploads\/usu1082\/2025\/03\/Psicomotricitat-I3.mp4<\/a><\/video><\/div>\n<p data-start=\"116\" data-end=\"594\">\n<p data-start=\"116\" data-end=\"594\">\n<p data-start=\"116\" data-end=\"594\">\n<p style=\"text-align: left;\" data-start=\"116\" data-end=\"594\">Sovint, a les sessions de psicomotricitat amb els infants de I3, utilitzem la <em data-start=\"183\" data-end=\"206\">muralla d&#8217;Aucouturier<\/em>, la qual convida els nens i nenes a explorar gr\u00e0cies als seus moviments corporals, equilibris i despla\u00e7aments.\u00a0 Les sessions de psicomotricitat permeten als infants treballar la coordinaci\u00f3, el control del cos i la confian\u00e7a en les seves pr\u00f2pies capacitats. La psicomotricitat \u00e9s fonamental per al desenvolupament global dels infants, ja que afavoreix la seva integraci\u00f3 f\u00edsica, emocional i cognitiva. A trav\u00e9s del moviment i el joc, aprenen a con\u00e8ixer el seu cos, a regular les seves emocions i a desenvolupar habilitats socials. La psicomotricitat no nom\u00e9s millora la motricitat fina i grossa, sin\u00f3 que tamb\u00e9 fomenta la confian\u00e7a, la seguretat i la seva autonomia. <span style=\"font-family: inherit; font-size: 1em;\">La psicomotricitat tamb\u00e9 juga un paper essencial en la creaci\u00f3 de vincles entre els infants. A trav\u00e9s del joc compartit i la interacci\u00f3 lliure, aprenen a respectar-se, a cooperar i a comunicar-se. Les relacions que es creen durant les sessions de psicomotricitat ajuden a desenvolupar habilitats socials importants com la resoluci\u00f3 de conflictes, l&#8217;empatia i el treball en equip. Aquesta connexi\u00f3 social \u00e9s fonamental per a la seva integraci\u00f3 en el grup i el seu creixement emocional.<\/span><\/p>\n<article class=\"w-full text-token-text-primary focus-visible:outline-2 focus-visible:outline-offset-[-4px]\" dir=\"auto\" data-testid=\"conversation-turn-9\" data-scroll-anchor=\"true\">\n<div class=\"m-auto text-base py-[18px] px-6\">\n<div class=\"mx-auto flex flex-1 text-base gap-4 md:gap-5 lg:gap-6 md:max-w-3xl\">\n<div class=\"group\/conversation-turn relative flex w-full min-w-0 flex-col agent-turn @xs\/thread:px-0 @sm\/thread:px-1.5 @md\/thread:px-4\">\n<div class=\"flex-col gap-1 md:gap-3\">\n<div class=\"mb-2 flex gap-3 -ml-2\" tabindex=\"0\">\n<div class=\"items-center justify-start rounded-xl p-1 flex\">\n<div class=\"flex items-center\"><\/div>\n<\/div>\n<\/div>\n<div class=\"mt-3 w-full empty:hidden\">\n<div class=\"text-center\"><\/div>\n<\/div>\n<\/div>\n<div class=\"absolute\">\n<div class=\"flex items-center justify-center\"><\/div>\n<\/div>\n<\/div>\n<\/div>\n<\/div>\n<\/article>\n<div class=\"pointer-events-none h-px w-px\" aria-hidden=\"true\" data-edge=\"true\"><\/div>\n<p data-start=\"596\" data-end=\"949\">\n","protected":false},"excerpt":{"rendered":"<p><a href=\"https:\/\/agora.xtec.cat\/esc-jmaragall-sabadell\/wp-content\/uploads\/usu1082\/2025\/03\/Psicomotricitat-I3.mp4\">https:\/\/agora.xtec.cat\/esc-jmaragall-sabadell\/wp-content\/uploads\/usu1082\/2025\/03\/Psicomotricitat-I3.mp4<\/a><\/p>\n<p>Sovint, a les sessions de psicomotricitat amb els infants de I3, utilitzem la muralla d&#8217;Aucouturier, la qual convida els nens i nenes a explorar gr\u00e0cies als seus moviments corporals, equilibris i despla\u00e7aments.\u00a0 Les sessions de psicomotricitat permeten als infants treballar la coordinaci\u00f3, el control&hellip;  <a href=\"https:\/\/agora.xtec.cat\/esc-jmaragall-sabadell\/general\/petits-moviments-gran-diversio\/\" title=\"Read Petits moviments, gran diversi\u00f3!\">Llegeix m\u00e9s\u00bb<\/a><\/p>\n","protected":false},"author":100,"featured_media":0,"comment_status":"open","ping_status":"closed","sticky":false,"template":"","format":"standard","meta":{"_bbp_topic_count":0,"_bbp_reply_count":0,"_bbp_total_topic_count":0,"_bbp_total_reply_count":0,"_bbp_voice_count":0,"_bbp_anonymous_reply_count":0,"_bbp_topic_count_hidden":0,"_bbp_reply_count_hidden":0,"_bbp_forum_subforum_count":0,"footnotes":""},"categories":[1,2,4],"tags":[],"class_list":["post-8097","post","type-post","status-publish","format-standard","hentry","category-general","category-infantil","category-portada"],"post_mailing_queue_ids":[],"_links":{"self":[{"href":"https:\/\/agora.xtec.cat\/esc-jmaragall-sabadell\/wp-json\/wp\/v2\/posts\/8097","targetHints":{"allow":["GET"]}}],"collection":[{"href":"https:\/\/agora.xtec.cat\/esc-jmaragall-sabadell\/wp-json\/wp\/v2\/posts"}],"about":[{"href":"https:\/\/agora.xtec.cat\/esc-jmaragall-sabadell\/wp-json\/wp\/v2\/types\/post"}],"author":[{"embeddable":true,"href":"https:\/\/agora.xtec.cat\/esc-jmaragall-sabadell\/wp-json\/wp\/v2\/users\/100"}],"replies":[{"embeddable":true,"href":"https:\/\/agora.xtec.cat\/esc-jmaragall-sabadell\/wp-json\/wp\/v2\/comments?post=8097"}],"version-history":[{"count":2,"href":"https:\/\/agora.xtec.cat\/esc-jmaragall-sabadell\/wp-json\/wp\/v2\/posts\/8097\/revisions"}],"predecessor-version":[{"id":8100,"href":"https:\/\/agora.xtec.cat\/esc-jmaragall-sabadell\/wp-json\/wp\/v2\/posts\/8097\/revisions\/8100"}],"wp:attachment":[{"href":"https:\/\/agora.xtec.cat\/esc-jmaragall-sabadell\/wp-json\/wp\/v2\/media?parent=8097"}],"wp:term":[{"taxonomy":"category","embeddable":true,"href":"https:\/\/agora.xtec.cat\/esc-jmaragall-sabadell\/wp-json\/wp\/v2\/categories?post=8097"},{"taxonomy":"post_tag","embeddable":true,"href":"https:\/\/agora.xtec.cat\/esc-jmaragall-sabadell\/wp-json\/wp\/v2\/tags?post=8097"}],"curies":[{"name":"wp","href":"https:\/\/api.w.org\/{rel}","templated":true}]}}