{"id":8033,"date":"2025-02-18T12:43:10","date_gmt":"2025-02-18T11:43:10","guid":{"rendered":"https:\/\/agora.xtec.cat\/esc-jmaragall-sabadell\/?p=8033"},"modified":"2025-02-18T12:55:50","modified_gmt":"2025-02-18T11:55:50","slug":"1r-va-dexcursio-a-lobservatori-astronomic-de-sabadell","status":"publish","type":"post","link":"https:\/\/agora.xtec.cat\/esc-jmaragall-sabadell\/general\/1r-va-dexcursio-a-lobservatori-astronomic-de-sabadell\/","title":{"rendered":"1r va d&#8217;excursi\u00f3 a l&#8217;Observatori Astron\u00f2mic de Sabadell"},"content":{"rendered":"<p>Aquest divendres 14 de febrer l&#8217;alumnat de 1r vam anar d&#8217;excursi\u00f3 a l&#8217;Observatori de l&#8217;Agrupaci\u00f3 Astron\u00f2mica de Sabadell aprofitant que estem estudiat el sistema solar i l&#8217;univers.<\/p>\n<p>A les 9.00 vam sortir de l&#8217;escola i vam anar caminant fins al Parc Catalunya i vam esmorzar davant de l&#8217;observatori.<\/p>\n<p><img loading=\"lazy\" decoding=\"async\" class=\"alignnone size-medium wp-image-8054\" src=\"https:\/\/agora.xtec.cat\/esc-jmaragall-sabadell\/wp-content\/uploads\/usu1082\/2025\/02\/obs4-300x296.png\" alt=\"\" width=\"300\" height=\"296\" srcset=\"https:\/\/agora.xtec.cat\/esc-jmaragall-sabadell\/wp-content\/uploads\/usu1082\/2025\/02\/obs4-300x296.png 300w, https:\/\/agora.xtec.cat\/esc-jmaragall-sabadell\/wp-content\/uploads\/usu1082\/2025\/02\/obs4.png 613w\" sizes=\"auto, (max-width: 300px) 100vw, 300px\" \/><\/p>\n<p>Ens va rebre l&#8217;Albert, un monitor de l&#8217;Astron\u00f2mica. Primer ens va fer una xerrada sobre el sistema solar, el Sol, la lluna i els astronautes. Vam demostrar que sabem moltes coses ja sobre l&#8217;univers per\u00f2 en vam aprendre un munt. Per exemple que el Sol t\u00e9 taques, les temperatures extremes d&#8217;alguns planetes, com s&#8217;enlaira un coet&#8230; Despr\u00e8s vam pujar a la c\u00fapula. All\u00e0 l&#8217;Albert ens va explicar com funciona un telescopi i com hem de mirar el Sol. No el podem mirar directament, hem de fer servir un filtre. Com les ulleres de sol!<\/p>\n<p><img loading=\"lazy\" decoding=\"async\" class=\"alignnone size-medium wp-image-8052\" src=\"https:\/\/agora.xtec.cat\/esc-jmaragall-sabadell\/wp-content\/uploads\/usu1082\/2025\/02\/obs2-300x225.png\" alt=\"\" width=\"300\" height=\"225\" srcset=\"https:\/\/agora.xtec.cat\/esc-jmaragall-sabadell\/wp-content\/uploads\/usu1082\/2025\/02\/obs2-300x225.png 300w, https:\/\/agora.xtec.cat\/esc-jmaragall-sabadell\/wp-content\/uploads\/usu1082\/2025\/02\/obs2-200x150.png 200w, https:\/\/agora.xtec.cat\/esc-jmaragall-sabadell\/wp-content\/uploads\/usu1082\/2025\/02\/obs2.png 648w\" sizes=\"auto, (max-width: 300px) 100vw, 300px\" \/><\/p>\n<p>El sostre de la c\u00fapula es va obrir i vam apuntar amb el telescopi cap al Sol. Ens va encantar!<\/p>\n<p><img loading=\"lazy\" decoding=\"async\" class=\"alignnone size-medium wp-image-8051\" src=\"https:\/\/agora.xtec.cat\/esc-jmaragall-sabadell\/wp-content\/uploads\/usu1082\/2025\/02\/obs1-300x232.png\" alt=\"\" width=\"300\" height=\"232\" srcset=\"https:\/\/agora.xtec.cat\/esc-jmaragall-sabadell\/wp-content\/uploads\/usu1082\/2025\/02\/obs1-300x232.png 300w, https:\/\/agora.xtec.cat\/esc-jmaragall-sabadell\/wp-content\/uploads\/usu1082\/2025\/02\/obs1-768x594.png 768w, https:\/\/agora.xtec.cat\/esc-jmaragall-sabadell\/wp-content\/uploads\/usu1082\/2025\/02\/obs1.png 800w\" sizes=\"auto, (max-width: 300px) 100vw, 300px\" \/><\/p>\n<p>Un cop finalitzada la visita, ens vam acomiadar de l&#8217;Albert i vam anar a jugar al parc abans de tornar a l&#8217;escola. Mireu qu\u00e8 b\u00e9 ens ho passem!<\/p>\n<p><img loading=\"lazy\" decoding=\"async\" class=\"alignnone size-medium wp-image-8053\" src=\"https:\/\/agora.xtec.cat\/esc-jmaragall-sabadell\/wp-content\/uploads\/usu1082\/2025\/02\/obs3-300x227.png\" alt=\"\" width=\"300\" height=\"227\" srcset=\"https:\/\/agora.xtec.cat\/esc-jmaragall-sabadell\/wp-content\/uploads\/usu1082\/2025\/02\/obs3-300x227.png 300w, https:\/\/agora.xtec.cat\/esc-jmaragall-sabadell\/wp-content\/uploads\/usu1082\/2025\/02\/obs3-768x582.png 768w, https:\/\/agora.xtec.cat\/esc-jmaragall-sabadell\/wp-content\/uploads\/usu1082\/2025\/02\/obs3-200x150.png 200w, https:\/\/agora.xtec.cat\/esc-jmaragall-sabadell\/wp-content\/uploads\/usu1082\/2025\/02\/obs3.png 817w\" sizes=\"auto, (max-width: 300px) 100vw, 300px\" \/><\/p>\n<p>&nbsp;<\/p>\n<p>&nbsp;<\/p>\n","protected":false},"excerpt":{"rendered":"<p>Aquest divendres 14 de febrer l&#8217;alumnat de 1r vam anar d&#8217;excursi\u00f3 a l&#8217;Observatori de l&#8217;Agrupaci\u00f3 Astron\u00f2mica de Sabadell aprofitant que estem estudiat el sistema solar i l&#8217;univers.<br \/>\nA les 9.00 vam sortir de l&#8217;escola i vam anar caminant fins al Parc Catalunya i vam esmorzar davant&hellip;  <a href=\"https:\/\/agora.xtec.cat\/esc-jmaragall-sabadell\/general\/1r-va-dexcursio-a-lobservatori-astronomic-de-sabadell\/\" title=\"Read 1r va d&#8217;excursi\u00f3 a l&#8217;Observatori Astron\u00f2mic de Sabadell\">Llegeix m\u00e9s\u00bb<\/a><\/p>\n","protected":false},"author":161,"featured_media":8047,"comment_status":"open","ping_status":"closed","sticky":false,"template":"","format":"standard","meta":{"_bbp_topic_count":0,"_bbp_reply_count":0,"_bbp_total_topic_count":0,"_bbp_total_reply_count":0,"_bbp_voice_count":0,"_bbp_anonymous_reply_count":0,"_bbp_topic_count_hidden":0,"_bbp_reply_count_hidden":0,"_bbp_forum_subforum_count":0,"footnotes":""},"categories":[245,1,4,5],"tags":[89,71],"class_list":["post-8033","post","type-post","status-publish","format-standard","has-post-thumbnail","hentry","category-245","category-general","category-portada","category-primaria","tag-1r","tag-primaria"],"post_mailing_queue_ids":[],"_links":{"self":[{"href":"https:\/\/agora.xtec.cat\/esc-jmaragall-sabadell\/wp-json\/wp\/v2\/posts\/8033","targetHints":{"allow":["GET"]}}],"collection":[{"href":"https:\/\/agora.xtec.cat\/esc-jmaragall-sabadell\/wp-json\/wp\/v2\/posts"}],"about":[{"href":"https:\/\/agora.xtec.cat\/esc-jmaragall-sabadell\/wp-json\/wp\/v2\/types\/post"}],"author":[{"embeddable":true,"href":"https:\/\/agora.xtec.cat\/esc-jmaragall-sabadell\/wp-json\/wp\/v2\/users\/161"}],"replies":[{"embeddable":true,"href":"https:\/\/agora.xtec.cat\/esc-jmaragall-sabadell\/wp-json\/wp\/v2\/comments?post=8033"}],"version-history":[{"count":4,"href":"https:\/\/agora.xtec.cat\/esc-jmaragall-sabadell\/wp-json\/wp\/v2\/posts\/8033\/revisions"}],"predecessor-version":[{"id":8044,"href":"https:\/\/agora.xtec.cat\/esc-jmaragall-sabadell\/wp-json\/wp\/v2\/posts\/8033\/revisions\/8044"}],"wp:featuredmedia":[{"embeddable":true,"href":"https:\/\/agora.xtec.cat\/esc-jmaragall-sabadell\/wp-json\/wp\/v2\/media\/8047"}],"wp:attachment":[{"href":"https:\/\/agora.xtec.cat\/esc-jmaragall-sabadell\/wp-json\/wp\/v2\/media?parent=8033"}],"wp:term":[{"taxonomy":"category","embeddable":true,"href":"https:\/\/agora.xtec.cat\/esc-jmaragall-sabadell\/wp-json\/wp\/v2\/categories?post=8033"},{"taxonomy":"post_tag","embeddable":true,"href":"https:\/\/agora.xtec.cat\/esc-jmaragall-sabadell\/wp-json\/wp\/v2\/tags?post=8033"}],"curies":[{"name":"wp","href":"https:\/\/api.w.org\/{rel}","templated":true}]}}