{"id":7991,"date":"2025-02-13T12:39:36","date_gmt":"2025-02-13T11:39:36","guid":{"rendered":"https:\/\/agora.xtec.cat\/esc-jmaragall-sabadell\/?p=7991"},"modified":"2025-02-13T12:39:36","modified_gmt":"2025-02-13T11:39:36","slug":"preinscripcio-2025-2026","status":"publish","type":"post","link":"https:\/\/agora.xtec.cat\/esc-jmaragall-sabadell\/general\/preinscripcio-2025-2026\/","title":{"rendered":"PREINSCRIPCI\u00d3 2025-2026"},"content":{"rendered":"<h5><span style=\"color: #ff0000;\">La preinscripci\u00f3 pel curs 2025-2026 ser\u00e0 del 12 de mar\u00e7 al 26 de mar\u00e7.<\/span><\/h5>\n<h5><span style=\"color: #ff0000;\">L\u2019escola us podr\u00e0 ajudar a fer-la, en cas que ho necessiteu. <\/span><\/h5>\n<h5><span style=\"color: #ff0000;\">En breu publicarem les dates per qu\u00e8 us pugueu apuntar.<\/span><\/h5>\n<h5><a href=\"https:\/\/agora.xtec.cat\/esc-jmaragall-sabadell\/wp-content\/uploads\/usu1082\/2025\/02\/preinscripcio-2526.png\"><img loading=\"lazy\" decoding=\"async\" class=\"alignnone size-medium wp-image-7992\" src=\"https:\/\/agora.xtec.cat\/esc-jmaragall-sabadell\/wp-content\/uploads\/usu1082\/2025\/02\/preinscripcio-2526-300x167.png\" alt=\"\" width=\"300\" height=\"167\" srcset=\"https:\/\/agora.xtec.cat\/esc-jmaragall-sabadell\/wp-content\/uploads\/usu1082\/2025\/02\/preinscripcio-2526-300x167.png 300w, https:\/\/agora.xtec.cat\/esc-jmaragall-sabadell\/wp-content\/uploads\/usu1082\/2025\/02\/preinscripcio-2526-1024x570.png 1024w, https:\/\/agora.xtec.cat\/esc-jmaragall-sabadell\/wp-content\/uploads\/usu1082\/2025\/02\/preinscripcio-2526-768x427.png 768w, https:\/\/agora.xtec.cat\/esc-jmaragall-sabadell\/wp-content\/uploads\/usu1082\/2025\/02\/preinscripcio-2526.png 1125w\" sizes=\"auto, (max-width: 300px) 100vw, 300px\" \/><\/a><\/h5>\n","protected":false},"excerpt":{"rendered":"<p>La preinscripci\u00f3 pel curs 2025-2026 ser\u00e0 del 12 de mar\u00e7 al 26 de mar\u00e7.<br \/>\nL\u2019escola us podr\u00e0 ajudar a fer-la, en cas que ho necessiteu.<br \/>\nEn breu publicarem les dates per qu\u00e8 us pugueu apuntar.<br \/>\n<a href=\"https:\/\/agora.xtec.cat\/esc-jmaragall-sabadell\/wp-content\/uploads\/usu1082\/2025\/02\/preinscripcio-2526.png\"><\/a><\/p>\n","protected":false},"author":48,"featured_media":7992,"comment_status":"open","ping_status":"closed","sticky":false,"template":"","format":"standard","meta":{"_bbp_topic_count":0,"_bbp_reply_count":0,"_bbp_total_topic_count":0,"_bbp_total_reply_count":0,"_bbp_voice_count":0,"_bbp_anonymous_reply_count":0,"_bbp_topic_count_hidden":0,"_bbp_reply_count_hidden":0,"_bbp_forum_subforum_count":0,"footnotes":""},"categories":[1,2,4,5],"tags":[],"class_list":["post-7991","post","type-post","status-publish","format-standard","has-post-thumbnail","hentry","category-general","category-infantil","category-portada","category-primaria"],"post_mailing_queue_ids":[],"_links":{"self":[{"href":"https:\/\/agora.xtec.cat\/esc-jmaragall-sabadell\/wp-json\/wp\/v2\/posts\/7991","targetHints":{"allow":["GET"]}}],"collection":[{"href":"https:\/\/agora.xtec.cat\/esc-jmaragall-sabadell\/wp-json\/wp\/v2\/posts"}],"about":[{"href":"https:\/\/agora.xtec.cat\/esc-jmaragall-sabadell\/wp-json\/wp\/v2\/types\/post"}],"author":[{"embeddable":true,"href":"https:\/\/agora.xtec.cat\/esc-jmaragall-sabadell\/wp-json\/wp\/v2\/users\/48"}],"replies":[{"embeddable":true,"href":"https:\/\/agora.xtec.cat\/esc-jmaragall-sabadell\/wp-json\/wp\/v2\/comments?post=7991"}],"version-history":[{"count":1,"href":"https:\/\/agora.xtec.cat\/esc-jmaragall-sabadell\/wp-json\/wp\/v2\/posts\/7991\/revisions"}],"predecessor-version":[{"id":7993,"href":"https:\/\/agora.xtec.cat\/esc-jmaragall-sabadell\/wp-json\/wp\/v2\/posts\/7991\/revisions\/7993"}],"wp:featuredmedia":[{"embeddable":true,"href":"https:\/\/agora.xtec.cat\/esc-jmaragall-sabadell\/wp-json\/wp\/v2\/media\/7992"}],"wp:attachment":[{"href":"https:\/\/agora.xtec.cat\/esc-jmaragall-sabadell\/wp-json\/wp\/v2\/media?parent=7991"}],"wp:term":[{"taxonomy":"category","embeddable":true,"href":"https:\/\/agora.xtec.cat\/esc-jmaragall-sabadell\/wp-json\/wp\/v2\/categories?post=7991"},{"taxonomy":"post_tag","embeddable":true,"href":"https:\/\/agora.xtec.cat\/esc-jmaragall-sabadell\/wp-json\/wp\/v2\/tags?post=7991"}],"curies":[{"name":"wp","href":"https:\/\/api.w.org\/{rel}","templated":true}]}}