{"id":7980,"date":"2025-02-12T18:18:07","date_gmt":"2025-02-12T17:18:07","guid":{"rendered":"https:\/\/agora.xtec.cat\/esc-jmaragall-sabadell\/?p=7980"},"modified":"2025-02-12T18:18:31","modified_gmt":"2025-02-12T17:18:31","slug":"visitem-les-cotxeres-de-la-tus","status":"publish","type":"post","link":"https:\/\/agora.xtec.cat\/esc-jmaragall-sabadell\/general\/visitem-les-cotxeres-de-la-tus\/","title":{"rendered":"Visitem les cotxeres de la TUS!"},"content":{"rendered":"<p>Aquest mat\u00ed els nens i les nenes de 2n han visitat les cotxeres de la TUS ubicades al sud de Sabadell. Per arribar all\u00e0 hem agafat la L80 i hem fet un total de 19 parades!!<\/p>\n<p>A les instal\u00b7lacions hem fet un petit recorregut per totes les estances i hem pogut veure que tenen benzinera pr\u00f2pia, taller de mec\u00e0nica, safareig d&#8217;autobusos i moltes places per guardar els autobusos. Tamb\u00e9 hem pujat a l&#8217;autob\u00fas m\u00e9s antic de la TUS anomenat Avibus i, per acabar, hem fet alguns jocs relacionats amb el funcionament de la TUS.<\/p>\n<p>Ens ho hem passat genial i hem apr\u00e8s moltes coses com: que hi ha 70 autobusos, que cadascun d&#8217;ells t\u00e9 6 rodes, mesura 12 metres i pesa 12.000kg&#8230; Ens ha agradat molt!<a href=\"https:\/\/agora.xtec.cat\/esc-jmaragall-sabadell\/wp-content\/uploads\/usu1082\/2025\/02\/WhatsApp-Image-2025-02-12-at-18.06.25-4.jpeg\"><img loading=\"lazy\" decoding=\"async\" class=\"wp-image-7984 alignleft\" src=\"https:\/\/agora.xtec.cat\/esc-jmaragall-sabadell\/wp-content\/uploads\/usu1082\/2025\/02\/WhatsApp-Image-2025-02-12-at-18.06.25-4-e1739380241502-1024x756.jpeg\" alt=\"\" width=\"584\" height=\"431\" srcset=\"https:\/\/agora.xtec.cat\/esc-jmaragall-sabadell\/wp-content\/uploads\/usu1082\/2025\/02\/WhatsApp-Image-2025-02-12-at-18.06.25-4-e1739380241502-1024x756.jpeg 1024w, https:\/\/agora.xtec.cat\/esc-jmaragall-sabadell\/wp-content\/uploads\/usu1082\/2025\/02\/WhatsApp-Image-2025-02-12-at-18.06.25-4-e1739380241502-300x222.jpeg 300w, https:\/\/agora.xtec.cat\/esc-jmaragall-sabadell\/wp-content\/uploads\/usu1082\/2025\/02\/WhatsApp-Image-2025-02-12-at-18.06.25-4-e1739380241502-768x567.jpeg 768w, https:\/\/agora.xtec.cat\/esc-jmaragall-sabadell\/wp-content\/uploads\/usu1082\/2025\/02\/WhatsApp-Image-2025-02-12-at-18.06.25-4-e1739380241502.jpeg 1346w\" sizes=\"auto, (max-width: 584px) 100vw, 584px\" \/><\/a><\/p>\n<p><a href=\"https:\/\/agora.xtec.cat\/esc-jmaragall-sabadell\/wp-content\/uploads\/usu1082\/2025\/02\/WhatsApp-Image-2025-02-12-at-18.06.25-3.jpeg\"><img loading=\"lazy\" decoding=\"async\" class=\"wp-image-7985 alignleft\" src=\"https:\/\/agora.xtec.cat\/esc-jmaragall-sabadell\/wp-content\/uploads\/usu1082\/2025\/02\/WhatsApp-Image-2025-02-12-at-18.06.25-3-768x1024.jpeg\" alt=\"\" width=\"261\" height=\"348\" srcset=\"https:\/\/agora.xtec.cat\/esc-jmaragall-sabadell\/wp-content\/uploads\/usu1082\/2025\/02\/WhatsApp-Image-2025-02-12-at-18.06.25-3-768x1024.jpeg 768w, https:\/\/agora.xtec.cat\/esc-jmaragall-sabadell\/wp-content\/uploads\/usu1082\/2025\/02\/WhatsApp-Image-2025-02-12-at-18.06.25-3-225x300.jpeg 225w, https:\/\/agora.xtec.cat\/esc-jmaragall-sabadell\/wp-content\/uploads\/usu1082\/2025\/02\/WhatsApp-Image-2025-02-12-at-18.06.25-3-1152x1536.jpeg 1152w, https:\/\/agora.xtec.cat\/esc-jmaragall-sabadell\/wp-content\/uploads\/usu1082\/2025\/02\/WhatsApp-Image-2025-02-12-at-18.06.25-3.jpeg 1200w\" sizes=\"auto, (max-width: 261px) 100vw, 261px\" \/><\/a><\/p>\n<p>&nbsp;<\/p>\n<p>&nbsp;<\/p>\n<p>&nbsp;<\/p>\n<p>&nbsp;<\/p>\n<p>&nbsp;<\/p>\n<p>&nbsp;<\/p>\n<p>&nbsp;<\/p>\n<p>&nbsp;<\/p>\n<p>&nbsp;<\/p>\n<p><a href=\"https:\/\/agora.xtec.cat\/esc-jmaragall-sabadell\/wp-content\/uploads\/usu1082\/2025\/02\/WhatsApp-Image-2025-02-12-at-18.06.25.jpeg\"><img loading=\"lazy\" decoding=\"async\" class=\"wp-image-7988 alignleft\" src=\"https:\/\/agora.xtec.cat\/esc-jmaragall-sabadell\/wp-content\/uploads\/usu1082\/2025\/02\/WhatsApp-Image-2025-02-12-at-18.06.25-1024x768.jpeg\" alt=\"\" width=\"416\" height=\"312\" srcset=\"https:\/\/agora.xtec.cat\/esc-jmaragall-sabadell\/wp-content\/uploads\/usu1082\/2025\/02\/WhatsApp-Image-2025-02-12-at-18.06.25-1024x768.jpeg 1024w, https:\/\/agora.xtec.cat\/esc-jmaragall-sabadell\/wp-content\/uploads\/usu1082\/2025\/02\/WhatsApp-Image-2025-02-12-at-18.06.25-300x225.jpeg 300w, https:\/\/agora.xtec.cat\/esc-jmaragall-sabadell\/wp-content\/uploads\/usu1082\/2025\/02\/WhatsApp-Image-2025-02-12-at-18.06.25-768x576.jpeg 768w, https:\/\/agora.xtec.cat\/esc-jmaragall-sabadell\/wp-content\/uploads\/usu1082\/2025\/02\/WhatsApp-Image-2025-02-12-at-18.06.25-1536x1152.jpeg 1536w, https:\/\/agora.xtec.cat\/esc-jmaragall-sabadell\/wp-content\/uploads\/usu1082\/2025\/02\/WhatsApp-Image-2025-02-12-at-18.06.25-200x150.jpeg 200w, https:\/\/agora.xtec.cat\/esc-jmaragall-sabadell\/wp-content\/uploads\/usu1082\/2025\/02\/WhatsApp-Image-2025-02-12-at-18.06.25.jpeg 1600w\" sizes=\"auto, (max-width: 416px) 100vw, 416px\" \/><\/a><a href=\"https:\/\/agora.xtec.cat\/esc-jmaragall-sabadell\/wp-content\/uploads\/usu1082\/2025\/02\/WhatsApp-Image-2025-02-12-at-18.06.25-1.jpeg\"><img loading=\"lazy\" decoding=\"async\" class=\"aligncenter wp-image-7987\" src=\"https:\/\/agora.xtec.cat\/esc-jmaragall-sabadell\/wp-content\/uploads\/usu1082\/2025\/02\/WhatsApp-Image-2025-02-12-at-18.06.25-1-1024x768.jpeg\" alt=\"\" width=\"419\" height=\"314\" srcset=\"https:\/\/agora.xtec.cat\/esc-jmaragall-sabadell\/wp-content\/uploads\/usu1082\/2025\/02\/WhatsApp-Image-2025-02-12-at-18.06.25-1-1024x768.jpeg 1024w, https:\/\/agora.xtec.cat\/esc-jmaragall-sabadell\/wp-content\/uploads\/usu1082\/2025\/02\/WhatsApp-Image-2025-02-12-at-18.06.25-1-300x225.jpeg 300w, https:\/\/agora.xtec.cat\/esc-jmaragall-sabadell\/wp-content\/uploads\/usu1082\/2025\/02\/WhatsApp-Image-2025-02-12-at-18.06.25-1-768x576.jpeg 768w, https:\/\/agora.xtec.cat\/esc-jmaragall-sabadell\/wp-content\/uploads\/usu1082\/2025\/02\/WhatsApp-Image-2025-02-12-at-18.06.25-1-1536x1152.jpeg 1536w, https:\/\/agora.xtec.cat\/esc-jmaragall-sabadell\/wp-content\/uploads\/usu1082\/2025\/02\/WhatsApp-Image-2025-02-12-at-18.06.25-1-200x150.jpeg 200w, https:\/\/agora.xtec.cat\/esc-jmaragall-sabadell\/wp-content\/uploads\/usu1082\/2025\/02\/WhatsApp-Image-2025-02-12-at-18.06.25-1.jpeg 1600w\" sizes=\"auto, (max-width: 419px) 100vw, 419px\" \/><\/a><\/p>\n<p><a href=\"https:\/\/agora.xtec.cat\/esc-jmaragall-sabadell\/wp-content\/uploads\/usu1082\/2025\/02\/WhatsApp-Image-2025-02-12-at-18.06.26.jpeg\"><img loading=\"lazy\" decoding=\"async\" class=\"wp-image-7983 alignleft\" src=\"https:\/\/agora.xtec.cat\/esc-jmaragall-sabadell\/wp-content\/uploads\/usu1082\/2025\/02\/WhatsApp-Image-2025-02-12-at-18.06.26-1024x768.jpeg\" alt=\"\" width=\"329\" height=\"246\" srcset=\"https:\/\/agora.xtec.cat\/esc-jmaragall-sabadell\/wp-content\/uploads\/usu1082\/2025\/02\/WhatsApp-Image-2025-02-12-at-18.06.26-1024x768.jpeg 1024w, https:\/\/agora.xtec.cat\/esc-jmaragall-sabadell\/wp-content\/uploads\/usu1082\/2025\/02\/WhatsApp-Image-2025-02-12-at-18.06.26-300x225.jpeg 300w, https:\/\/agora.xtec.cat\/esc-jmaragall-sabadell\/wp-content\/uploads\/usu1082\/2025\/02\/WhatsApp-Image-2025-02-12-at-18.06.26-768x576.jpeg 768w, https:\/\/agora.xtec.cat\/esc-jmaragall-sabadell\/wp-content\/uploads\/usu1082\/2025\/02\/WhatsApp-Image-2025-02-12-at-18.06.26-1536x1152.jpeg 1536w, https:\/\/agora.xtec.cat\/esc-jmaragall-sabadell\/wp-content\/uploads\/usu1082\/2025\/02\/WhatsApp-Image-2025-02-12-at-18.06.26-200x150.jpeg 200w, https:\/\/agora.xtec.cat\/esc-jmaragall-sabadell\/wp-content\/uploads\/usu1082\/2025\/02\/WhatsApp-Image-2025-02-12-at-18.06.26.jpeg 1600w\" sizes=\"auto, (max-width: 329px) 100vw, 329px\" \/><\/a><a href=\"https:\/\/agora.xtec.cat\/esc-jmaragall-sabadell\/wp-content\/uploads\/usu1082\/2025\/02\/WhatsApp-Image-2025-02-12-at-18.06.26-2.jpeg\"><img loading=\"lazy\" decoding=\"async\" class=\"wp-image-7981 alignleft\" src=\"https:\/\/agora.xtec.cat\/esc-jmaragall-sabadell\/wp-content\/uploads\/usu1082\/2025\/02\/WhatsApp-Image-2025-02-12-at-18.06.26-2-1024x768.jpeg\" alt=\"\" width=\"326\" height=\"245\" srcset=\"https:\/\/agora.xtec.cat\/esc-jmaragall-sabadell\/wp-content\/uploads\/usu1082\/2025\/02\/WhatsApp-Image-2025-02-12-at-18.06.26-2-1024x768.jpeg 1024w, https:\/\/agora.xtec.cat\/esc-jmaragall-sabadell\/wp-content\/uploads\/usu1082\/2025\/02\/WhatsApp-Image-2025-02-12-at-18.06.26-2-300x225.jpeg 300w, https:\/\/agora.xtec.cat\/esc-jmaragall-sabadell\/wp-content\/uploads\/usu1082\/2025\/02\/WhatsApp-Image-2025-02-12-at-18.06.26-2-768x576.jpeg 768w, https:\/\/agora.xtec.cat\/esc-jmaragall-sabadell\/wp-content\/uploads\/usu1082\/2025\/02\/WhatsApp-Image-2025-02-12-at-18.06.26-2-1536x1152.jpeg 1536w, https:\/\/agora.xtec.cat\/esc-jmaragall-sabadell\/wp-content\/uploads\/usu1082\/2025\/02\/WhatsApp-Image-2025-02-12-at-18.06.26-2-200x150.jpeg 200w, https:\/\/agora.xtec.cat\/esc-jmaragall-sabadell\/wp-content\/uploads\/usu1082\/2025\/02\/WhatsApp-Image-2025-02-12-at-18.06.26-2.jpeg 1600w\" sizes=\"auto, (max-width: 326px) 100vw, 326px\" \/><\/a><\/p>\n","protected":false},"excerpt":{"rendered":"<p>Aquest mat\u00ed els nens i les nenes de 2n han visitat les cotxeres de la TUS ubicades al sud de Sabadell. Per arribar all\u00e0 hem agafat la L80 i hem fet un total de 19 parades!!<br \/>\nA les instal\u00b7lacions hem fet un petit recorregut per totes&hellip;  <a href=\"https:\/\/agora.xtec.cat\/esc-jmaragall-sabadell\/general\/visitem-les-cotxeres-de-la-tus\/\" title=\"Read Visitem les cotxeres de la TUS!\">Llegeix m\u00e9s\u00bb<\/a><\/p>\n","protected":false},"author":99,"featured_media":7984,"comment_status":"open","ping_status":"closed","sticky":false,"template":"","format":"standard","meta":{"_bbp_topic_count":0,"_bbp_reply_count":0,"_bbp_total_topic_count":0,"_bbp_total_reply_count":0,"_bbp_voice_count":0,"_bbp_anonymous_reply_count":0,"_bbp_topic_count_hidden":0,"_bbp_reply_count_hidden":0,"_bbp_forum_subforum_count":0,"footnotes":""},"categories":[219,1,4,5],"tags":[],"class_list":["post-7980","post","type-post","status-publish","format-standard","has-post-thumbnail","hentry","category-219","category-general","category-portada","category-primaria"],"post_mailing_queue_ids":[],"_links":{"self":[{"href":"https:\/\/agora.xtec.cat\/esc-jmaragall-sabadell\/wp-json\/wp\/v2\/posts\/7980","targetHints":{"allow":["GET"]}}],"collection":[{"href":"https:\/\/agora.xtec.cat\/esc-jmaragall-sabadell\/wp-json\/wp\/v2\/posts"}],"about":[{"href":"https:\/\/agora.xtec.cat\/esc-jmaragall-sabadell\/wp-json\/wp\/v2\/types\/post"}],"author":[{"embeddable":true,"href":"https:\/\/agora.xtec.cat\/esc-jmaragall-sabadell\/wp-json\/wp\/v2\/users\/99"}],"replies":[{"embeddable":true,"href":"https:\/\/agora.xtec.cat\/esc-jmaragall-sabadell\/wp-json\/wp\/v2\/comments?post=7980"}],"version-history":[{"count":2,"href":"https:\/\/agora.xtec.cat\/esc-jmaragall-sabadell\/wp-json\/wp\/v2\/posts\/7980\/revisions"}],"predecessor-version":[{"id":7990,"href":"https:\/\/agora.xtec.cat\/esc-jmaragall-sabadell\/wp-json\/wp\/v2\/posts\/7980\/revisions\/7990"}],"wp:featuredmedia":[{"embeddable":true,"href":"https:\/\/agora.xtec.cat\/esc-jmaragall-sabadell\/wp-json\/wp\/v2\/media\/7984"}],"wp:attachment":[{"href":"https:\/\/agora.xtec.cat\/esc-jmaragall-sabadell\/wp-json\/wp\/v2\/media?parent=7980"}],"wp:term":[{"taxonomy":"category","embeddable":true,"href":"https:\/\/agora.xtec.cat\/esc-jmaragall-sabadell\/wp-json\/wp\/v2\/categories?post=7980"},{"taxonomy":"post_tag","embeddable":true,"href":"https:\/\/agora.xtec.cat\/esc-jmaragall-sabadell\/wp-json\/wp\/v2\/tags?post=7980"}],"curies":[{"name":"wp","href":"https:\/\/api.w.org\/{rel}","templated":true}]}}