{"id":7955,"date":"2025-02-06T09:15:33","date_gmt":"2025-02-06T08:15:33","guid":{"rendered":"https:\/\/agora.xtec.cat\/esc-jmaragall-sabadell\/?p=7955"},"modified":"2025-02-06T09:15:33","modified_gmt":"2025-02-06T08:15:33","slug":"3r-ens-iniciem-a-latletisme","status":"publish","type":"post","link":"https:\/\/agora.xtec.cat\/esc-jmaragall-sabadell\/general\/3r-ens-iniciem-a-latletisme\/","title":{"rendered":"3r ENS INICIEM A L&#8217;ATLETISME"},"content":{"rendered":"<p>La setmana passada el grup de 3r de prim\u00e0ria de l&#8217;escola v\u00e0rem visitar la Pista Coberta d\u2019Atletisme de Catalunya de Sabadell, per con\u00e8ixer el m\u00f3n de l\u2019atletisme i les seves caracter\u00edstiques. Tamb\u00e9 v\u00e0rem poder practicar diferents disciplines d&#8217;aquest esport com: llan\u00e7ament de pes, salt de longitud, cursa de velocitat, tanques i relleus. Despr\u00e9s d&#8217;aquest petit tastet treballarem aquest esport a les sessions d&#8217;Educaci\u00f3 F\u00edsica, per poder participar m\u00e9s endavant en una trobada atl\u00e8tica amb altres escoles.<\/p>\n<p><iframe loading=\"lazy\" title=\"Iniciaci\u00f3 a l&#039;atletisme en pista coberta 3r.\" width=\"500\" height=\"281\" src=\"https:\/\/www.youtube.com\/embed\/RruhDsSie0o?feature=oembed\" frameborder=\"0\" allow=\"accelerometer; autoplay; clipboard-write; encrypted-media; gyroscope; picture-in-picture; web-share\" referrerpolicy=\"strict-origin-when-cross-origin\" allowfullscreen><\/iframe><\/p>\n","protected":false},"excerpt":{"rendered":"<p>La setmana passada el grup de 3r de prim\u00e0ria de l&#8217;escola v\u00e0rem visitar la Pista Coberta d\u2019Atletisme de Catalunya de Sabadell, per con\u00e8ixer el m\u00f3n de l\u2019atletisme i les seves caracter\u00edstiques. Tamb\u00e9 v\u00e0rem poder practicar diferents disciplines d&#8217;aquest esport com: llan\u00e7ament de pes, salt de&hellip;  <a href=\"https:\/\/agora.xtec.cat\/esc-jmaragall-sabadell\/general\/3r-ens-iniciem-a-latletisme\/\" title=\"Read 3r ENS INICIEM A L&#8217;ATLETISME\">Llegeix m\u00e9s\u00bb<\/a><\/p>\n","protected":false},"author":164,"featured_media":0,"comment_status":"open","ping_status":"closed","sticky":false,"template":"","format":"standard","meta":{"_bbp_topic_count":0,"_bbp_reply_count":0,"_bbp_total_topic_count":0,"_bbp_total_reply_count":0,"_bbp_voice_count":0,"_bbp_anonymous_reply_count":0,"_bbp_topic_count_hidden":0,"_bbp_reply_count_hidden":0,"_bbp_forum_subforum_count":0,"footnotes":""},"categories":[190,92,1,4],"tags":[],"class_list":["post-7955","post","type-post","status-publish","format-standard","hentry","category-190","category-educacio-fisica","category-general","category-portada"],"post_mailing_queue_ids":[],"_links":{"self":[{"href":"https:\/\/agora.xtec.cat\/esc-jmaragall-sabadell\/wp-json\/wp\/v2\/posts\/7955","targetHints":{"allow":["GET"]}}],"collection":[{"href":"https:\/\/agora.xtec.cat\/esc-jmaragall-sabadell\/wp-json\/wp\/v2\/posts"}],"about":[{"href":"https:\/\/agora.xtec.cat\/esc-jmaragall-sabadell\/wp-json\/wp\/v2\/types\/post"}],"author":[{"embeddable":true,"href":"https:\/\/agora.xtec.cat\/esc-jmaragall-sabadell\/wp-json\/wp\/v2\/users\/164"}],"replies":[{"embeddable":true,"href":"https:\/\/agora.xtec.cat\/esc-jmaragall-sabadell\/wp-json\/wp\/v2\/comments?post=7955"}],"version-history":[{"count":3,"href":"https:\/\/agora.xtec.cat\/esc-jmaragall-sabadell\/wp-json\/wp\/v2\/posts\/7955\/revisions"}],"predecessor-version":[{"id":7958,"href":"https:\/\/agora.xtec.cat\/esc-jmaragall-sabadell\/wp-json\/wp\/v2\/posts\/7955\/revisions\/7958"}],"wp:attachment":[{"href":"https:\/\/agora.xtec.cat\/esc-jmaragall-sabadell\/wp-json\/wp\/v2\/media?parent=7955"}],"wp:term":[{"taxonomy":"category","embeddable":true,"href":"https:\/\/agora.xtec.cat\/esc-jmaragall-sabadell\/wp-json\/wp\/v2\/categories?post=7955"},{"taxonomy":"post_tag","embeddable":true,"href":"https:\/\/agora.xtec.cat\/esc-jmaragall-sabadell\/wp-json\/wp\/v2\/tags?post=7955"}],"curies":[{"name":"wp","href":"https:\/\/api.w.org\/{rel}","templated":true}]}}