{"id":7899,"date":"2025-01-29T18:29:24","date_gmt":"2025-01-29T17:29:24","guid":{"rendered":"https:\/\/agora.xtec.cat\/esc-jmaragall-sabadell\/?p=7899"},"modified":"2025-01-29T18:29:24","modified_gmt":"2025-01-29T17:29:24","slug":"etwinning-project-the-bros-family","status":"publish","type":"post","link":"https:\/\/agora.xtec.cat\/esc-jmaragall-sabadell\/general\/etwinning-project-the-bros-family\/","title":{"rendered":"ETWINNING PROJECT &#8211; THE BRO&#8217;S FAMILY"},"content":{"rendered":"<p><strong>\ud83c\udf89 Comencem &#8220;The Bro\u2019s Family&#8221;! Un projecte eTwinning amb It\u00e0lia \ud83c\uddee\ud83c\uddf9<\/p>\n<p><a href=\"https:\/\/agora.xtec.cat\/esc-jmaragall-sabadell\/wp-content\/uploads\/usu1082\/2025\/01\/IMG_0666-scaled.jpg\"><img loading=\"lazy\" decoding=\"async\" class=\"alignnone size-medium wp-image-7902\" src=\"https:\/\/agora.xtec.cat\/esc-jmaragall-sabadell\/wp-content\/uploads\/usu1082\/2025\/01\/IMG_0666-225x300.jpg\" alt=\"\" width=\"225\" height=\"300\" srcset=\"https:\/\/agora.xtec.cat\/esc-jmaragall-sabadell\/wp-content\/uploads\/usu1082\/2025\/01\/IMG_0666-225x300.jpg 225w, https:\/\/agora.xtec.cat\/esc-jmaragall-sabadell\/wp-content\/uploads\/usu1082\/2025\/01\/IMG_0666-768x1024.jpg 768w, https:\/\/agora.xtec.cat\/esc-jmaragall-sabadell\/wp-content\/uploads\/usu1082\/2025\/01\/IMG_0666-1152x1536.jpg 1152w, https:\/\/agora.xtec.cat\/esc-jmaragall-sabadell\/wp-content\/uploads\/usu1082\/2025\/01\/IMG_0666-1536x2048.jpg 1536w, https:\/\/agora.xtec.cat\/esc-jmaragall-sabadell\/wp-content\/uploads\/usu1082\/2025\/01\/IMG_0666-scaled.jpg 1920w\" sizes=\"auto, (max-width: 225px) 100vw, 225px\" \/><\/a> <a href=\"https:\/\/agora.xtec.cat\/esc-jmaragall-sabadell\/wp-content\/uploads\/usu1082\/2025\/01\/IMG_0671-scaled.jpg\"><img loading=\"lazy\" decoding=\"async\" class=\"alignnone size-medium wp-image-7903\" src=\"https:\/\/agora.xtec.cat\/esc-jmaragall-sabadell\/wp-content\/uploads\/usu1082\/2025\/01\/IMG_0671-225x300.jpg\" alt=\"\" width=\"225\" height=\"300\" srcset=\"https:\/\/agora.xtec.cat\/esc-jmaragall-sabadell\/wp-content\/uploads\/usu1082\/2025\/01\/IMG_0671-225x300.jpg 225w, https:\/\/agora.xtec.cat\/esc-jmaragall-sabadell\/wp-content\/uploads\/usu1082\/2025\/01\/IMG_0671-768x1024.jpg 768w, https:\/\/agora.xtec.cat\/esc-jmaragall-sabadell\/wp-content\/uploads\/usu1082\/2025\/01\/IMG_0671-1152x1536.jpg 1152w, https:\/\/agora.xtec.cat\/esc-jmaragall-sabadell\/wp-content\/uploads\/usu1082\/2025\/01\/IMG_0671-1536x2048.jpg 1536w, https:\/\/agora.xtec.cat\/esc-jmaragall-sabadell\/wp-content\/uploads\/usu1082\/2025\/01\/IMG_0671-scaled.jpg 1920w\" sizes=\"auto, (max-width: 225px) 100vw, 225px\" \/><\/a><br \/>\n<\/strong><\/p>\n<p>Aquest curs, els alumnes de 4t de prim\u00e0ria participen en un projecte eTwinning anomenat <strong>&#8220;The Bro\u2019s Family&#8221;<\/strong>, una iniciativa conjunta amb una escola d\u2019Isernia, It\u00e0lia, i una escola de Nav\u00e0s, Catalunya. Al llarg del curs, explorarem junts h\u00e0bits saludables i l\u2019alimentaci\u00f3 mediterr\u00e0nia, tot practicant l\u2019angl\u00e8s i descobrint altres cultures.<\/p>\n<p>Per donar el tret de sortida al projecte, avui hem fet una activitat molt especial: un <strong>Mystery Skype<\/strong>! \ud83d\udd0d\ud83c\udfa5 Els nostres <em>partners<\/em> italians no sabien d\u2019on \u00e9rem nosaltres, ni nosaltres d\u2019on eren ells. Per esbrinar-ho, hem fet preguntes en angl\u00e8s sobre el pa\u00eds, la ciutat i els costums, tot utilitzant el Google Earth, fins a descobrir que ells viuen a Isernia i ells han acabat descobrint que som de Sabadell! \ud83c\udfd9\ufe0f\ud83c\udf0d<\/p>\n<p>Ha estat una experi\u00e8ncia molt emocionant, plena de curiositat i treball en equip. Aquesta connexi\u00f3 amb It\u00e0lia \u00e9s nom\u00e9s el principi d\u2019un projecte que ens portar\u00e0 a con\u00e8ixer millor els h\u00e0bits alimentaris saludables, compartir receptes, comparar costums i aprendre junts!<\/p>\n<p>Seguirem explicant els nostres aven\u00e7os amb <strong>&#8220;The Bro\u2019s Family&#8221;<\/strong>. Stay tuned! \ud83d\udce2\ud83d\udc40<\/p>\n","protected":false},"excerpt":{"rendered":"<p>\ud83c\udf89 Comencem &#8220;The Bro\u2019s Family&#8221;! Un projecte eTwinning amb It\u00e0lia \ud83c\uddee\ud83c\uddf9<br \/>\n<a href=\"https:\/\/agora.xtec.cat\/esc-jmaragall-sabadell\/wp-content\/uploads\/usu1082\/2025\/01\/IMG_0666-scaled.jpg\"><\/a> <a href=\"https:\/\/agora.xtec.cat\/esc-jmaragall-sabadell\/wp-content\/uploads\/usu1082\/2025\/01\/IMG_0671-scaled.jpg\"><\/a><\/p>\n<p>Aquest curs, els alumnes de 4t de prim\u00e0ria participen en un projecte eTwinning anomenat &#8220;The Bro\u2019s Family&#8221;, una iniciativa conjunta amb una escola d\u2019Isernia, It\u00e0lia, i una escola de Nav\u00e0s, Catalunya. Al&hellip;  <a href=\"https:\/\/agora.xtec.cat\/esc-jmaragall-sabadell\/general\/etwinning-project-the-bros-family\/\" title=\"Read ETWINNING PROJECT &#8211; THE BRO&#8217;S FAMILY\">Llegeix m\u00e9s\u00bb<\/a><\/p>\n","protected":false},"author":167,"featured_media":0,"comment_status":"open","ping_status":"closed","sticky":false,"template":"","format":"standard","meta":{"_bbp_topic_count":0,"_bbp_reply_count":0,"_bbp_total_topic_count":0,"_bbp_total_reply_count":0,"_bbp_voice_count":0,"_bbp_anonymous_reply_count":0,"_bbp_topic_count_hidden":0,"_bbp_reply_count_hidden":0,"_bbp_forum_subforum_count":0,"footnotes":""},"categories":[120,130,1,4,5],"tags":[],"class_list":["post-7899","post","type-post","status-publish","format-standard","hentry","category-120","category-angles","category-general","category-portada","category-primaria"],"post_mailing_queue_ids":[],"_links":{"self":[{"href":"https:\/\/agora.xtec.cat\/esc-jmaragall-sabadell\/wp-json\/wp\/v2\/posts\/7899","targetHints":{"allow":["GET"]}}],"collection":[{"href":"https:\/\/agora.xtec.cat\/esc-jmaragall-sabadell\/wp-json\/wp\/v2\/posts"}],"about":[{"href":"https:\/\/agora.xtec.cat\/esc-jmaragall-sabadell\/wp-json\/wp\/v2\/types\/post"}],"author":[{"embeddable":true,"href":"https:\/\/agora.xtec.cat\/esc-jmaragall-sabadell\/wp-json\/wp\/v2\/users\/167"}],"replies":[{"embeddable":true,"href":"https:\/\/agora.xtec.cat\/esc-jmaragall-sabadell\/wp-json\/wp\/v2\/comments?post=7899"}],"version-history":[{"count":2,"href":"https:\/\/agora.xtec.cat\/esc-jmaragall-sabadell\/wp-json\/wp\/v2\/posts\/7899\/revisions"}],"predecessor-version":[{"id":7904,"href":"https:\/\/agora.xtec.cat\/esc-jmaragall-sabadell\/wp-json\/wp\/v2\/posts\/7899\/revisions\/7904"}],"wp:attachment":[{"href":"https:\/\/agora.xtec.cat\/esc-jmaragall-sabadell\/wp-json\/wp\/v2\/media?parent=7899"}],"wp:term":[{"taxonomy":"category","embeddable":true,"href":"https:\/\/agora.xtec.cat\/esc-jmaragall-sabadell\/wp-json\/wp\/v2\/categories?post=7899"},{"taxonomy":"post_tag","embeddable":true,"href":"https:\/\/agora.xtec.cat\/esc-jmaragall-sabadell\/wp-json\/wp\/v2\/tags?post=7899"}],"curies":[{"name":"wp","href":"https:\/\/api.w.org\/{rel}","templated":true}]}}