{"id":7895,"date":"2025-01-11T13:19:49","date_gmt":"2025-01-11T12:19:49","guid":{"rendered":"https:\/\/agora.xtec.cat\/esc-jmaragall-sabadell\/?p=7895"},"modified":"2025-06-12T14:47:43","modified_gmt":"2025-06-12T12:47:43","slug":"concert-de-nadal-2024","status":"publish","type":"post","link":"https:\/\/agora.xtec.cat\/esc-jmaragall-sabadell\/general\/concert-de-nadal-2024\/","title":{"rendered":"CONCERT DE NADAL 2024"},"content":{"rendered":"<p>Ens fa molta il\u00b7lusi\u00f3 compartir amb vosaltres el recull de v\u00eddeos del Concert de Nadal 2024. Un esdeveniment ple de m\u00fasica, emoci\u00f3 i la m\u00e0gia pr\u00f2pia d&#8217;aquestes dates tan especials.<\/p>\n<p>Feu clic al seg\u00fcent enlla\u00e7 per veure els v\u00eddeos: <a href=\"https:\/\/www.youtube.com\/playlist?list=PLY11DmsFX62FRFFwMHVHTsvNqjWSUbO0Q\">Concert de Nadal 2024<\/a><\/p>\n<p><iframe loading=\"lazy\" title=\"NADAL 2024\" width=\"500\" height=\"281\" src=\"https:\/\/www.youtube.com\/embed\/videoseries?list=PLY11DmsFX62FRFFwMHVHTsvNqjWSUbO0Q\" frameborder=\"0\" allow=\"accelerometer; autoplay; clipboard-write; encrypted-media; gyroscope; picture-in-picture; web-share\" referrerpolicy=\"strict-origin-when-cross-origin\" allowfullscreen><\/iframe><\/p>\n","protected":false},"excerpt":{"rendered":"<p>Ens fa molta il\u00b7lusi\u00f3 compartir amb vosaltres el recull de v\u00eddeos del Concert de Nadal 2024. Un esdeveniment ple de m\u00fasica, emoci\u00f3 i la m\u00e0gia pr\u00f2pia d&#8217;aquestes dates tan especials.<br \/>\nFeu clic al seg\u00fcent enlla\u00e7 per veure els v\u00eddeos: <a href=\"https:\/\/www.youtube.com\/playlist?list=PLY11DmsFX62FRFFwMHVHTsvNqjWSUbO0Q\">Concert de Nadal 2024<\/a><\/p>\n","protected":false},"author":167,"featured_media":0,"comment_status":"open","ping_status":"closed","sticky":false,"template":"","format":"standard","meta":{"_bbp_topic_count":0,"_bbp_reply_count":0,"_bbp_total_topic_count":0,"_bbp_total_reply_count":0,"_bbp_voice_count":0,"_bbp_anonymous_reply_count":0,"_bbp_topic_count_hidden":0,"_bbp_reply_count_hidden":0,"_bbp_forum_subforum_count":0,"footnotes":""},"categories":[1,2,61,4,5],"tags":[],"class_list":["post-7895","post","type-post","status-publish","format-standard","hentry","category-general","category-infantil","category-musica","category-portada","category-primaria"],"post_mailing_queue_ids":[],"_links":{"self":[{"href":"https:\/\/agora.xtec.cat\/esc-jmaragall-sabadell\/wp-json\/wp\/v2\/posts\/7895","targetHints":{"allow":["GET"]}}],"collection":[{"href":"https:\/\/agora.xtec.cat\/esc-jmaragall-sabadell\/wp-json\/wp\/v2\/posts"}],"about":[{"href":"https:\/\/agora.xtec.cat\/esc-jmaragall-sabadell\/wp-json\/wp\/v2\/types\/post"}],"author":[{"embeddable":true,"href":"https:\/\/agora.xtec.cat\/esc-jmaragall-sabadell\/wp-json\/wp\/v2\/users\/167"}],"replies":[{"embeddable":true,"href":"https:\/\/agora.xtec.cat\/esc-jmaragall-sabadell\/wp-json\/wp\/v2\/comments?post=7895"}],"version-history":[{"count":1,"href":"https:\/\/agora.xtec.cat\/esc-jmaragall-sabadell\/wp-json\/wp\/v2\/posts\/7895\/revisions"}],"predecessor-version":[{"id":7896,"href":"https:\/\/agora.xtec.cat\/esc-jmaragall-sabadell\/wp-json\/wp\/v2\/posts\/7895\/revisions\/7896"}],"wp:attachment":[{"href":"https:\/\/agora.xtec.cat\/esc-jmaragall-sabadell\/wp-json\/wp\/v2\/media?parent=7895"}],"wp:term":[{"taxonomy":"category","embeddable":true,"href":"https:\/\/agora.xtec.cat\/esc-jmaragall-sabadell\/wp-json\/wp\/v2\/categories?post=7895"},{"taxonomy":"post_tag","embeddable":true,"href":"https:\/\/agora.xtec.cat\/esc-jmaragall-sabadell\/wp-json\/wp\/v2\/tags?post=7895"}],"curies":[{"name":"wp","href":"https:\/\/api.w.org\/{rel}","templated":true}]}}