{"id":7829,"date":"2024-12-11T13:33:30","date_gmt":"2024-12-11T12:33:30","guid":{"rendered":"https:\/\/agora.xtec.cat\/esc-jmaragall-sabadell\/?p=7829"},"modified":"2024-12-11T13:48:05","modified_gmt":"2024-12-11T12:48:05","slug":"instrumentem-el-noi-de-la-mare","status":"publish","type":"post","link":"https:\/\/agora.xtec.cat\/esc-jmaragall-sabadell\/general\/instrumentem-el-noi-de-la-mare\/","title":{"rendered":"INSTRUMENTEM &#8220;EL NOI DE LA MARE&#8221;"},"content":{"rendered":"<p>Els nens i nenes de segon de prim\u00e0ria porten uns dies molt nadalencs a les classes de m\u00fasica. A m\u00e9s a m\u00e9s de la can\u00e7\u00f3 que cantaran el dia del concert de Nadal, han estat treballant una nadala tradicional catalana: &#8220;El noi de la mare&#8221;.<\/p>\n<p>Despr\u00e9s d&#8217;escoltar-la, parlar sobre la lletra i qu\u00e8 ens agrada sobre aquesta can\u00e7\u00f3, han descobert com tocar-la amb els xil\u00f2fons i metal\u00b7l\u00f2fons.<\/p>\n<p>Us deixem un v\u00eddeo del resultat final! Fins i tot les mestres han col\u00b7laborat!<\/p>\n<p><iframe loading=\"lazy\" title=\"Instrumentaci\u00f3 &quot;El noi de la mare&quot; - 2n\" width=\"500\" height=\"281\" src=\"https:\/\/www.youtube.com\/embed\/f7m2Rz3UJ1U?feature=oembed\" frameborder=\"0\" allow=\"accelerometer; autoplay; clipboard-write; encrypted-media; gyroscope; picture-in-picture; web-share\" referrerpolicy=\"strict-origin-when-cross-origin\" allowfullscreen><\/iframe><\/p>\n","protected":false},"excerpt":{"rendered":"<p>Els nens i nenes de segon de prim\u00e0ria porten uns dies molt nadalencs a les classes de m\u00fasica. A m\u00e9s a m\u00e9s de la can\u00e7\u00f3 que cantaran el dia del concert de Nadal, han estat treballant una nadala tradicional catalana: &#8220;El noi de la mare&#8221;.<br \/>\nDespr\u00e9s&hellip;  <a href=\"https:\/\/agora.xtec.cat\/esc-jmaragall-sabadell\/general\/instrumentem-el-noi-de-la-mare\/\" title=\"Read INSTRUMENTEM &#8220;EL NOI DE LA MARE&#8221;\">Llegeix m\u00e9s\u00bb<\/a><\/p>\n","protected":false},"author":151,"featured_media":7830,"comment_status":"open","ping_status":"closed","sticky":false,"template":"","format":"standard","meta":{"_bbp_topic_count":0,"_bbp_reply_count":0,"_bbp_total_topic_count":0,"_bbp_total_reply_count":0,"_bbp_voice_count":0,"_bbp_anonymous_reply_count":0,"_bbp_topic_count_hidden":0,"_bbp_reply_count_hidden":0,"_bbp_forum_subforum_count":0,"footnotes":""},"categories":[219,1,61,4],"tags":[102,65,70],"class_list":["post-7829","post","type-post","status-publish","format-standard","has-post-thumbnail","hentry","category-219","category-general","category-musica","category-portada","tag-2n","tag-musica","tag-nadala"],"post_mailing_queue_ids":[],"_links":{"self":[{"href":"https:\/\/agora.xtec.cat\/esc-jmaragall-sabadell\/wp-json\/wp\/v2\/posts\/7829","targetHints":{"allow":["GET"]}}],"collection":[{"href":"https:\/\/agora.xtec.cat\/esc-jmaragall-sabadell\/wp-json\/wp\/v2\/posts"}],"about":[{"href":"https:\/\/agora.xtec.cat\/esc-jmaragall-sabadell\/wp-json\/wp\/v2\/types\/post"}],"author":[{"embeddable":true,"href":"https:\/\/agora.xtec.cat\/esc-jmaragall-sabadell\/wp-json\/wp\/v2\/users\/151"}],"replies":[{"embeddable":true,"href":"https:\/\/agora.xtec.cat\/esc-jmaragall-sabadell\/wp-json\/wp\/v2\/comments?post=7829"}],"version-history":[{"count":2,"href":"https:\/\/agora.xtec.cat\/esc-jmaragall-sabadell\/wp-json\/wp\/v2\/posts\/7829\/revisions"}],"predecessor-version":[{"id":7833,"href":"https:\/\/agora.xtec.cat\/esc-jmaragall-sabadell\/wp-json\/wp\/v2\/posts\/7829\/revisions\/7833"}],"wp:featuredmedia":[{"embeddable":true,"href":"https:\/\/agora.xtec.cat\/esc-jmaragall-sabadell\/wp-json\/wp\/v2\/media\/7830"}],"wp:attachment":[{"href":"https:\/\/agora.xtec.cat\/esc-jmaragall-sabadell\/wp-json\/wp\/v2\/media?parent=7829"}],"wp:term":[{"taxonomy":"category","embeddable":true,"href":"https:\/\/agora.xtec.cat\/esc-jmaragall-sabadell\/wp-json\/wp\/v2\/categories?post=7829"},{"taxonomy":"post_tag","embeddable":true,"href":"https:\/\/agora.xtec.cat\/esc-jmaragall-sabadell\/wp-json\/wp\/v2\/tags?post=7829"}],"curies":[{"name":"wp","href":"https:\/\/api.w.org\/{rel}","templated":true}]}}