{"id":7820,"date":"2024-10-31T18:22:01","date_gmt":"2024-10-31T17:22:01","guid":{"rendered":"https:\/\/agora.xtec.cat\/esc-jmaragall-sabadell\/?p=7820"},"modified":"2024-12-11T13:48:47","modified_gmt":"2024-12-11T12:48:47","slug":"dia-de-gravacio","status":"publish","type":"post","link":"https:\/\/agora.xtec.cat\/esc-jmaragall-sabadell\/general\/dia-de-gravacio\/","title":{"rendered":"DIA DE GRAVACI\u00d3!"},"content":{"rendered":"<p>Aquesta setmana les nenes i els nens de la Coraleta de Grans (5\u00e8 i 6\u00e8) han gravat la veu de la can\u00e7\u00f3 \u201cLes meves mans\u201d, himne del 25\u00e8 aniversari de la Fundaci\u00f3 Yehudi Menuhin.<\/p>\n<p>Han treballat com unes professionals i el resultat ha quedat espectacular. En l&#8217;elaboraci\u00f3 del videoclip han participat totes les classes d&#8217;Educaci\u00f3 Prim\u00e0ria, cadascun aportant el seu granet de sorra.<\/p>\n<p>A continuaci\u00f3 teniu l&#8217;enlla\u00e7 per veure el resultat final i algunes imatges de com es va gravar.<\/p>\n<p><iframe loading=\"lazy\" title=\"Les meves mans - 25\u00e8 aniversari Fundaci\u00f3 Yehudi Menuhin\" width=\"500\" height=\"281\" src=\"https:\/\/www.youtube.com\/embed\/aG5r95oBYgg?feature=oembed\" frameborder=\"0\" allow=\"accelerometer; autoplay; clipboard-write; encrypted-media; gyroscope; picture-in-picture; web-share\" referrerpolicy=\"strict-origin-when-cross-origin\" allowfullscreen><\/iframe><\/p>\n<p><a href=\"https:\/\/agora.xtec.cat\/esc-jmaragall-sabadell\/wp-content\/uploads\/usu1082\/2024\/12\/IMG_3530.heic\"><img decoding=\"async\" class=\"alignnone size-full wp-image-7821\" src=\"https:\/\/agora.xtec.cat\/esc-jmaragall-sabadell\/wp-content\/uploads\/usu1082\/2024\/12\/IMG_3530.heic\" alt=\"\" \/><\/a><a href=\"https:\/\/agora.xtec.cat\/esc-jmaragall-sabadell\/wp-content\/uploads\/usu1082\/2024\/12\/7.png\"><img loading=\"lazy\" decoding=\"async\" class=\"alignnone wp-image-7824\" src=\"https:\/\/agora.xtec.cat\/esc-jmaragall-sabadell\/wp-content\/uploads\/usu1082\/2024\/12\/7-300x225.png\" alt=\"\" width=\"504\" height=\"378\" srcset=\"https:\/\/agora.xtec.cat\/esc-jmaragall-sabadell\/wp-content\/uploads\/usu1082\/2024\/12\/7-300x225.png 300w, https:\/\/agora.xtec.cat\/esc-jmaragall-sabadell\/wp-content\/uploads\/usu1082\/2024\/12\/7-768x576.png 768w, https:\/\/agora.xtec.cat\/esc-jmaragall-sabadell\/wp-content\/uploads\/usu1082\/2024\/12\/7-200x150.png 200w, https:\/\/agora.xtec.cat\/esc-jmaragall-sabadell\/wp-content\/uploads\/usu1082\/2024\/12\/7.png 1024w\" sizes=\"auto, (max-width: 504px) 100vw, 504px\" \/><\/a> <a href=\"https:\/\/agora.xtec.cat\/esc-jmaragall-sabadell\/wp-content\/uploads\/usu1082\/2024\/12\/8.png\"><img loading=\"lazy\" decoding=\"async\" class=\"alignnone wp-image-7825\" src=\"https:\/\/agora.xtec.cat\/esc-jmaragall-sabadell\/wp-content\/uploads\/usu1082\/2024\/12\/8-300x225.png\" alt=\"\" width=\"507\" height=\"380\" srcset=\"https:\/\/agora.xtec.cat\/esc-jmaragall-sabadell\/wp-content\/uploads\/usu1082\/2024\/12\/8-300x225.png 300w, https:\/\/agora.xtec.cat\/esc-jmaragall-sabadell\/wp-content\/uploads\/usu1082\/2024\/12\/8-768x576.png 768w, https:\/\/agora.xtec.cat\/esc-jmaragall-sabadell\/wp-content\/uploads\/usu1082\/2024\/12\/8-200x150.png 200w, https:\/\/agora.xtec.cat\/esc-jmaragall-sabadell\/wp-content\/uploads\/usu1082\/2024\/12\/8.png 1024w\" sizes=\"auto, (max-width: 507px) 100vw, 507px\" \/><\/a><\/p>\n","protected":false},"excerpt":{"rendered":"<p>Aquesta setmana les nenes i els nens de la Coraleta de Grans (5\u00e8 i 6\u00e8) han gravat la veu de la can\u00e7\u00f3 \u201cLes meves mans\u201d, himne del 25\u00e8 aniversari de la Fundaci\u00f3 Yehudi Menuhin.<br \/>\nHan treballat com unes professionals i el resultat ha quedat espectacular. En&hellip;  <a href=\"https:\/\/agora.xtec.cat\/esc-jmaragall-sabadell\/general\/dia-de-gravacio\/\" title=\"Read DIA DE GRAVACI\u00d3!\">Llegeix m\u00e9s\u00bb<\/a><\/p>\n","protected":false},"author":151,"featured_media":7825,"comment_status":"open","ping_status":"closed","sticky":false,"template":"","format":"standard","meta":{"_bbp_topic_count":0,"_bbp_reply_count":0,"_bbp_total_topic_count":0,"_bbp_total_reply_count":0,"_bbp_voice_count":0,"_bbp_anonymous_reply_count":0,"_bbp_topic_count_hidden":0,"_bbp_reply_count_hidden":0,"_bbp_forum_subforum_count":0,"footnotes":""},"categories":[60,1,61,5],"tags":[],"class_list":["post-7820","post","type-post","status-publish","format-standard","has-post-thumbnail","hentry","category-coraleta","category-general","category-musica","category-primaria"],"post_mailing_queue_ids":[],"_links":{"self":[{"href":"https:\/\/agora.xtec.cat\/esc-jmaragall-sabadell\/wp-json\/wp\/v2\/posts\/7820","targetHints":{"allow":["GET"]}}],"collection":[{"href":"https:\/\/agora.xtec.cat\/esc-jmaragall-sabadell\/wp-json\/wp\/v2\/posts"}],"about":[{"href":"https:\/\/agora.xtec.cat\/esc-jmaragall-sabadell\/wp-json\/wp\/v2\/types\/post"}],"author":[{"embeddable":true,"href":"https:\/\/agora.xtec.cat\/esc-jmaragall-sabadell\/wp-json\/wp\/v2\/users\/151"}],"replies":[{"embeddable":true,"href":"https:\/\/agora.xtec.cat\/esc-jmaragall-sabadell\/wp-json\/wp\/v2\/comments?post=7820"}],"version-history":[{"count":3,"href":"https:\/\/agora.xtec.cat\/esc-jmaragall-sabadell\/wp-json\/wp\/v2\/posts\/7820\/revisions"}],"predecessor-version":[{"id":7835,"href":"https:\/\/agora.xtec.cat\/esc-jmaragall-sabadell\/wp-json\/wp\/v2\/posts\/7820\/revisions\/7835"}],"wp:featuredmedia":[{"embeddable":true,"href":"https:\/\/agora.xtec.cat\/esc-jmaragall-sabadell\/wp-json\/wp\/v2\/media\/7825"}],"wp:attachment":[{"href":"https:\/\/agora.xtec.cat\/esc-jmaragall-sabadell\/wp-json\/wp\/v2\/media?parent=7820"}],"wp:term":[{"taxonomy":"category","embeddable":true,"href":"https:\/\/agora.xtec.cat\/esc-jmaragall-sabadell\/wp-json\/wp\/v2\/categories?post=7820"},{"taxonomy":"post_tag","embeddable":true,"href":"https:\/\/agora.xtec.cat\/esc-jmaragall-sabadell\/wp-json\/wp\/v2\/tags?post=7820"}],"curies":[{"name":"wp","href":"https:\/\/api.w.org\/{rel}","templated":true}]}}