{"id":7801,"date":"2024-11-15T17:52:50","date_gmt":"2024-11-15T16:52:50","guid":{"rendered":"https:\/\/agora.xtec.cat\/esc-jmaragall-sabadell\/?p=7801"},"modified":"2024-12-11T13:48:27","modified_gmt":"2024-12-11T12:48:27","slug":"2n-i-4t-visiten-el-liceu","status":"publish","type":"post","link":"https:\/\/agora.xtec.cat\/esc-jmaragall-sabadell\/general\/2n-i-4t-visiten-el-liceu\/","title":{"rendered":"2N i 4T VISITEN EL LICEU!"},"content":{"rendered":"<p>Aquest trimestre els nens i nenes de segon i de quart han tingut la sort de visitar el Liceu, un teatre preci\u00f3s de Barcelona, on han pogut veure dues \u00f2peres espectaculars.<\/p>\n<p>Els infants de segon es van endinsar en el m\u00f3n de \u201cLa petita flauta m\u00e0gica\u201d de Mozart. Una aventura plena de m\u00e0gia i amor.<\/p>\n<p>Quart, en canvi, va veure \u201cLa cuina de Rossini\u201d; la hist\u00f2ria de dos germans que volen aconseguir el seu somni i viatgen amb el fantasma del compositor per algunes de les seves obres m\u00e9s importants. A m\u00e9s a m\u00e9s, despr\u00e9s van poder fer un taller de teatre experimental al Teatre Lliure.<\/p>\n<p><a href=\"https:\/\/agora.xtec.cat\/esc-jmaragall-sabadell\/wp-content\/uploads\/usu1082\/2024\/12\/2.png\"><img loading=\"lazy\" decoding=\"async\" class=\"alignnone wp-image-7803\" src=\"https:\/\/agora.xtec.cat\/esc-jmaragall-sabadell\/wp-content\/uploads\/usu1082\/2024\/12\/2-300x225.png\" alt=\"\" width=\"469\" height=\"352\" srcset=\"https:\/\/agora.xtec.cat\/esc-jmaragall-sabadell\/wp-content\/uploads\/usu1082\/2024\/12\/2-300x225.png 300w, https:\/\/agora.xtec.cat\/esc-jmaragall-sabadell\/wp-content\/uploads\/usu1082\/2024\/12\/2-200x150.png 200w, https:\/\/agora.xtec.cat\/esc-jmaragall-sabadell\/wp-content\/uploads\/usu1082\/2024\/12\/2.png 512w\" sizes=\"auto, (max-width: 469px) 100vw, 469px\" \/><\/a><a href=\"https:\/\/agora.xtec.cat\/esc-jmaragall-sabadell\/wp-content\/uploads\/usu1082\/2024\/12\/1.png\"><img loading=\"lazy\" decoding=\"async\" class=\"alignnone wp-image-7802\" src=\"https:\/\/agora.xtec.cat\/esc-jmaragall-sabadell\/wp-content\/uploads\/usu1082\/2024\/12\/1-300x225.png\" alt=\"\" width=\"468\" height=\"351\" srcset=\"https:\/\/agora.xtec.cat\/esc-jmaragall-sabadell\/wp-content\/uploads\/usu1082\/2024\/12\/1-300x225.png 300w, https:\/\/agora.xtec.cat\/esc-jmaragall-sabadell\/wp-content\/uploads\/usu1082\/2024\/12\/1-200x150.png 200w, https:\/\/agora.xtec.cat\/esc-jmaragall-sabadell\/wp-content\/uploads\/usu1082\/2024\/12\/1.png 512w\" sizes=\"auto, (max-width: 468px) 100vw, 468px\" \/><\/a><\/p>\n","protected":false},"excerpt":{"rendered":"<p>Aquest trimestre els nens i nenes de segon i de quart han tingut la sort de visitar el Liceu, un teatre preci\u00f3s de Barcelona, on han pogut veure dues \u00f2peres espectaculars.<br \/>\nEls infants de segon es van endinsar en el m\u00f3n de \u201cLa petita flauta m\u00e0gica\u201d&hellip;  <a href=\"https:\/\/agora.xtec.cat\/esc-jmaragall-sabadell\/general\/2n-i-4t-visiten-el-liceu\/\" title=\"Read 2N i 4T VISITEN EL LICEU!\">Llegeix m\u00e9s\u00bb<\/a><\/p>\n","protected":false},"author":151,"featured_media":7802,"comment_status":"open","ping_status":"closed","sticky":false,"template":"","format":"standard","meta":{"_bbp_topic_count":0,"_bbp_reply_count":0,"_bbp_total_topic_count":0,"_bbp_total_reply_count":0,"_bbp_voice_count":0,"_bbp_anonymous_reply_count":0,"_bbp_topic_count_hidden":0,"_bbp_reply_count_hidden":0,"_bbp_forum_subforum_count":0,"footnotes":""},"categories":[219,120,1,61,4],"tags":[],"class_list":["post-7801","post","type-post","status-publish","format-standard","has-post-thumbnail","hentry","category-219","category-120","category-general","category-musica","category-portada"],"post_mailing_queue_ids":[],"_links":{"self":[{"href":"https:\/\/agora.xtec.cat\/esc-jmaragall-sabadell\/wp-json\/wp\/v2\/posts\/7801","targetHints":{"allow":["GET"]}}],"collection":[{"href":"https:\/\/agora.xtec.cat\/esc-jmaragall-sabadell\/wp-json\/wp\/v2\/posts"}],"about":[{"href":"https:\/\/agora.xtec.cat\/esc-jmaragall-sabadell\/wp-json\/wp\/v2\/types\/post"}],"author":[{"embeddable":true,"href":"https:\/\/agora.xtec.cat\/esc-jmaragall-sabadell\/wp-json\/wp\/v2\/users\/151"}],"replies":[{"embeddable":true,"href":"https:\/\/agora.xtec.cat\/esc-jmaragall-sabadell\/wp-json\/wp\/v2\/comments?post=7801"}],"version-history":[{"count":2,"href":"https:\/\/agora.xtec.cat\/esc-jmaragall-sabadell\/wp-json\/wp\/v2\/posts\/7801\/revisions"}],"predecessor-version":[{"id":7834,"href":"https:\/\/agora.xtec.cat\/esc-jmaragall-sabadell\/wp-json\/wp\/v2\/posts\/7801\/revisions\/7834"}],"wp:featuredmedia":[{"embeddable":true,"href":"https:\/\/agora.xtec.cat\/esc-jmaragall-sabadell\/wp-json\/wp\/v2\/media\/7802"}],"wp:attachment":[{"href":"https:\/\/agora.xtec.cat\/esc-jmaragall-sabadell\/wp-json\/wp\/v2\/media?parent=7801"}],"wp:term":[{"taxonomy":"category","embeddable":true,"href":"https:\/\/agora.xtec.cat\/esc-jmaragall-sabadell\/wp-json\/wp\/v2\/categories?post=7801"},{"taxonomy":"post_tag","embeddable":true,"href":"https:\/\/agora.xtec.cat\/esc-jmaragall-sabadell\/wp-json\/wp\/v2\/tags?post=7801"}],"curies":[{"name":"wp","href":"https:\/\/api.w.org\/{rel}","templated":true}]}}