{"id":7756,"date":"2024-12-04T18:26:03","date_gmt":"2024-12-04T17:26:03","guid":{"rendered":"https:\/\/agora.xtec.cat\/esc-jmaragall-sabadell\/?p=7756"},"modified":"2024-12-04T18:26:49","modified_gmt":"2024-12-04T17:26:49","slug":"ci-ens-explica-com-es-la-nostra-escola","status":"publish","type":"post","link":"https:\/\/agora.xtec.cat\/esc-jmaragall-sabadell\/portada\/ci-ens-explica-com-es-la-nostra-escola\/","title":{"rendered":"CI ens explica &#8220;Com \u00e9s la nostra escola?&#8221;"},"content":{"rendered":"<p>Aquest trimestre, a l&#8217;\u00e0rea de catal\u00e0, les classes de 1r i de 2n han treballat la descripci\u00f3 tant de forma oral com escrita. Com a tancament\u00a0 de la unitat, l&#8217;alumnat ha pensat adjectius descriptius i frases per a explicar &#8220;Com \u00e9s la nostra escola?&#8221; i &#8220;Per qu\u00e8 ens agrada la nostra escola?&#8221;.<\/p>\n<p>Aix\u00ed que mireu i escolteu qu\u00e8 en pensen!<\/p>\n<p><iframe loading=\"lazy\" title=\"LA NOSTRA ESCOLA - CICLE INICIAL\" width=\"500\" height=\"281\" src=\"https:\/\/www.youtube.com\/embed\/6_V73RBc1dc?feature=oembed\" frameborder=\"0\" allow=\"accelerometer; autoplay; clipboard-write; encrypted-media; gyroscope; picture-in-picture; web-share\" referrerpolicy=\"strict-origin-when-cross-origin\" allowfullscreen><\/iframe><\/p>\n","protected":false},"excerpt":{"rendered":"<p>Aquest trimestre, a l&#8217;\u00e0rea de catal\u00e0, les classes de 1r i de 2n han treballat la descripci\u00f3 tant de forma oral com escrita. Com a tancament\u00a0 de la unitat, l&#8217;alumnat ha pensat adjectius descriptius i frases per a explicar &#8220;Com \u00e9s la nostra escola?&#8221; i&hellip;  <a href=\"https:\/\/agora.xtec.cat\/esc-jmaragall-sabadell\/portada\/ci-ens-explica-com-es-la-nostra-escola\/\" title=\"Read CI ens explica &#8220;Com \u00e9s la nostra escola?&#8221;\">Llegeix m\u00e9s\u00bb<\/a><\/p>\n","protected":false},"author":19,"featured_media":7758,"comment_status":"open","ping_status":"closed","sticky":false,"template":"","format":"standard","meta":{"_bbp_topic_count":0,"_bbp_reply_count":0,"_bbp_total_topic_count":0,"_bbp_total_reply_count":0,"_bbp_voice_count":0,"_bbp_anonymous_reply_count":0,"_bbp_topic_count_hidden":0,"_bbp_reply_count_hidden":0,"_bbp_forum_subforum_count":0,"footnotes":""},"categories":[245,219,4,5],"tags":[],"class_list":["post-7756","post","type-post","status-publish","format-standard","has-post-thumbnail","hentry","category-245","category-219","category-portada","category-primaria"],"post_mailing_queue_ids":[],"_links":{"self":[{"href":"https:\/\/agora.xtec.cat\/esc-jmaragall-sabadell\/wp-json\/wp\/v2\/posts\/7756","targetHints":{"allow":["GET"]}}],"collection":[{"href":"https:\/\/agora.xtec.cat\/esc-jmaragall-sabadell\/wp-json\/wp\/v2\/posts"}],"about":[{"href":"https:\/\/agora.xtec.cat\/esc-jmaragall-sabadell\/wp-json\/wp\/v2\/types\/post"}],"author":[{"embeddable":true,"href":"https:\/\/agora.xtec.cat\/esc-jmaragall-sabadell\/wp-json\/wp\/v2\/users\/19"}],"replies":[{"embeddable":true,"href":"https:\/\/agora.xtec.cat\/esc-jmaragall-sabadell\/wp-json\/wp\/v2\/comments?post=7756"}],"version-history":[{"count":2,"href":"https:\/\/agora.xtec.cat\/esc-jmaragall-sabadell\/wp-json\/wp\/v2\/posts\/7756\/revisions"}],"predecessor-version":[{"id":7759,"href":"https:\/\/agora.xtec.cat\/esc-jmaragall-sabadell\/wp-json\/wp\/v2\/posts\/7756\/revisions\/7759"}],"wp:featuredmedia":[{"embeddable":true,"href":"https:\/\/agora.xtec.cat\/esc-jmaragall-sabadell\/wp-json\/wp\/v2\/media\/7758"}],"wp:attachment":[{"href":"https:\/\/agora.xtec.cat\/esc-jmaragall-sabadell\/wp-json\/wp\/v2\/media?parent=7756"}],"wp:term":[{"taxonomy":"category","embeddable":true,"href":"https:\/\/agora.xtec.cat\/esc-jmaragall-sabadell\/wp-json\/wp\/v2\/categories?post=7756"},{"taxonomy":"post_tag","embeddable":true,"href":"https:\/\/agora.xtec.cat\/esc-jmaragall-sabadell\/wp-json\/wp\/v2\/tags?post=7756"}],"curies":[{"name":"wp","href":"https:\/\/api.w.org\/{rel}","templated":true}]}}