{"id":7735,"date":"2024-11-23T09:13:30","date_gmt":"2024-11-23T08:13:30","guid":{"rendered":"https:\/\/agora.xtec.cat\/esc-jmaragall-sabadell\/?p=7735"},"modified":"2024-11-23T09:14:22","modified_gmt":"2024-11-23T08:14:22","slug":"2n-visitem-la-biblioteca-del-barri","status":"publish","type":"post","link":"https:\/\/agora.xtec.cat\/esc-jmaragall-sabadell\/portada\/2n-visitem-la-biblioteca-del-barri\/","title":{"rendered":"2n VISITEM LA BIBLIOTECA DEL BARRI"},"content":{"rendered":"<p>El passat dimecres 20 de novembre vam fer una visita a la biblioteca per con\u00e8ixer el seu funcionament i les seves normes. All\u00e0 vam aprendre quins llibres s\u00f3n aptes per la nostra edat i vam fullejar diferents tipologies (contes, c\u00f2mics, llibres de coneixements&#8230;). Per acabar, cada infant va agafar un llibre de pr\u00e9stec per poder llegir-lo a l&#8217;escola.<\/p>\n<p><a href=\"https:\/\/agora.xtec.cat\/esc-jmaragall-sabadell\/wp-content\/uploads\/usu1082\/2024\/11\/WhatsApp-Image-2024-11-23-at-09.08.23-4.jpeg\"><img loading=\"lazy\" decoding=\"async\" class=\"wp-image-7736 alignnone\" src=\"https:\/\/agora.xtec.cat\/esc-jmaragall-sabadell\/wp-content\/uploads\/usu1082\/2024\/11\/WhatsApp-Image-2024-11-23-at-09.08.23-4-1024x766.jpeg\" alt=\"\" width=\"477\" height=\"357\" srcset=\"https:\/\/agora.xtec.cat\/esc-jmaragall-sabadell\/wp-content\/uploads\/usu1082\/2024\/11\/WhatsApp-Image-2024-11-23-at-09.08.23-4-1024x766.jpeg 1024w, https:\/\/agora.xtec.cat\/esc-jmaragall-sabadell\/wp-content\/uploads\/usu1082\/2024\/11\/WhatsApp-Image-2024-11-23-at-09.08.23-4-300x224.jpeg 300w, https:\/\/agora.xtec.cat\/esc-jmaragall-sabadell\/wp-content\/uploads\/usu1082\/2024\/11\/WhatsApp-Image-2024-11-23-at-09.08.23-4-768x575.jpeg 768w, https:\/\/agora.xtec.cat\/esc-jmaragall-sabadell\/wp-content\/uploads\/usu1082\/2024\/11\/WhatsApp-Image-2024-11-23-at-09.08.23-4-1536x1149.jpeg 1536w, https:\/\/agora.xtec.cat\/esc-jmaragall-sabadell\/wp-content\/uploads\/usu1082\/2024\/11\/WhatsApp-Image-2024-11-23-at-09.08.23-4-200x150.jpeg 200w, https:\/\/agora.xtec.cat\/esc-jmaragall-sabadell\/wp-content\/uploads\/usu1082\/2024\/11\/WhatsApp-Image-2024-11-23-at-09.08.23-4.jpeg 1600w\" sizes=\"auto, (max-width: 477px) 100vw, 477px\" \/><\/a> <a href=\"https:\/\/agora.xtec.cat\/esc-jmaragall-sabadell\/wp-content\/uploads\/usu1082\/2024\/11\/WhatsApp-Image-2024-11-23-at-09.08.23-3.jpeg\"><img loading=\"lazy\" decoding=\"async\" class=\"wp-image-7737 alignnone\" src=\"https:\/\/agora.xtec.cat\/esc-jmaragall-sabadell\/wp-content\/uploads\/usu1082\/2024\/11\/WhatsApp-Image-2024-11-23-at-09.08.23-3-1024x766.jpeg\" alt=\"\" width=\"309\" height=\"231\" srcset=\"https:\/\/agora.xtec.cat\/esc-jmaragall-sabadell\/wp-content\/uploads\/usu1082\/2024\/11\/WhatsApp-Image-2024-11-23-at-09.08.23-3-1024x766.jpeg 1024w, https:\/\/agora.xtec.cat\/esc-jmaragall-sabadell\/wp-content\/uploads\/usu1082\/2024\/11\/WhatsApp-Image-2024-11-23-at-09.08.23-3-300x224.jpeg 300w, https:\/\/agora.xtec.cat\/esc-jmaragall-sabadell\/wp-content\/uploads\/usu1082\/2024\/11\/WhatsApp-Image-2024-11-23-at-09.08.23-3-768x575.jpeg 768w, https:\/\/agora.xtec.cat\/esc-jmaragall-sabadell\/wp-content\/uploads\/usu1082\/2024\/11\/WhatsApp-Image-2024-11-23-at-09.08.23-3-1536x1149.jpeg 1536w, https:\/\/agora.xtec.cat\/esc-jmaragall-sabadell\/wp-content\/uploads\/usu1082\/2024\/11\/WhatsApp-Image-2024-11-23-at-09.08.23-3-200x150.jpeg 200w, https:\/\/agora.xtec.cat\/esc-jmaragall-sabadell\/wp-content\/uploads\/usu1082\/2024\/11\/WhatsApp-Image-2024-11-23-at-09.08.23-3.jpeg 1600w\" sizes=\"auto, (max-width: 309px) 100vw, 309px\" \/><\/a> <a href=\"https:\/\/agora.xtec.cat\/esc-jmaragall-sabadell\/wp-content\/uploads\/usu1082\/2024\/11\/WhatsApp-Image-2024-11-23-at-09.08.23-2.jpeg\"><img loading=\"lazy\" decoding=\"async\" class=\"wp-image-7738 alignnone\" src=\"https:\/\/agora.xtec.cat\/esc-jmaragall-sabadell\/wp-content\/uploads\/usu1082\/2024\/11\/WhatsApp-Image-2024-11-23-at-09.08.23-2-1024x766.jpeg\" alt=\"\" width=\"308\" height=\"231\" srcset=\"https:\/\/agora.xtec.cat\/esc-jmaragall-sabadell\/wp-content\/uploads\/usu1082\/2024\/11\/WhatsApp-Image-2024-11-23-at-09.08.23-2-1024x766.jpeg 1024w, https:\/\/agora.xtec.cat\/esc-jmaragall-sabadell\/wp-content\/uploads\/usu1082\/2024\/11\/WhatsApp-Image-2024-11-23-at-09.08.23-2-300x224.jpeg 300w, https:\/\/agora.xtec.cat\/esc-jmaragall-sabadell\/wp-content\/uploads\/usu1082\/2024\/11\/WhatsApp-Image-2024-11-23-at-09.08.23-2-768x575.jpeg 768w, https:\/\/agora.xtec.cat\/esc-jmaragall-sabadell\/wp-content\/uploads\/usu1082\/2024\/11\/WhatsApp-Image-2024-11-23-at-09.08.23-2-1536x1149.jpeg 1536w, https:\/\/agora.xtec.cat\/esc-jmaragall-sabadell\/wp-content\/uploads\/usu1082\/2024\/11\/WhatsApp-Image-2024-11-23-at-09.08.23-2-200x150.jpeg 200w, https:\/\/agora.xtec.cat\/esc-jmaragall-sabadell\/wp-content\/uploads\/usu1082\/2024\/11\/WhatsApp-Image-2024-11-23-at-09.08.23-2.jpeg 1600w\" sizes=\"auto, (max-width: 308px) 100vw, 308px\" \/><\/a> <a href=\"https:\/\/agora.xtec.cat\/esc-jmaragall-sabadell\/wp-content\/uploads\/usu1082\/2024\/11\/WhatsApp-Image-2024-11-23-at-09.08.23-1.jpeg\"><img loading=\"lazy\" decoding=\"async\" class=\"wp-image-7739 alignnone\" src=\"https:\/\/agora.xtec.cat\/esc-jmaragall-sabadell\/wp-content\/uploads\/usu1082\/2024\/11\/WhatsApp-Image-2024-11-23-at-09.08.23-1-1024x766.jpeg\" alt=\"\" width=\"310\" height=\"232\" srcset=\"https:\/\/agora.xtec.cat\/esc-jmaragall-sabadell\/wp-content\/uploads\/usu1082\/2024\/11\/WhatsApp-Image-2024-11-23-at-09.08.23-1-1024x766.jpeg 1024w, https:\/\/agora.xtec.cat\/esc-jmaragall-sabadell\/wp-content\/uploads\/usu1082\/2024\/11\/WhatsApp-Image-2024-11-23-at-09.08.23-1-300x224.jpeg 300w, https:\/\/agora.xtec.cat\/esc-jmaragall-sabadell\/wp-content\/uploads\/usu1082\/2024\/11\/WhatsApp-Image-2024-11-23-at-09.08.23-1-768x575.jpeg 768w, https:\/\/agora.xtec.cat\/esc-jmaragall-sabadell\/wp-content\/uploads\/usu1082\/2024\/11\/WhatsApp-Image-2024-11-23-at-09.08.23-1-1536x1149.jpeg 1536w, https:\/\/agora.xtec.cat\/esc-jmaragall-sabadell\/wp-content\/uploads\/usu1082\/2024\/11\/WhatsApp-Image-2024-11-23-at-09.08.23-1-200x150.jpeg 200w, https:\/\/agora.xtec.cat\/esc-jmaragall-sabadell\/wp-content\/uploads\/usu1082\/2024\/11\/WhatsApp-Image-2024-11-23-at-09.08.23-1.jpeg 1600w\" sizes=\"auto, (max-width: 310px) 100vw, 310px\" \/><\/a> <a href=\"https:\/\/agora.xtec.cat\/esc-jmaragall-sabadell\/wp-content\/uploads\/usu1082\/2024\/11\/WhatsApp-Image-2024-11-23-at-09.08.23.jpeg\"><img loading=\"lazy\" decoding=\"async\" class=\"wp-image-7740 alignnone\" src=\"https:\/\/agora.xtec.cat\/esc-jmaragall-sabadell\/wp-content\/uploads\/usu1082\/2024\/11\/WhatsApp-Image-2024-11-23-at-09.08.23-1024x766.jpeg\" alt=\"\" width=\"312\" height=\"233\" srcset=\"https:\/\/agora.xtec.cat\/esc-jmaragall-sabadell\/wp-content\/uploads\/usu1082\/2024\/11\/WhatsApp-Image-2024-11-23-at-09.08.23-1024x766.jpeg 1024w, https:\/\/agora.xtec.cat\/esc-jmaragall-sabadell\/wp-content\/uploads\/usu1082\/2024\/11\/WhatsApp-Image-2024-11-23-at-09.08.23-300x224.jpeg 300w, https:\/\/agora.xtec.cat\/esc-jmaragall-sabadell\/wp-content\/uploads\/usu1082\/2024\/11\/WhatsApp-Image-2024-11-23-at-09.08.23-768x575.jpeg 768w, https:\/\/agora.xtec.cat\/esc-jmaragall-sabadell\/wp-content\/uploads\/usu1082\/2024\/11\/WhatsApp-Image-2024-11-23-at-09.08.23-1536x1149.jpeg 1536w, https:\/\/agora.xtec.cat\/esc-jmaragall-sabadell\/wp-content\/uploads\/usu1082\/2024\/11\/WhatsApp-Image-2024-11-23-at-09.08.23-200x150.jpeg 200w, https:\/\/agora.xtec.cat\/esc-jmaragall-sabadell\/wp-content\/uploads\/usu1082\/2024\/11\/WhatsApp-Image-2024-11-23-at-09.08.23.jpeg 1600w\" sizes=\"auto, (max-width: 312px) 100vw, 312px\" \/><\/a><\/p>\n","protected":false},"excerpt":{"rendered":"<p>El passat dimecres 20 de novembre vam fer una visita a la biblioteca per con\u00e8ixer el seu funcionament i les seves normes. All\u00e0 vam aprendre quins llibres s\u00f3n aptes per la nostra edat i vam fullejar diferents tipologies (contes, c\u00f2mics, llibres de coneixements&#8230;). Per acabar,&hellip;  <a href=\"https:\/\/agora.xtec.cat\/esc-jmaragall-sabadell\/portada\/2n-visitem-la-biblioteca-del-barri\/\" title=\"Read 2n VISITEM LA BIBLIOTECA DEL BARRI\">Llegeix m\u00e9s\u00bb<\/a><\/p>\n","protected":false},"author":99,"featured_media":7736,"comment_status":"open","ping_status":"closed","sticky":false,"template":"","format":"standard","meta":{"_bbp_topic_count":0,"_bbp_reply_count":0,"_bbp_total_topic_count":0,"_bbp_total_reply_count":0,"_bbp_voice_count":0,"_bbp_anonymous_reply_count":0,"_bbp_topic_count_hidden":0,"_bbp_reply_count_hidden":0,"_bbp_forum_subforum_count":0,"footnotes":""},"categories":[219,4,5],"tags":[],"class_list":["post-7735","post","type-post","status-publish","format-standard","has-post-thumbnail","hentry","category-219","category-portada","category-primaria"],"post_mailing_queue_ids":[],"_links":{"self":[{"href":"https:\/\/agora.xtec.cat\/esc-jmaragall-sabadell\/wp-json\/wp\/v2\/posts\/7735","targetHints":{"allow":["GET"]}}],"collection":[{"href":"https:\/\/agora.xtec.cat\/esc-jmaragall-sabadell\/wp-json\/wp\/v2\/posts"}],"about":[{"href":"https:\/\/agora.xtec.cat\/esc-jmaragall-sabadell\/wp-json\/wp\/v2\/types\/post"}],"author":[{"embeddable":true,"href":"https:\/\/agora.xtec.cat\/esc-jmaragall-sabadell\/wp-json\/wp\/v2\/users\/99"}],"replies":[{"embeddable":true,"href":"https:\/\/agora.xtec.cat\/esc-jmaragall-sabadell\/wp-json\/wp\/v2\/comments?post=7735"}],"version-history":[{"count":2,"href":"https:\/\/agora.xtec.cat\/esc-jmaragall-sabadell\/wp-json\/wp\/v2\/posts\/7735\/revisions"}],"predecessor-version":[{"id":7742,"href":"https:\/\/agora.xtec.cat\/esc-jmaragall-sabadell\/wp-json\/wp\/v2\/posts\/7735\/revisions\/7742"}],"wp:featuredmedia":[{"embeddable":true,"href":"https:\/\/agora.xtec.cat\/esc-jmaragall-sabadell\/wp-json\/wp\/v2\/media\/7736"}],"wp:attachment":[{"href":"https:\/\/agora.xtec.cat\/esc-jmaragall-sabadell\/wp-json\/wp\/v2\/media?parent=7735"}],"wp:term":[{"taxonomy":"category","embeddable":true,"href":"https:\/\/agora.xtec.cat\/esc-jmaragall-sabadell\/wp-json\/wp\/v2\/categories?post=7735"},{"taxonomy":"post_tag","embeddable":true,"href":"https:\/\/agora.xtec.cat\/esc-jmaragall-sabadell\/wp-json\/wp\/v2\/tags?post=7735"}],"curies":[{"name":"wp","href":"https:\/\/api.w.org\/{rel}","templated":true}]}}