{"id":7703,"date":"2024-11-19T12:36:02","date_gmt":"2024-11-19T11:36:02","guid":{"rendered":"https:\/\/agora.xtec.cat\/esc-jmaragall-sabadell\/?p=7703"},"modified":"2024-11-19T12:36:02","modified_gmt":"2024-11-19T11:36:02","slug":"lalumnat-de-1r-va-a-comprar-llibres","status":"publish","type":"post","link":"https:\/\/agora.xtec.cat\/esc-jmaragall-sabadell\/general\/lalumnat-de-1r-va-a-comprar-llibres\/","title":{"rendered":"L&#8217;ALUMNAT DE 1R VA A COMPRAR LLIBRES"},"content":{"rendered":"<p>Divendres passat els nens i nenes de 1r vam anar al centre a comprar un llibre per a cadasc\u00fa amb el val que ens donen quan fem 6 anys. Vam agafar el bus al costat de l&#8217;escola i vam baixar a l&#8217;estaci\u00f3 d&#8217;autobusos. All\u00e0 ens vam dirigir cap a l&#8217;Abacus on ens esperava la Lourdes, una de les llibreteres. Ens va explicar un conte sobre un robot que vivia al bosc. Ens va encantar!<\/p>\n<p><img loading=\"lazy\" decoding=\"async\" class=\"alignnone  wp-image-7704\" src=\"https:\/\/agora.xtec.cat\/esc-jmaragall-sabadell\/wp-content\/uploads\/usu1082\/2024\/11\/explicant-un-conte-300x267.png\" alt=\"\" width=\"187\" height=\"166\" srcset=\"https:\/\/agora.xtec.cat\/esc-jmaragall-sabadell\/wp-content\/uploads\/usu1082\/2024\/11\/explicant-un-conte-300x267.png 300w, https:\/\/agora.xtec.cat\/esc-jmaragall-sabadell\/wp-content\/uploads\/usu1082\/2024\/11\/explicant-un-conte.png 691w\" sizes=\"auto, (max-width: 187px) 100vw, 187px\" \/>\u00a0 \u00a0 \u00a0 <img loading=\"lazy\" decoding=\"async\" class=\"wp-image-7705 alignnone\" src=\"https:\/\/agora.xtec.cat\/esc-jmaragall-sabadell\/wp-content\/uploads\/usu1082\/2024\/11\/escoltant-el-conte-300x233.png\" alt=\"\" width=\"214\" height=\"166\" srcset=\"https:\/\/agora.xtec.cat\/esc-jmaragall-sabadell\/wp-content\/uploads\/usu1082\/2024\/11\/escoltant-el-conte-300x233.png 300w, https:\/\/agora.xtec.cat\/esc-jmaragall-sabadell\/wp-content\/uploads\/usu1082\/2024\/11\/escoltant-el-conte-768x597.png 768w, https:\/\/agora.xtec.cat\/esc-jmaragall-sabadell\/wp-content\/uploads\/usu1082\/2024\/11\/escoltant-el-conte.png 793w\" sizes=\"auto, (max-width: 214px) 100vw, 214px\" \/><\/p>\n<p>Despr\u00e9s ens van deixar preparats tot un munt de llibres per a que cadasc\u00fa tri\u00e9s el seu.<\/p>\n<p><img loading=\"lazy\" decoding=\"async\" class=\"alignnone  wp-image-7706\" src=\"https:\/\/agora.xtec.cat\/esc-jmaragall-sabadell\/wp-content\/uploads\/usu1082\/2024\/11\/triant-1-300x297.png\" alt=\"\" width=\"197\" height=\"195\" srcset=\"https:\/\/agora.xtec.cat\/esc-jmaragall-sabadell\/wp-content\/uploads\/usu1082\/2024\/11\/triant-1-300x297.png 300w, https:\/\/agora.xtec.cat\/esc-jmaragall-sabadell\/wp-content\/uploads\/usu1082\/2024\/11\/triant-1.png 460w\" sizes=\"auto, (max-width: 197px) 100vw, 197px\" \/>\u00a0 \u00a0 <img loading=\"lazy\" decoding=\"async\" class=\"alignnone  wp-image-7707\" src=\"https:\/\/agora.xtec.cat\/esc-jmaragall-sabadell\/wp-content\/uploads\/usu1082\/2024\/11\/triant-2-300x251.png\" alt=\"\" width=\"234\" height=\"196\" srcset=\"https:\/\/agora.xtec.cat\/esc-jmaragall-sabadell\/wp-content\/uploads\/usu1082\/2024\/11\/triant-2-300x250.png 300w, https:\/\/agora.xtec.cat\/esc-jmaragall-sabadell\/wp-content\/uploads\/usu1082\/2024\/11\/triant-2.png 471w\" sizes=\"auto, (max-width: 234px) 100vw, 234px\" \/><\/p>\n<p>I un cop triats, vam passar per caixa un a un i ens van donar una bossa amb un punt de llibre, unes enganxines&#8230; Mireu qu\u00e8 contents estem ja cadasc\u00fa amb el seu llibre!<\/p>\n<p><img loading=\"lazy\" decoding=\"async\" class=\"size-medium wp-image-7708 aligncenter\" src=\"https:\/\/agora.xtec.cat\/esc-jmaragall-sabadell\/wp-content\/uploads\/usu1082\/2024\/11\/amb-la-bossa-300x161.png\" alt=\"\" width=\"300\" height=\"161\" srcset=\"https:\/\/agora.xtec.cat\/esc-jmaragall-sabadell\/wp-content\/uploads\/usu1082\/2024\/11\/amb-la-bossa-300x161.png 300w, https:\/\/agora.xtec.cat\/esc-jmaragall-sabadell\/wp-content\/uploads\/usu1082\/2024\/11\/amb-la-bossa-1024x551.png 1024w, https:\/\/agora.xtec.cat\/esc-jmaragall-sabadell\/wp-content\/uploads\/usu1082\/2024\/11\/amb-la-bossa-768x413.png 768w, https:\/\/agora.xtec.cat\/esc-jmaragall-sabadell\/wp-content\/uploads\/usu1082\/2024\/11\/amb-la-bossa.png 1117w\" sizes=\"auto, (max-width: 300px) 100vw, 300px\" \/><\/p>\n<p>Despr\u00e8s vam anar a esmorzar a una pla\u00e7a que hi havia per all\u00e0 a prop i vam estar jugant una estona.<\/p>\n<p><img loading=\"lazy\" decoding=\"async\" class=\"size-medium wp-image-7709 aligncenter\" src=\"https:\/\/agora.xtec.cat\/esc-jmaragall-sabadell\/wp-content\/uploads\/usu1082\/2024\/11\/jugant-300x183.png\" alt=\"\" width=\"300\" height=\"183\" srcset=\"https:\/\/agora.xtec.cat\/esc-jmaragall-sabadell\/wp-content\/uploads\/usu1082\/2024\/11\/jugant-300x183.png 300w, https:\/\/agora.xtec.cat\/esc-jmaragall-sabadell\/wp-content\/uploads\/usu1082\/2024\/11\/jugant-768x468.png 768w, https:\/\/agora.xtec.cat\/esc-jmaragall-sabadell\/wp-content\/uploads\/usu1082\/2024\/11\/jugant.png 774w\" sizes=\"auto, (max-width: 300px) 100vw, 300px\" \/><\/p>\n<p>Ja s&#8217;acostava l&#8217;hora de marxar i vam anar a esperar l&#8217;autob\u00fas per tornar a l&#8217;escola contents perque tenim un nou llibre per gaudir a casa.<\/p>\n<p><img loading=\"lazy\" decoding=\"async\" class=\"wp-image-7710 aligncenter\" src=\"https:\/\/agora.xtec.cat\/esc-jmaragall-sabadell\/wp-content\/uploads\/usu1082\/2024\/11\/esperant-el-bus-287x300.png\" alt=\"\" width=\"194\" height=\"203\" srcset=\"https:\/\/agora.xtec.cat\/esc-jmaragall-sabadell\/wp-content\/uploads\/usu1082\/2024\/11\/esperant-el-bus-287x300.png 287w, https:\/\/agora.xtec.cat\/esc-jmaragall-sabadell\/wp-content\/uploads\/usu1082\/2024\/11\/esperant-el-bus.png 462w\" sizes=\"auto, (max-width: 194px) 100vw, 194px\" \/><\/p>\n<p>&nbsp;<\/p>\n","protected":false},"excerpt":{"rendered":"<p>Divendres passat els nens i nenes de 1r vam anar al centre a comprar un llibre per a cadasc\u00fa amb el val que ens donen quan fem 6 anys. Vam agafar el bus al costat de l&#8217;escola i vam baixar a l&#8217;estaci\u00f3 d&#8217;autobusos. All\u00e0 ens&hellip;  <a href=\"https:\/\/agora.xtec.cat\/esc-jmaragall-sabadell\/general\/lalumnat-de-1r-va-a-comprar-llibres\/\" title=\"Read L&#8217;ALUMNAT DE 1R VA A COMPRAR LLIBRES\">Llegeix m\u00e9s\u00bb<\/a><\/p>\n","protected":false},"author":161,"featured_media":7708,"comment_status":"open","ping_status":"closed","sticky":false,"template":"","format":"standard","meta":{"_bbp_topic_count":0,"_bbp_reply_count":0,"_bbp_total_topic_count":0,"_bbp_total_reply_count":0,"_bbp_voice_count":0,"_bbp_anonymous_reply_count":0,"_bbp_topic_count_hidden":0,"_bbp_reply_count_hidden":0,"_bbp_forum_subforum_count":0,"footnotes":""},"categories":[245,1,4,5],"tags":[],"class_list":["post-7703","post","type-post","status-publish","format-standard","has-post-thumbnail","hentry","category-245","category-general","category-portada","category-primaria"],"post_mailing_queue_ids":[],"_links":{"self":[{"href":"https:\/\/agora.xtec.cat\/esc-jmaragall-sabadell\/wp-json\/wp\/v2\/posts\/7703","targetHints":{"allow":["GET"]}}],"collection":[{"href":"https:\/\/agora.xtec.cat\/esc-jmaragall-sabadell\/wp-json\/wp\/v2\/posts"}],"about":[{"href":"https:\/\/agora.xtec.cat\/esc-jmaragall-sabadell\/wp-json\/wp\/v2\/types\/post"}],"author":[{"embeddable":true,"href":"https:\/\/agora.xtec.cat\/esc-jmaragall-sabadell\/wp-json\/wp\/v2\/users\/161"}],"replies":[{"embeddable":true,"href":"https:\/\/agora.xtec.cat\/esc-jmaragall-sabadell\/wp-json\/wp\/v2\/comments?post=7703"}],"version-history":[{"count":1,"href":"https:\/\/agora.xtec.cat\/esc-jmaragall-sabadell\/wp-json\/wp\/v2\/posts\/7703\/revisions"}],"predecessor-version":[{"id":7711,"href":"https:\/\/agora.xtec.cat\/esc-jmaragall-sabadell\/wp-json\/wp\/v2\/posts\/7703\/revisions\/7711"}],"wp:featuredmedia":[{"embeddable":true,"href":"https:\/\/agora.xtec.cat\/esc-jmaragall-sabadell\/wp-json\/wp\/v2\/media\/7708"}],"wp:attachment":[{"href":"https:\/\/agora.xtec.cat\/esc-jmaragall-sabadell\/wp-json\/wp\/v2\/media?parent=7703"}],"wp:term":[{"taxonomy":"category","embeddable":true,"href":"https:\/\/agora.xtec.cat\/esc-jmaragall-sabadell\/wp-json\/wp\/v2\/categories?post=7703"},{"taxonomy":"post_tag","embeddable":true,"href":"https:\/\/agora.xtec.cat\/esc-jmaragall-sabadell\/wp-json\/wp\/v2\/tags?post=7703"}],"curies":[{"name":"wp","href":"https:\/\/api.w.org\/{rel}","templated":true}]}}