{"id":7604,"date":"2024-10-30T21:13:44","date_gmt":"2024-10-30T20:13:44","guid":{"rendered":"https:\/\/agora.xtec.cat\/esc-jmaragall-sabadell\/?p=7604"},"modified":"2024-10-30T21:20:17","modified_gmt":"2024-10-30T20:20:17","slug":"treball-cooperatiu-amb-4t","status":"publish","type":"post","link":"https:\/\/agora.xtec.cat\/esc-jmaragall-sabadell\/general\/treball-cooperatiu-amb-4t\/","title":{"rendered":"Treball cooperatiu d&#8217;Europa a 4t"},"content":{"rendered":"<p>L\u2019alumnat de 4t, est\u00e0 treballant els pa\u00efsos d\u2019Europa i les seves capitals. En aquesta sessi\u00f3, l&#8217;activitat consistia fer grups cooperatius i trobar unes fotografies de diferents monuments o llocs importants d&#8217;Europa repartides per l\u2019aula i pel passad\u00eds, on hi havia la informaci\u00f3 necess\u00e0ria per trobar a quin pa\u00eds estava situada.<\/p>\n<p><a href=\"https:\/\/agora.xtec.cat\/esc-jmaragall-sabadell\/wp-content\/uploads\/usu1082\/2024\/10\/IMG_6632.jpg\">\u00a0 \u00a0<img loading=\"lazy\" decoding=\"async\" class=\"alignnone wp-image-7613\" src=\"https:\/\/agora.xtec.cat\/esc-jmaragall-sabadell\/wp-content\/uploads\/usu1082\/2024\/10\/IMG_6632.jpg\" alt=\"\" width=\"294\" height=\"178\" srcset=\"https:\/\/agora.xtec.cat\/esc-jmaragall-sabadell\/wp-content\/uploads\/usu1082\/2024\/10\/IMG_6632.jpg 640w, https:\/\/agora.xtec.cat\/esc-jmaragall-sabadell\/wp-content\/uploads\/usu1082\/2024\/10\/IMG_6632-300x182.jpg 300w\" sizes=\"auto, (max-width: 294px) 100vw, 294px\" \/>\u00a0<\/a> <a href=\"https:\/\/agora.xtec.cat\/esc-jmaragall-sabadell\/wp-content\/uploads\/usu1082\/2024\/10\/IMG_6633.jpg\">\u00a0 <img loading=\"lazy\" decoding=\"async\" class=\"alignnone wp-image-7614\" src=\"https:\/\/agora.xtec.cat\/esc-jmaragall-sabadell\/wp-content\/uploads\/usu1082\/2024\/10\/IMG_6633.jpg\" alt=\"\" width=\"236\" height=\"177\" srcset=\"https:\/\/agora.xtec.cat\/esc-jmaragall-sabadell\/wp-content\/uploads\/usu1082\/2024\/10\/IMG_6633.jpg 640w, https:\/\/agora.xtec.cat\/esc-jmaragall-sabadell\/wp-content\/uploads\/usu1082\/2024\/10\/IMG_6633-300x225.jpg 300w, https:\/\/agora.xtec.cat\/esc-jmaragall-sabadell\/wp-content\/uploads\/usu1082\/2024\/10\/IMG_6633-200x150.jpg 200w\" sizes=\"auto, (max-width: 236px) 100vw, 236px\" \/><\/a><\/p>\n<p>I com ho feien?<\/p>\n<ul>\n<li>El o la <strong>portaveu<\/strong> era l&#8217;encarregat\/da d&#8217;anar a buscar la informaci\u00f3 i dir-la als seus companys\/es.<\/li>\n<li>L&#8217;<strong>inform\u00e0tic\/a<\/strong> s&#8217;encarregava buscar amb google maps la capital i esbrinar de quin pa\u00eds es tractava fent servir el zoom del programa.<\/li>\n<li>El <strong>secretari o secret\u00e0ria<\/strong> era l&#8217;encarregat\/da d&#8217;apuntar la informaci\u00f3 en un full de registre.<\/li>\n<li>L&#8217;encarregat de la <strong>calma<\/strong>, era qui posava silenci i concentraci\u00f3 en la tasca.<\/li>\n<\/ul>\n<p>Aqu\u00ed podeu veure com s&#8217;han organitzat i com treballaven.<\/p>\n<p><a href=\"https:\/\/agora.xtec.cat\/esc-jmaragall-sabadell\/wp-content\/uploads\/usu1082\/2024\/10\/1-scaled.jpg\"><img loading=\"lazy\" decoding=\"async\" class=\"alignnone wp-image-7605\" src=\"https:\/\/agora.xtec.cat\/esc-jmaragall-sabadell\/wp-content\/uploads\/usu1082\/2024\/10\/1-1024x769.jpg\" alt=\"\" width=\"286\" height=\"215\" srcset=\"https:\/\/agora.xtec.cat\/esc-jmaragall-sabadell\/wp-content\/uploads\/usu1082\/2024\/10\/1-1024x769.jpg 1024w, https:\/\/agora.xtec.cat\/esc-jmaragall-sabadell\/wp-content\/uploads\/usu1082\/2024\/10\/1-300x225.jpg 300w, https:\/\/agora.xtec.cat\/esc-jmaragall-sabadell\/wp-content\/uploads\/usu1082\/2024\/10\/1-768x577.jpg 768w, https:\/\/agora.xtec.cat\/esc-jmaragall-sabadell\/wp-content\/uploads\/usu1082\/2024\/10\/1-1536x1154.jpg 1536w, https:\/\/agora.xtec.cat\/esc-jmaragall-sabadell\/wp-content\/uploads\/usu1082\/2024\/10\/1-2048x1539.jpg 2048w, https:\/\/agora.xtec.cat\/esc-jmaragall-sabadell\/wp-content\/uploads\/usu1082\/2024\/10\/1-200x150.jpg 200w\" sizes=\"auto, (max-width: 286px) 100vw, 286px\" \/>\u00a0 <\/a><a href=\"https:\/\/agora.xtec.cat\/esc-jmaragall-sabadell\/wp-content\/uploads\/usu1082\/2024\/10\/Captura-de-pantalla-2024-10-30-a-les-16.10.10.png\"><img loading=\"lazy\" decoding=\"async\" class=\"alignnone wp-image-7609\" src=\"https:\/\/agora.xtec.cat\/esc-jmaragall-sabadell\/wp-content\/uploads\/usu1082\/2024\/10\/Captura-de-pantalla-2024-10-30-a-les-16.10.10.png\" alt=\"\" width=\"290\" height=\"214\" srcset=\"https:\/\/agora.xtec.cat\/esc-jmaragall-sabadell\/wp-content\/uploads\/usu1082\/2024\/10\/Captura-de-pantalla-2024-10-30-a-les-16.10.10.png 960w, https:\/\/agora.xtec.cat\/esc-jmaragall-sabadell\/wp-content\/uploads\/usu1082\/2024\/10\/Captura-de-pantalla-2024-10-30-a-les-16.10.10-300x222.png 300w, https:\/\/agora.xtec.cat\/esc-jmaragall-sabadell\/wp-content\/uploads\/usu1082\/2024\/10\/Captura-de-pantalla-2024-10-30-a-les-16.10.10-768x568.png 768w\" sizes=\"auto, (max-width: 290px) 100vw, 290px\" \/><\/a><a href=\"https:\/\/agora.xtec.cat\/esc-jmaragall-sabadell\/wp-content\/uploads\/usu1082\/2024\/10\/4-scaled.jpg\">\u00a0 <\/a><a href=\"https:\/\/agora.xtec.cat\/esc-jmaragall-sabadell\/wp-content\/uploads\/usu1082\/2024\/10\/Captura-de-pantalla-2024-10-30-a-les-16.10.28.png\"><img loading=\"lazy\" decoding=\"async\" class=\"alignnone wp-image-7610\" src=\"https:\/\/agora.xtec.cat\/esc-jmaragall-sabadell\/wp-content\/uploads\/usu1082\/2024\/10\/Captura-de-pantalla-2024-10-30-a-les-16.10.28.png\" alt=\"\" width=\"286\" height=\"214\" srcset=\"https:\/\/agora.xtec.cat\/esc-jmaragall-sabadell\/wp-content\/uploads\/usu1082\/2024\/10\/Captura-de-pantalla-2024-10-30-a-les-16.10.28.png 798w, https:\/\/agora.xtec.cat\/esc-jmaragall-sabadell\/wp-content\/uploads\/usu1082\/2024\/10\/Captura-de-pantalla-2024-10-30-a-les-16.10.28-300x224.png 300w, https:\/\/agora.xtec.cat\/esc-jmaragall-sabadell\/wp-content\/uploads\/usu1082\/2024\/10\/Captura-de-pantalla-2024-10-30-a-les-16.10.28-768x575.png 768w, https:\/\/agora.xtec.cat\/esc-jmaragall-sabadell\/wp-content\/uploads\/usu1082\/2024\/10\/Captura-de-pantalla-2024-10-30-a-les-16.10.28-200x150.png 200w\" sizes=\"auto, (max-width: 286px) 100vw, 286px\" \/>\u00a0\u00a0<\/a><\/p>\n<p>&nbsp;<\/p>\n","protected":false},"excerpt":{"rendered":"<p>L\u2019alumnat de 4t, est\u00e0 treballant els pa\u00efsos d\u2019Europa i les seves capitals. En aquesta sessi\u00f3, l&#8217;activitat consistia fer grups cooperatius i trobar unes fotografies de diferents monuments o llocs importants d&#8217;Europa repartides per l\u2019aula i pel passad\u00eds, on hi havia la informaci\u00f3 necess\u00e0ria per trobar&hellip;  <a href=\"https:\/\/agora.xtec.cat\/esc-jmaragall-sabadell\/general\/treball-cooperatiu-amb-4t\/\" title=\"Read Treball cooperatiu d&#8217;Europa a 4t\">Llegeix m\u00e9s\u00bb<\/a><\/p>\n","protected":false},"author":149,"featured_media":7605,"comment_status":"open","ping_status":"closed","sticky":false,"template":"","format":"standard","meta":{"_bbp_topic_count":0,"_bbp_reply_count":0,"_bbp_total_topic_count":0,"_bbp_total_reply_count":0,"_bbp_voice_count":0,"_bbp_anonymous_reply_count":0,"_bbp_topic_count_hidden":0,"_bbp_reply_count_hidden":0,"_bbp_forum_subforum_count":0,"footnotes":""},"categories":[120,1,4],"tags":[103,276,266],"class_list":["post-7604","post","type-post","status-publish","format-standard","has-post-thumbnail","hentry","category-120","category-general","category-portada","tag-4ta","tag-cicle-mitja","tag-medi"],"post_mailing_queue_ids":[],"_links":{"self":[{"href":"https:\/\/agora.xtec.cat\/esc-jmaragall-sabadell\/wp-json\/wp\/v2\/posts\/7604","targetHints":{"allow":["GET"]}}],"collection":[{"href":"https:\/\/agora.xtec.cat\/esc-jmaragall-sabadell\/wp-json\/wp\/v2\/posts"}],"about":[{"href":"https:\/\/agora.xtec.cat\/esc-jmaragall-sabadell\/wp-json\/wp\/v2\/types\/post"}],"author":[{"embeddable":true,"href":"https:\/\/agora.xtec.cat\/esc-jmaragall-sabadell\/wp-json\/wp\/v2\/users\/149"}],"replies":[{"embeddable":true,"href":"https:\/\/agora.xtec.cat\/esc-jmaragall-sabadell\/wp-json\/wp\/v2\/comments?post=7604"}],"version-history":[{"count":5,"href":"https:\/\/agora.xtec.cat\/esc-jmaragall-sabadell\/wp-json\/wp\/v2\/posts\/7604\/revisions"}],"predecessor-version":[{"id":7618,"href":"https:\/\/agora.xtec.cat\/esc-jmaragall-sabadell\/wp-json\/wp\/v2\/posts\/7604\/revisions\/7618"}],"wp:featuredmedia":[{"embeddable":true,"href":"https:\/\/agora.xtec.cat\/esc-jmaragall-sabadell\/wp-json\/wp\/v2\/media\/7605"}],"wp:attachment":[{"href":"https:\/\/agora.xtec.cat\/esc-jmaragall-sabadell\/wp-json\/wp\/v2\/media?parent=7604"}],"wp:term":[{"taxonomy":"category","embeddable":true,"href":"https:\/\/agora.xtec.cat\/esc-jmaragall-sabadell\/wp-json\/wp\/v2\/categories?post=7604"},{"taxonomy":"post_tag","embeddable":true,"href":"https:\/\/agora.xtec.cat\/esc-jmaragall-sabadell\/wp-json\/wp\/v2\/tags?post=7604"}],"curies":[{"name":"wp","href":"https:\/\/api.w.org\/{rel}","templated":true}]}}