{"id":7592,"date":"2024-10-29T23:50:27","date_gmt":"2024-10-29T22:50:27","guid":{"rendered":"https:\/\/agora.xtec.cat\/esc-jmaragall-sabadell\/?p=7592"},"modified":"2024-10-29T23:53:03","modified_gmt":"2024-10-29T22:53:03","slug":"es-temps-de-collir-olives","status":"publish","type":"post","link":"https:\/\/agora.xtec.cat\/esc-jmaragall-sabadell\/general\/es-temps-de-collir-olives\/","title":{"rendered":"\u00c9S  TEMPS  DE  COLLIR  OLIVES !!"},"content":{"rendered":"<p>Avui els nens i nenes de 5\u00e8 ens han ajudat a recollir les olives de l&#8217;olivera, el nostre arbre de la classe de 1r, amb pals i rasclets. Despr\u00e9s entre tots i totes hem separat les olives en bon estat per poder preparar-les per menjar m\u00e9s endavant i hem llen\u00e7at les que estaven en mal estat. Moltes gr\u00e0cies nens i nenes de 5\u00ea per la vostra col\u00b7laboraci\u00f3.<\/p>\n<p><a href=\"https:\/\/agora.xtec.cat\/esc-jmaragall-sabadell\/wp-content\/uploads\/usu1082\/2024\/10\/WhatsApp-Image-2024-10-29-at-20.43.52.jpeg\"><img loading=\"lazy\" decoding=\"async\" class=\"wp-image-7597 aligncenter\" src=\"https:\/\/agora.xtec.cat\/esc-jmaragall-sabadell\/wp-content\/uploads\/usu1082\/2024\/10\/WhatsApp-Image-2024-10-29-at-20.43.52-579x1024.jpeg\" alt=\"\" width=\"480\" height=\"849\" srcset=\"https:\/\/agora.xtec.cat\/esc-jmaragall-sabadell\/wp-content\/uploads\/usu1082\/2024\/10\/WhatsApp-Image-2024-10-29-at-20.43.52-579x1024.jpeg 579w, https:\/\/agora.xtec.cat\/esc-jmaragall-sabadell\/wp-content\/uploads\/usu1082\/2024\/10\/WhatsApp-Image-2024-10-29-at-20.43.52-170x300.jpeg 170w, https:\/\/agora.xtec.cat\/esc-jmaragall-sabadell\/wp-content\/uploads\/usu1082\/2024\/10\/WhatsApp-Image-2024-10-29-at-20.43.52-768x1358.jpeg 768w, https:\/\/agora.xtec.cat\/esc-jmaragall-sabadell\/wp-content\/uploads\/usu1082\/2024\/10\/WhatsApp-Image-2024-10-29-at-20.43.52-869x1536.jpeg 869w, https:\/\/agora.xtec.cat\/esc-jmaragall-sabadell\/wp-content\/uploads\/usu1082\/2024\/10\/WhatsApp-Image-2024-10-29-at-20.43.52.jpeg 1158w\" sizes=\"auto, (max-width: 480px) 100vw, 480px\" \/><\/a><\/p>\n<p>&nbsp;<\/p>\n<p><a href=\"https:\/\/agora.xtec.cat\/esc-jmaragall-sabadell\/wp-content\/uploads\/usu1082\/2024\/10\/WhatsApp-Image-2024-10-29-at-20.43.52-2.jpeg\"><img loading=\"lazy\" decoding=\"async\" class=\"wp-image-7595 aligncenter\" src=\"https:\/\/agora.xtec.cat\/esc-jmaragall-sabadell\/wp-content\/uploads\/usu1082\/2024\/10\/WhatsApp-Image-2024-10-29-at-20.43.52-2-768x1024.jpeg\" alt=\"\" width=\"591\" height=\"788\" srcset=\"https:\/\/agora.xtec.cat\/esc-jmaragall-sabadell\/wp-content\/uploads\/usu1082\/2024\/10\/WhatsApp-Image-2024-10-29-at-20.43.52-2-768x1024.jpeg 768w, https:\/\/agora.xtec.cat\/esc-jmaragall-sabadell\/wp-content\/uploads\/usu1082\/2024\/10\/WhatsApp-Image-2024-10-29-at-20.43.52-2-225x300.jpeg 225w, https:\/\/agora.xtec.cat\/esc-jmaragall-sabadell\/wp-content\/uploads\/usu1082\/2024\/10\/WhatsApp-Image-2024-10-29-at-20.43.52-2-1152x1536.jpeg 1152w, https:\/\/agora.xtec.cat\/esc-jmaragall-sabadell\/wp-content\/uploads\/usu1082\/2024\/10\/WhatsApp-Image-2024-10-29-at-20.43.52-2.jpeg 1536w\" sizes=\"auto, (max-width: 591px) 100vw, 591px\" \/><\/a> <a href=\"https:\/\/agora.xtec.cat\/esc-jmaragall-sabadell\/wp-content\/uploads\/usu1082\/2024\/10\/WhatsApp-Image-2024-10-29-at-20.43.52-1.jpeg\"><img loading=\"lazy\" decoding=\"async\" class=\"wp-image-7596 aligncenter\" src=\"https:\/\/agora.xtec.cat\/esc-jmaragall-sabadell\/wp-content\/uploads\/usu1082\/2024\/10\/WhatsApp-Image-2024-10-29-at-20.43.52-1-768x1024.jpeg\" alt=\"\" width=\"713\" height=\"951\" srcset=\"https:\/\/agora.xtec.cat\/esc-jmaragall-sabadell\/wp-content\/uploads\/usu1082\/2024\/10\/WhatsApp-Image-2024-10-29-at-20.43.52-1-768x1024.jpeg 768w, https:\/\/agora.xtec.cat\/esc-jmaragall-sabadell\/wp-content\/uploads\/usu1082\/2024\/10\/WhatsApp-Image-2024-10-29-at-20.43.52-1-225x300.jpeg 225w, https:\/\/agora.xtec.cat\/esc-jmaragall-sabadell\/wp-content\/uploads\/usu1082\/2024\/10\/WhatsApp-Image-2024-10-29-at-20.43.52-1-1152x1536.jpeg 1152w, https:\/\/agora.xtec.cat\/esc-jmaragall-sabadell\/wp-content\/uploads\/usu1082\/2024\/10\/WhatsApp-Image-2024-10-29-at-20.43.52-1.jpeg 1536w\" sizes=\"auto, (max-width: 713px) 100vw, 713px\" \/><\/a> <a href=\"https:\/\/agora.xtec.cat\/esc-jmaragall-sabadell\/wp-content\/uploads\/usu1082\/2024\/10\/WhatsApp-Image-2024-10-29-at-20.43.53.jpeg\"><img loading=\"lazy\" decoding=\"async\" class=\"wp-image-7594 aligncenter\" src=\"https:\/\/agora.xtec.cat\/esc-jmaragall-sabadell\/wp-content\/uploads\/usu1082\/2024\/10\/WhatsApp-Image-2024-10-29-at-20.43.53-1024x771.jpeg\" alt=\"\" width=\"902\" height=\"679\" srcset=\"https:\/\/agora.xtec.cat\/esc-jmaragall-sabadell\/wp-content\/uploads\/usu1082\/2024\/10\/WhatsApp-Image-2024-10-29-at-20.43.53-1024x771.jpeg 1024w, https:\/\/agora.xtec.cat\/esc-jmaragall-sabadell\/wp-content\/uploads\/usu1082\/2024\/10\/WhatsApp-Image-2024-10-29-at-20.43.53-300x226.jpeg 300w, https:\/\/agora.xtec.cat\/esc-jmaragall-sabadell\/wp-content\/uploads\/usu1082\/2024\/10\/WhatsApp-Image-2024-10-29-at-20.43.53-768x578.jpeg 768w, https:\/\/agora.xtec.cat\/esc-jmaragall-sabadell\/wp-content\/uploads\/usu1082\/2024\/10\/WhatsApp-Image-2024-10-29-at-20.43.53-1536x1157.jpeg 1536w, https:\/\/agora.xtec.cat\/esc-jmaragall-sabadell\/wp-content\/uploads\/usu1082\/2024\/10\/WhatsApp-Image-2024-10-29-at-20.43.53-200x150.jpeg 200w, https:\/\/agora.xtec.cat\/esc-jmaragall-sabadell\/wp-content\/uploads\/usu1082\/2024\/10\/WhatsApp-Image-2024-10-29-at-20.43.53.jpeg 2040w\" sizes=\"auto, (max-width: 902px) 100vw, 902px\" \/><\/a><\/p>\n<p>&nbsp;<\/p>\n<p>&nbsp;<\/p>\n<p>&nbsp;<\/p>\n","protected":false},"excerpt":{"rendered":"<p>Avui els nens i nenes de 5\u00e8 ens han ajudat a recollir les olives de l&#8217;olivera, el nostre arbre de la classe de 1r, amb pals i rasclets. Despr\u00e9s entre tots i totes hem separat les olives en bon estat per poder preparar-les per menjar&hellip;  <a href=\"https:\/\/agora.xtec.cat\/esc-jmaragall-sabadell\/general\/es-temps-de-collir-olives\/\" title=\"Read \u00c9S  TEMPS  DE  COLLIR  OLIVES !!\">Llegeix m\u00e9s\u00bb<\/a><\/p>\n","protected":false},"author":20,"featured_media":7597,"comment_status":"open","ping_status":"closed","sticky":false,"template":"","format":"standard","meta":{"_bbp_topic_count":0,"_bbp_reply_count":0,"_bbp_total_topic_count":0,"_bbp_total_reply_count":0,"_bbp_voice_count":0,"_bbp_anonymous_reply_count":0,"_bbp_topic_count_hidden":0,"_bbp_reply_count_hidden":0,"_bbp_forum_subforum_count":0,"footnotes":""},"categories":[245,1,4,5],"tags":[],"class_list":["post-7592","post","type-post","status-publish","format-standard","has-post-thumbnail","hentry","category-245","category-general","category-portada","category-primaria"],"post_mailing_queue_ids":[],"_links":{"self":[{"href":"https:\/\/agora.xtec.cat\/esc-jmaragall-sabadell\/wp-json\/wp\/v2\/posts\/7592","targetHints":{"allow":["GET"]}}],"collection":[{"href":"https:\/\/agora.xtec.cat\/esc-jmaragall-sabadell\/wp-json\/wp\/v2\/posts"}],"about":[{"href":"https:\/\/agora.xtec.cat\/esc-jmaragall-sabadell\/wp-json\/wp\/v2\/types\/post"}],"author":[{"embeddable":true,"href":"https:\/\/agora.xtec.cat\/esc-jmaragall-sabadell\/wp-json\/wp\/v2\/users\/20"}],"replies":[{"embeddable":true,"href":"https:\/\/agora.xtec.cat\/esc-jmaragall-sabadell\/wp-json\/wp\/v2\/comments?post=7592"}],"version-history":[{"count":1,"href":"https:\/\/agora.xtec.cat\/esc-jmaragall-sabadell\/wp-json\/wp\/v2\/posts\/7592\/revisions"}],"predecessor-version":[{"id":7598,"href":"https:\/\/agora.xtec.cat\/esc-jmaragall-sabadell\/wp-json\/wp\/v2\/posts\/7592\/revisions\/7598"}],"wp:featuredmedia":[{"embeddable":true,"href":"https:\/\/agora.xtec.cat\/esc-jmaragall-sabadell\/wp-json\/wp\/v2\/media\/7597"}],"wp:attachment":[{"href":"https:\/\/agora.xtec.cat\/esc-jmaragall-sabadell\/wp-json\/wp\/v2\/media?parent=7592"}],"wp:term":[{"taxonomy":"category","embeddable":true,"href":"https:\/\/agora.xtec.cat\/esc-jmaragall-sabadell\/wp-json\/wp\/v2\/categories?post=7592"},{"taxonomy":"post_tag","embeddable":true,"href":"https:\/\/agora.xtec.cat\/esc-jmaragall-sabadell\/wp-json\/wp\/v2\/tags?post=7592"}],"curies":[{"name":"wp","href":"https:\/\/api.w.org\/{rel}","templated":true}]}}