{"id":7541,"date":"2024-10-10T14:42:47","date_gmt":"2024-10-10T12:42:47","guid":{"rendered":"https:\/\/agora.xtec.cat\/esc-jmaragall-sabadell\/?p=7541"},"modified":"2024-10-29T13:29:17","modified_gmt":"2024-10-29T12:29:17","slug":"els-infants-di4-i-i5-anem-dexcursio","status":"publish","type":"post","link":"https:\/\/agora.xtec.cat\/esc-jmaragall-sabadell\/infantil\/els-infants-di4-i-i5-anem-dexcursio\/","title":{"rendered":"ELS INFANTS D&#8217;I4 i I5 ANEM D&#8217;EXCURSI\u00d3"},"content":{"rendered":"<p>Els nens i les nenes d&#8217;I4 i I5 hem anat d&#8217;excursi\u00f3 a la granja de Palautordera.<\/p>\n<p>Aprofitant que ja hem comen\u00e7at a esbrinar q\u00fcestions sobre la tardor hem anat en aquest entorn preci\u00f3s per viure-la de primera m\u00e0. Un follet ens han explicat una hist\u00f2ria preciosa sobre el bosc mentre cant\u00e0vem i ball\u00e0vem.\u00a0 Hem vist castanyers, bolets i diversos fruits de la tardor i hem pogut observar i\u00a0 tocar diversos animals com ara les gallines i les cabres. Sab\u00edeu que les cabretes petites no es poden tocar perqu\u00e8 sin\u00f3 les mares les rebutgen?<\/p>\n<p>Hem\u00a0 passat un dia d&#8217;all\u00f2 m\u00e9s divertit!!!<\/p>\n<p><a href=\"https:\/\/agora.xtec.cat\/esc-jmaragall-sabadell\/wp-content\/uploads\/usu1082\/2024\/10\/IMG-20241010-WA0040.jpg\"><img loading=\"lazy\" decoding=\"async\" class=\"alignnone size-large wp-image-7542\" src=\"https:\/\/agora.xtec.cat\/esc-jmaragall-sabadell\/wp-content\/uploads\/usu1082\/2024\/10\/IMG-20241010-WA0040-771x1024.jpg\" alt=\"\" width=\"771\" height=\"1024\" srcset=\"https:\/\/agora.xtec.cat\/esc-jmaragall-sabadell\/wp-content\/uploads\/usu1082\/2024\/10\/IMG-20241010-WA0040-771x1024.jpg 771w, https:\/\/agora.xtec.cat\/esc-jmaragall-sabadell\/wp-content\/uploads\/usu1082\/2024\/10\/IMG-20241010-WA0040-226x300.jpg 226w, https:\/\/agora.xtec.cat\/esc-jmaragall-sabadell\/wp-content\/uploads\/usu1082\/2024\/10\/IMG-20241010-WA0040-768x1020.jpg 768w, https:\/\/agora.xtec.cat\/esc-jmaragall-sabadell\/wp-content\/uploads\/usu1082\/2024\/10\/IMG-20241010-WA0040-1157x1536.jpg 1157w, https:\/\/agora.xtec.cat\/esc-jmaragall-sabadell\/wp-content\/uploads\/usu1082\/2024\/10\/IMG-20241010-WA0040.jpg 1536w\" sizes=\"auto, (max-width: 771px) 100vw, 771px\" \/><\/a> <a href=\"https:\/\/agora.xtec.cat\/esc-jmaragall-sabadell\/wp-content\/uploads\/usu1082\/2024\/10\/IMG-20241010-WA0010.jpg\"><img loading=\"lazy\" decoding=\"async\" class=\"alignnone size-large wp-image-7543\" src=\"https:\/\/agora.xtec.cat\/esc-jmaragall-sabadell\/wp-content\/uploads\/usu1082\/2024\/10\/IMG-20241010-WA0010-1024x768.jpg\" alt=\"\" width=\"1024\" height=\"768\" srcset=\"https:\/\/agora.xtec.cat\/esc-jmaragall-sabadell\/wp-content\/uploads\/usu1082\/2024\/10\/IMG-20241010-WA0010-1024x768.jpg 1024w, https:\/\/agora.xtec.cat\/esc-jmaragall-sabadell\/wp-content\/uploads\/usu1082\/2024\/10\/IMG-20241010-WA0010-300x225.jpg 300w, https:\/\/agora.xtec.cat\/esc-jmaragall-sabadell\/wp-content\/uploads\/usu1082\/2024\/10\/IMG-20241010-WA0010-768x576.jpg 768w, https:\/\/agora.xtec.cat\/esc-jmaragall-sabadell\/wp-content\/uploads\/usu1082\/2024\/10\/IMG-20241010-WA0010-1536x1152.jpg 1536w, https:\/\/agora.xtec.cat\/esc-jmaragall-sabadell\/wp-content\/uploads\/usu1082\/2024\/10\/IMG-20241010-WA0010-200x150.jpg 200w, https:\/\/agora.xtec.cat\/esc-jmaragall-sabadell\/wp-content\/uploads\/usu1082\/2024\/10\/IMG-20241010-WA0010.jpg 1600w\" sizes=\"auto, (max-width: 1024px) 100vw, 1024px\" \/><\/a> <a href=\"https:\/\/agora.xtec.cat\/esc-jmaragall-sabadell\/wp-content\/uploads\/usu1082\/2024\/10\/IMG-20241010-WA0025.jpg\"><img loading=\"lazy\" decoding=\"async\" class=\"alignnone size-large wp-image-7544\" src=\"https:\/\/agora.xtec.cat\/esc-jmaragall-sabadell\/wp-content\/uploads\/usu1082\/2024\/10\/IMG-20241010-WA0025-768x1024.jpg\" alt=\"\" width=\"768\" height=\"1024\" srcset=\"https:\/\/agora.xtec.cat\/esc-jmaragall-sabadell\/wp-content\/uploads\/usu1082\/2024\/10\/IMG-20241010-WA0025-768x1024.jpg 768w, https:\/\/agora.xtec.cat\/esc-jmaragall-sabadell\/wp-content\/uploads\/usu1082\/2024\/10\/IMG-20241010-WA0025-225x300.jpg 225w, https:\/\/agora.xtec.cat\/esc-jmaragall-sabadell\/wp-content\/uploads\/usu1082\/2024\/10\/IMG-20241010-WA0025-1152x1536.jpg 1152w, https:\/\/agora.xtec.cat\/esc-jmaragall-sabadell\/wp-content\/uploads\/usu1082\/2024\/10\/IMG-20241010-WA0025.jpg 1200w\" sizes=\"auto, (max-width: 768px) 100vw, 768px\" \/><\/a> <a href=\"https:\/\/agora.xtec.cat\/esc-jmaragall-sabadell\/wp-content\/uploads\/usu1082\/2024\/10\/IMG-20241010-WA0034.jpg\"><img loading=\"lazy\" decoding=\"async\" class=\"alignnone size-large wp-image-7545\" src=\"https:\/\/agora.xtec.cat\/esc-jmaragall-sabadell\/wp-content\/uploads\/usu1082\/2024\/10\/IMG-20241010-WA0034-1024x768.jpg\" alt=\"\" width=\"1024\" height=\"768\" srcset=\"https:\/\/agora.xtec.cat\/esc-jmaragall-sabadell\/wp-content\/uploads\/usu1082\/2024\/10\/IMG-20241010-WA0034-1024x768.jpg 1024w, https:\/\/agora.xtec.cat\/esc-jmaragall-sabadell\/wp-content\/uploads\/usu1082\/2024\/10\/IMG-20241010-WA0034-300x225.jpg 300w, https:\/\/agora.xtec.cat\/esc-jmaragall-sabadell\/wp-content\/uploads\/usu1082\/2024\/10\/IMG-20241010-WA0034-768x576.jpg 768w, https:\/\/agora.xtec.cat\/esc-jmaragall-sabadell\/wp-content\/uploads\/usu1082\/2024\/10\/IMG-20241010-WA0034-1536x1152.jpg 1536w, https:\/\/agora.xtec.cat\/esc-jmaragall-sabadell\/wp-content\/uploads\/usu1082\/2024\/10\/IMG-20241010-WA0034-200x150.jpg 200w, https:\/\/agora.xtec.cat\/esc-jmaragall-sabadell\/wp-content\/uploads\/usu1082\/2024\/10\/IMG-20241010-WA0034.jpg 1600w\" sizes=\"auto, (max-width: 1024px) 100vw, 1024px\" \/><\/a> <a href=\"https:\/\/agora.xtec.cat\/esc-jmaragall-sabadell\/wp-content\/uploads\/usu1082\/2024\/10\/IMG-20241010-WA0029.jpg\"><img loading=\"lazy\" decoding=\"async\" class=\"alignnone size-large wp-image-7546\" src=\"https:\/\/agora.xtec.cat\/esc-jmaragall-sabadell\/wp-content\/uploads\/usu1082\/2024\/10\/IMG-20241010-WA0029-1024x768.jpg\" alt=\"\" width=\"1024\" height=\"768\" srcset=\"https:\/\/agora.xtec.cat\/esc-jmaragall-sabadell\/wp-content\/uploads\/usu1082\/2024\/10\/IMG-20241010-WA0029-1024x768.jpg 1024w, https:\/\/agora.xtec.cat\/esc-jmaragall-sabadell\/wp-content\/uploads\/usu1082\/2024\/10\/IMG-20241010-WA0029-300x225.jpg 300w, https:\/\/agora.xtec.cat\/esc-jmaragall-sabadell\/wp-content\/uploads\/usu1082\/2024\/10\/IMG-20241010-WA0029-768x576.jpg 768w, https:\/\/agora.xtec.cat\/esc-jmaragall-sabadell\/wp-content\/uploads\/usu1082\/2024\/10\/IMG-20241010-WA0029-1536x1152.jpg 1536w, https:\/\/agora.xtec.cat\/esc-jmaragall-sabadell\/wp-content\/uploads\/usu1082\/2024\/10\/IMG-20241010-WA0029-200x150.jpg 200w, https:\/\/agora.xtec.cat\/esc-jmaragall-sabadell\/wp-content\/uploads\/usu1082\/2024\/10\/IMG-20241010-WA0029.jpg 1600w\" sizes=\"auto, (max-width: 1024px) 100vw, 1024px\" \/><\/a> <a href=\"https:\/\/agora.xtec.cat\/esc-jmaragall-sabadell\/wp-content\/uploads\/usu1082\/2024\/10\/IMG-20241010-WA0014.jpg\"><img loading=\"lazy\" decoding=\"async\" class=\"alignnone size-large wp-image-7547\" src=\"https:\/\/agora.xtec.cat\/esc-jmaragall-sabadell\/wp-content\/uploads\/usu1082\/2024\/10\/IMG-20241010-WA0014-768x1024.jpg\" alt=\"\" width=\"768\" height=\"1024\" srcset=\"https:\/\/agora.xtec.cat\/esc-jmaragall-sabadell\/wp-content\/uploads\/usu1082\/2024\/10\/IMG-20241010-WA0014-768x1024.jpg 768w, https:\/\/agora.xtec.cat\/esc-jmaragall-sabadell\/wp-content\/uploads\/usu1082\/2024\/10\/IMG-20241010-WA0014-225x300.jpg 225w, https:\/\/agora.xtec.cat\/esc-jmaragall-sabadell\/wp-content\/uploads\/usu1082\/2024\/10\/IMG-20241010-WA0014-1152x1536.jpg 1152w, https:\/\/agora.xtec.cat\/esc-jmaragall-sabadell\/wp-content\/uploads\/usu1082\/2024\/10\/IMG-20241010-WA0014.jpg 1200w\" sizes=\"auto, (max-width: 768px) 100vw, 768px\" \/><\/a><\/p>\n","protected":false},"excerpt":{"rendered":"<p>Els nens i les nenes d&#8217;I4 i I5 hem anat d&#8217;excursi\u00f3 a la granja de Palautordera.<br \/>\nAprofitant que ja hem comen\u00e7at a esbrinar q\u00fcestions sobre la tardor hem anat en aquest entorn preci\u00f3s per viure-la de primera m\u00e0. Un follet ens han explicat una hist\u00f2ria preciosa&hellip;  <a href=\"https:\/\/agora.xtec.cat\/esc-jmaragall-sabadell\/infantil\/els-infants-di4-i-i5-anem-dexcursio\/\" title=\"Read ELS INFANTS D&#8217;I4 i I5 ANEM D&#8217;EXCURSI\u00d3\">Llegeix m\u00e9s\u00bb<\/a><\/p>\n","protected":false},"author":160,"featured_media":7452,"comment_status":"open","ping_status":"closed","sticky":false,"template":"","format":"standard","meta":{"_bbp_topic_count":0,"_bbp_reply_count":0,"_bbp_total_topic_count":0,"_bbp_total_reply_count":0,"_bbp_voice_count":0,"_bbp_anonymous_reply_count":0,"_bbp_topic_count_hidden":0,"_bbp_reply_count_hidden":0,"_bbp_forum_subforum_count":0,"footnotes":""},"categories":[2,4],"tags":[],"class_list":["post-7541","post","type-post","status-publish","format-standard","has-post-thumbnail","hentry","category-infantil","category-portada"],"post_mailing_queue_ids":[],"_links":{"self":[{"href":"https:\/\/agora.xtec.cat\/esc-jmaragall-sabadell\/wp-json\/wp\/v2\/posts\/7541","targetHints":{"allow":["GET"]}}],"collection":[{"href":"https:\/\/agora.xtec.cat\/esc-jmaragall-sabadell\/wp-json\/wp\/v2\/posts"}],"about":[{"href":"https:\/\/agora.xtec.cat\/esc-jmaragall-sabadell\/wp-json\/wp\/v2\/types\/post"}],"author":[{"embeddable":true,"href":"https:\/\/agora.xtec.cat\/esc-jmaragall-sabadell\/wp-json\/wp\/v2\/users\/160"}],"replies":[{"embeddable":true,"href":"https:\/\/agora.xtec.cat\/esc-jmaragall-sabadell\/wp-json\/wp\/v2\/comments?post=7541"}],"version-history":[{"count":2,"href":"https:\/\/agora.xtec.cat\/esc-jmaragall-sabadell\/wp-json\/wp\/v2\/posts\/7541\/revisions"}],"predecessor-version":[{"id":7550,"href":"https:\/\/agora.xtec.cat\/esc-jmaragall-sabadell\/wp-json\/wp\/v2\/posts\/7541\/revisions\/7550"}],"wp:featuredmedia":[{"embeddable":true,"href":"https:\/\/agora.xtec.cat\/esc-jmaragall-sabadell\/wp-json\/wp\/v2\/media\/7452"}],"wp:attachment":[{"href":"https:\/\/agora.xtec.cat\/esc-jmaragall-sabadell\/wp-json\/wp\/v2\/media?parent=7541"}],"wp:term":[{"taxonomy":"category","embeddable":true,"href":"https:\/\/agora.xtec.cat\/esc-jmaragall-sabadell\/wp-json\/wp\/v2\/categories?post=7541"},{"taxonomy":"post_tag","embeddable":true,"href":"https:\/\/agora.xtec.cat\/esc-jmaragall-sabadell\/wp-json\/wp\/v2\/tags?post=7541"}],"curies":[{"name":"wp","href":"https:\/\/api.w.org\/{rel}","templated":true}]}}