{"id":7533,"date":"2024-10-08T19:54:00","date_gmt":"2024-10-08T17:54:00","guid":{"rendered":"https:\/\/agora.xtec.cat\/esc-jmaragall-sabadell\/?p=7533"},"modified":"2024-10-08T19:54:00","modified_gmt":"2024-10-08T17:54:00","slug":"a-i3-ja-hem-superat-el-periode-dadaptacio","status":"publish","type":"post","link":"https:\/\/agora.xtec.cat\/esc-jmaragall-sabadell\/general\/a-i3-ja-hem-superat-el-periode-dadaptacio\/","title":{"rendered":"A I3 JA HEM SUPERAT EL PERIODE D\u00b4ADAPTACI\u00d3!!"},"content":{"rendered":"<p>El fet de comen\u00e7ar l\u2019escola \u00e9s un esdeveniment important per als nens i nenes de 3 anys i necessiten passar un per\u00edode d\u2019adaptaci\u00f3 doncs \u00e9s una situaci\u00f3 nova per a ells\/es que requereix\u00a0 habituar-se a nous espais, persones, horaris ,jocs , h\u00e0bits &#8230; i despr\u00e9s de un mes a\u00a0 \u00a0 \u00a0 \u00a0 \u00a0 \u00a0 \u00a0l\u00b4escola l \u00b4han ACONSEGUIT!!<\/p>\n<p><iframe loading=\"lazy\" title=\"8 de octubre de 2024\" width=\"500\" height=\"281\" src=\"https:\/\/www.youtube.com\/embed\/jBDhS_KRFms?feature=oembed\" frameborder=\"0\" allow=\"accelerometer; autoplay; clipboard-write; encrypted-media; gyroscope; picture-in-picture; web-share\" referrerpolicy=\"strict-origin-when-cross-origin\" allowfullscreen><\/iframe><\/p>\n","protected":false},"excerpt":{"rendered":"<p>El fet de comen\u00e7ar l\u2019escola \u00e9s un esdeveniment important per als nens i nenes de 3 anys i necessiten passar un per\u00edode d\u2019adaptaci\u00f3 doncs \u00e9s una situaci\u00f3 nova per a ells\/es que requereix\u00a0 habituar-se a nous espais, persones, horaris ,jocs , h\u00e0bits &#8230; i despr\u00e9s&hellip;  <a href=\"https:\/\/agora.xtec.cat\/esc-jmaragall-sabadell\/general\/a-i3-ja-hem-superat-el-periode-dadaptacio\/\" title=\"Read A I3 JA HEM SUPERAT EL PERIODE D\u00b4ADAPTACI\u00d3!!\">Llegeix m\u00e9s\u00bb<\/a><\/p>\n","protected":false},"author":27,"featured_media":7534,"comment_status":"open","ping_status":"closed","sticky":false,"template":"","format":"standard","meta":{"_bbp_topic_count":0,"_bbp_reply_count":0,"_bbp_total_topic_count":0,"_bbp_total_reply_count":0,"_bbp_voice_count":0,"_bbp_anonymous_reply_count":0,"_bbp_topic_count_hidden":0,"_bbp_reply_count_hidden":0,"_bbp_forum_subforum_count":0,"footnotes":""},"categories":[1,2,4],"tags":[],"class_list":["post-7533","post","type-post","status-publish","format-standard","has-post-thumbnail","hentry","category-general","category-infantil","category-portada"],"post_mailing_queue_ids":[],"_links":{"self":[{"href":"https:\/\/agora.xtec.cat\/esc-jmaragall-sabadell\/wp-json\/wp\/v2\/posts\/7533","targetHints":{"allow":["GET"]}}],"collection":[{"href":"https:\/\/agora.xtec.cat\/esc-jmaragall-sabadell\/wp-json\/wp\/v2\/posts"}],"about":[{"href":"https:\/\/agora.xtec.cat\/esc-jmaragall-sabadell\/wp-json\/wp\/v2\/types\/post"}],"author":[{"embeddable":true,"href":"https:\/\/agora.xtec.cat\/esc-jmaragall-sabadell\/wp-json\/wp\/v2\/users\/27"}],"replies":[{"embeddable":true,"href":"https:\/\/agora.xtec.cat\/esc-jmaragall-sabadell\/wp-json\/wp\/v2\/comments?post=7533"}],"version-history":[{"count":1,"href":"https:\/\/agora.xtec.cat\/esc-jmaragall-sabadell\/wp-json\/wp\/v2\/posts\/7533\/revisions"}],"predecessor-version":[{"id":7535,"href":"https:\/\/agora.xtec.cat\/esc-jmaragall-sabadell\/wp-json\/wp\/v2\/posts\/7533\/revisions\/7535"}],"wp:featuredmedia":[{"embeddable":true,"href":"https:\/\/agora.xtec.cat\/esc-jmaragall-sabadell\/wp-json\/wp\/v2\/media\/7534"}],"wp:attachment":[{"href":"https:\/\/agora.xtec.cat\/esc-jmaragall-sabadell\/wp-json\/wp\/v2\/media?parent=7533"}],"wp:term":[{"taxonomy":"category","embeddable":true,"href":"https:\/\/agora.xtec.cat\/esc-jmaragall-sabadell\/wp-json\/wp\/v2\/categories?post=7533"},{"taxonomy":"post_tag","embeddable":true,"href":"https:\/\/agora.xtec.cat\/esc-jmaragall-sabadell\/wp-json\/wp\/v2\/tags?post=7533"}],"curies":[{"name":"wp","href":"https:\/\/api.w.org\/{rel}","templated":true}]}}