{"id":7514,"date":"2024-06-26T14:32:30","date_gmt":"2024-06-26T12:32:30","guid":{"rendered":"https:\/\/agora.xtec.cat\/esc-jmaragall-sabadell\/?p=7514"},"modified":"2024-06-26T14:32:30","modified_gmt":"2024-06-26T12:32:30","slug":"un-viatge-per-la-promocio-2015-2024","status":"publish","type":"post","link":"https:\/\/agora.xtec.cat\/esc-jmaragall-sabadell\/general\/un-viatge-per-la-promocio-2015-2024\/","title":{"rendered":"Un viatge per la Promoci\u00f3 2015-2024"},"content":{"rendered":"<p>El passat 21 de juny vam acomiadar als nens i nenes de sis\u00e8 de la Promoci\u00f3 2015-2024. Durant aquests nou anys a l&#8217;escola han viscut moltes aventures i a continuaci\u00f3, compartim amb vosaltres un v\u00eddeo on podreu veure alguns d&#8217;aquests moments especials&#8230; Com han crescut!<\/p>\n<p>Va ser una graduaci\u00f3 molt emocionant i emotiva i nom\u00e9s ens falta desitjar a l&#8217;alumnat de sis\u00e8 molt\u00edssima sort en l&#8217;etapa tan important que comen\u00e7aran! Felicitats!!<\/p>\n<p><iframe loading=\"lazy\" title=\"Un viatge per l&#039;escola - Promoci\u00f3 2015-2025\" width=\"500\" height=\"281\" src=\"https:\/\/www.youtube.com\/embed\/AQ4kfqosOB8?feature=oembed\" frameborder=\"0\" allow=\"accelerometer; autoplay; clipboard-write; encrypted-media; gyroscope; picture-in-picture; web-share\" referrerpolicy=\"strict-origin-when-cross-origin\" allowfullscreen><\/iframe><\/p>\n","protected":false},"excerpt":{"rendered":"<p>El passat 21 de juny vam acomiadar als nens i nenes de sis\u00e8 de la Promoci\u00f3 2015-2024. Durant aquests nou anys a l&#8217;escola han viscut moltes aventures i a continuaci\u00f3, compartim amb vosaltres un v\u00eddeo on podreu veure alguns d&#8217;aquests moments especials&#8230; Com han crescut!<br \/>\nVa&hellip;  <a href=\"https:\/\/agora.xtec.cat\/esc-jmaragall-sabadell\/general\/un-viatge-per-la-promocio-2015-2024\/\" title=\"Read Un viatge per la Promoci\u00f3 2015-2024\">Llegeix m\u00e9s\u00bb<\/a><\/p>\n","protected":false},"author":151,"featured_media":7515,"comment_status":"open","ping_status":"closed","sticky":false,"template":"","format":"standard","meta":{"_bbp_topic_count":0,"_bbp_reply_count":0,"_bbp_total_topic_count":0,"_bbp_total_reply_count":0,"_bbp_voice_count":0,"_bbp_anonymous_reply_count":0,"_bbp_topic_count_hidden":0,"_bbp_reply_count_hidden":0,"_bbp_forum_subforum_count":0,"footnotes":""},"categories":[8,15,1,4,5],"tags":[],"class_list":["post-7514","post","type-post","status-publish","format-standard","has-post-thumbnail","hentry","category-8","category-antics-alumnes","category-general","category-portada","category-primaria"],"post_mailing_queue_ids":[],"_links":{"self":[{"href":"https:\/\/agora.xtec.cat\/esc-jmaragall-sabadell\/wp-json\/wp\/v2\/posts\/7514","targetHints":{"allow":["GET"]}}],"collection":[{"href":"https:\/\/agora.xtec.cat\/esc-jmaragall-sabadell\/wp-json\/wp\/v2\/posts"}],"about":[{"href":"https:\/\/agora.xtec.cat\/esc-jmaragall-sabadell\/wp-json\/wp\/v2\/types\/post"}],"author":[{"embeddable":true,"href":"https:\/\/agora.xtec.cat\/esc-jmaragall-sabadell\/wp-json\/wp\/v2\/users\/151"}],"replies":[{"embeddable":true,"href":"https:\/\/agora.xtec.cat\/esc-jmaragall-sabadell\/wp-json\/wp\/v2\/comments?post=7514"}],"version-history":[{"count":1,"href":"https:\/\/agora.xtec.cat\/esc-jmaragall-sabadell\/wp-json\/wp\/v2\/posts\/7514\/revisions"}],"predecessor-version":[{"id":7516,"href":"https:\/\/agora.xtec.cat\/esc-jmaragall-sabadell\/wp-json\/wp\/v2\/posts\/7514\/revisions\/7516"}],"wp:featuredmedia":[{"embeddable":true,"href":"https:\/\/agora.xtec.cat\/esc-jmaragall-sabadell\/wp-json\/wp\/v2\/media\/7515"}],"wp:attachment":[{"href":"https:\/\/agora.xtec.cat\/esc-jmaragall-sabadell\/wp-json\/wp\/v2\/media?parent=7514"}],"wp:term":[{"taxonomy":"category","embeddable":true,"href":"https:\/\/agora.xtec.cat\/esc-jmaragall-sabadell\/wp-json\/wp\/v2\/categories?post=7514"},{"taxonomy":"post_tag","embeddable":true,"href":"https:\/\/agora.xtec.cat\/esc-jmaragall-sabadell\/wp-json\/wp\/v2\/tags?post=7514"}],"curies":[{"name":"wp","href":"https:\/\/api.w.org\/{rel}","templated":true}]}}