{"id":7472,"date":"2024-06-05T13:24:04","date_gmt":"2024-06-05T11:24:04","guid":{"rendered":"https:\/\/agora.xtec.cat\/esc-jmaragall-sabadell\/?p=7472"},"modified":"2024-06-05T17:22:17","modified_gmt":"2024-06-05T15:22:17","slug":"muse-i-maragall-van-de-la-ma-a-barcelona","status":"publish","type":"post","link":"https:\/\/agora.xtec.cat\/esc-jmaragall-sabadell\/general\/muse-i-maragall-van-de-la-ma-a-barcelona\/","title":{"rendered":"MUSE i Maragall van de la m\u00e0 a Barcelona!!!!"},"content":{"rendered":"<p>&nbsp;<\/p>\n<p><a href=\"https:\/\/agora.xtec.cat\/esc-jmaragall-sabadell\/wp-content\/uploads\/usu1082\/2024\/06\/WhatsApp-Image-2024-06-05-at-1.19.15-PM.jpeg\"><img loading=\"lazy\" decoding=\"async\" class=\"alignnone size-large wp-image-7476\" src=\"https:\/\/agora.xtec.cat\/esc-jmaragall-sabadell\/wp-content\/uploads\/usu1082\/2024\/06\/WhatsApp-Image-2024-06-05-at-1.19.15-PM-1024x768.jpeg\" alt=\"\" width=\"1024\" height=\"768\" srcset=\"https:\/\/agora.xtec.cat\/esc-jmaragall-sabadell\/wp-content\/uploads\/usu1082\/2024\/06\/WhatsApp-Image-2024-06-05-at-1.19.15-PM-1024x768.jpeg 1024w, https:\/\/agora.xtec.cat\/esc-jmaragall-sabadell\/wp-content\/uploads\/usu1082\/2024\/06\/WhatsApp-Image-2024-06-05-at-1.19.15-PM-300x225.jpeg 300w, https:\/\/agora.xtec.cat\/esc-jmaragall-sabadell\/wp-content\/uploads\/usu1082\/2024\/06\/WhatsApp-Image-2024-06-05-at-1.19.15-PM-768x576.jpeg 768w, https:\/\/agora.xtec.cat\/esc-jmaragall-sabadell\/wp-content\/uploads\/usu1082\/2024\/06\/WhatsApp-Image-2024-06-05-at-1.19.15-PM-1536x1152.jpeg 1536w, https:\/\/agora.xtec.cat\/esc-jmaragall-sabadell\/wp-content\/uploads\/usu1082\/2024\/06\/WhatsApp-Image-2024-06-05-at-1.19.15-PM-200x150.jpeg 200w, https:\/\/agora.xtec.cat\/esc-jmaragall-sabadell\/wp-content\/uploads\/usu1082\/2024\/06\/WhatsApp-Image-2024-06-05-at-1.19.15-PM.jpeg 1600w\" sizes=\"auto, (max-width: 1024px) 100vw, 1024px\" \/><\/a><\/p>\n<p>&nbsp;<\/p>\n<p>Divendres 7 de juny, els alumnes de quart actuaran a Barcelona mostrant el seu treball i el que han apr\u00e8s del curs.<\/p>\n<p>Com us podeu imaginar, els alumnes estan ben emocionats amb aquesta representaci\u00f3 que faran de l&#8217;escola. Els infants podran ensenyar tot el que saben sobre els drets de la naturalesa.<\/p>\n<p>A m\u00e9s a m\u00e9s, de poder gaudir d&#8217;un espectacle \u00fanic ja que altres escoles adherides al programa MUSE hi participen.<\/p>\n<p>Pr\u00f2ximament, us donarem m\u00e9s detalls de l&#8217;activitat!!!!!!<\/p>\n<div style=\"width: 848px;\" class=\"wp-video\"><!--[if lt IE 9]><script>document.createElement('video');<\/script><![endif]-->\n<video class=\"wp-video-shortcode\" id=\"video-7472-1\" width=\"848\" height=\"480\" preload=\"metadata\" controls=\"controls\"><source type=\"video\/mp4\" src=\"https:\/\/agora.xtec.cat\/esc-jmaragall-sabadell\/wp-content\/uploads\/usu1082\/2024\/06\/d9aa0842-355f-4a8a-904a-dc30d9d58052-1.mp4?_=1\" \/><a href=\"https:\/\/agora.xtec.cat\/esc-jmaragall-sabadell\/wp-content\/uploads\/usu1082\/2024\/06\/d9aa0842-355f-4a8a-904a-dc30d9d58052-1.mp4\">https:\/\/agora.xtec.cat\/esc-jmaragall-sabadell\/wp-content\/uploads\/usu1082\/2024\/06\/d9aa0842-355f-4a8a-904a-dc30d9d58052-1.mp4<\/a><\/video><\/div>\n<div style=\"width: 848px;\" class=\"wp-video\"><video class=\"wp-video-shortcode\" id=\"video-7472-2\" width=\"848\" height=\"480\" preload=\"metadata\" controls=\"controls\"><source type=\"video\/mp4\" src=\"https:\/\/agora.xtec.cat\/esc-jmaragall-sabadell\/wp-content\/uploads\/usu1082\/2024\/06\/WhatsApp-Video-2024-06-05-at-1.50.35-PM.mp4?_=2\" \/><a href=\"https:\/\/agora.xtec.cat\/esc-jmaragall-sabadell\/wp-content\/uploads\/usu1082\/2024\/06\/WhatsApp-Video-2024-06-05-at-1.50.35-PM.mp4\">https:\/\/agora.xtec.cat\/esc-jmaragall-sabadell\/wp-content\/uploads\/usu1082\/2024\/06\/WhatsApp-Video-2024-06-05-at-1.50.35-PM.mp4<\/a><\/video><\/div>\n<div style=\"width: 848px;\" class=\"wp-video\"><video class=\"wp-video-shortcode\" id=\"video-7472-3\" width=\"848\" height=\"480\" preload=\"metadata\" controls=\"controls\"><source type=\"video\/mp4\" src=\"https:\/\/agora.xtec.cat\/esc-jmaragall-sabadell\/wp-content\/uploads\/usu1082\/2024\/06\/WhatsApp-Video-2024-06-05-at-1.50.32-PM.mp4?_=3\" \/><a href=\"https:\/\/agora.xtec.cat\/esc-jmaragall-sabadell\/wp-content\/uploads\/usu1082\/2024\/06\/WhatsApp-Video-2024-06-05-at-1.50.32-PM.mp4\">https:\/\/agora.xtec.cat\/esc-jmaragall-sabadell\/wp-content\/uploads\/usu1082\/2024\/06\/WhatsApp-Video-2024-06-05-at-1.50.32-PM.mp4<\/a><\/video><\/div>\n","protected":false},"excerpt":{"rendered":"<p>&nbsp;<br \/>\n<a href=\"https:\/\/agora.xtec.cat\/esc-jmaragall-sabadell\/wp-content\/uploads\/usu1082\/2024\/06\/WhatsApp-Image-2024-06-05-at-1.19.15-PM.jpeg\"><\/a><br \/>\n&nbsp;<br \/>\nDivendres 7 de juny, els alumnes de quart actuaran a Barcelona mostrant el seu treball i el que han apr\u00e8s del curs.<br \/>\nCom us podeu imaginar, els alumnes estan ben emocionats amb aquesta representaci\u00f3 que faran de l&#8217;escola. Els infants podran ensenyar tot el que&hellip;  <a href=\"https:\/\/agora.xtec.cat\/esc-jmaragall-sabadell\/general\/muse-i-maragall-van-de-la-ma-a-barcelona\/\" title=\"Read MUSE i Maragall van de la m\u00e0 a Barcelona!!!!\">Llegeix m\u00e9s\u00bb<\/a><\/p>\n","protected":false},"author":18,"featured_media":7476,"comment_status":"open","ping_status":"closed","sticky":false,"template":"","format":"standard","meta":{"_bbp_topic_count":0,"_bbp_reply_count":0,"_bbp_total_topic_count":0,"_bbp_total_reply_count":0,"_bbp_voice_count":0,"_bbp_anonymous_reply_count":0,"_bbp_topic_count_hidden":0,"_bbp_reply_count_hidden":0,"_bbp_forum_subforum_count":0,"footnotes":""},"categories":[120,1,62,4],"tags":[],"class_list":["post-7472","post","type-post","status-publish","format-standard","has-post-thumbnail","hentry","category-120","category-general","category-muse","category-portada"],"post_mailing_queue_ids":[],"_links":{"self":[{"href":"https:\/\/agora.xtec.cat\/esc-jmaragall-sabadell\/wp-json\/wp\/v2\/posts\/7472","targetHints":{"allow":["GET"]}}],"collection":[{"href":"https:\/\/agora.xtec.cat\/esc-jmaragall-sabadell\/wp-json\/wp\/v2\/posts"}],"about":[{"href":"https:\/\/agora.xtec.cat\/esc-jmaragall-sabadell\/wp-json\/wp\/v2\/types\/post"}],"author":[{"embeddable":true,"href":"https:\/\/agora.xtec.cat\/esc-jmaragall-sabadell\/wp-json\/wp\/v2\/users\/18"}],"replies":[{"embeddable":true,"href":"https:\/\/agora.xtec.cat\/esc-jmaragall-sabadell\/wp-json\/wp\/v2\/comments?post=7472"}],"version-history":[{"count":6,"href":"https:\/\/agora.xtec.cat\/esc-jmaragall-sabadell\/wp-json\/wp\/v2\/posts\/7472\/revisions"}],"predecessor-version":[{"id":7490,"href":"https:\/\/agora.xtec.cat\/esc-jmaragall-sabadell\/wp-json\/wp\/v2\/posts\/7472\/revisions\/7490"}],"wp:featuredmedia":[{"embeddable":true,"href":"https:\/\/agora.xtec.cat\/esc-jmaragall-sabadell\/wp-json\/wp\/v2\/media\/7476"}],"wp:attachment":[{"href":"https:\/\/agora.xtec.cat\/esc-jmaragall-sabadell\/wp-json\/wp\/v2\/media?parent=7472"}],"wp:term":[{"taxonomy":"category","embeddable":true,"href":"https:\/\/agora.xtec.cat\/esc-jmaragall-sabadell\/wp-json\/wp\/v2\/categories?post=7472"},{"taxonomy":"post_tag","embeddable":true,"href":"https:\/\/agora.xtec.cat\/esc-jmaragall-sabadell\/wp-json\/wp\/v2\/tags?post=7472"}],"curies":[{"name":"wp","href":"https:\/\/api.w.org\/{rel}","templated":true}]}}