{"id":7465,"date":"2024-06-05T12:56:52","date_gmt":"2024-06-05T10:56:52","guid":{"rendered":"https:\/\/agora.xtec.cat\/esc-jmaragall-sabadell\/?p=7465"},"modified":"2024-06-05T12:56:52","modified_gmt":"2024-06-05T10:56:52","slug":"aprenem-amb-la-cindy-sherman","status":"publish","type":"post","link":"https:\/\/agora.xtec.cat\/esc-jmaragall-sabadell\/general\/aprenem-amb-la-cindy-sherman\/","title":{"rendered":"Aprenem amb la Cindy Sherman"},"content":{"rendered":"<p>Amb aquesta activitat art\u00edstica, els alumnes de quart han conegut a la <strong>Cindy Sherman.<\/strong><\/p>\n<p>Una gran artista que amb l&#8217;ajuda de la seva <strong>c\u00e0mera fotogr\u00e0fica<\/strong> sempre aprofita per reivindicar el paper de les dones a la societat.<\/p>\n<p>Com us podeu imaginar, els nens i nenes <strong>han apr\u00e8s a ser m\u00e9s cr\u00edtics amb la realitat que ens envolta<\/strong> mitjan\u00e7ant el llenguatge audiovisual. Mireu, mireu,&#8230;<\/p>\n<p><a href=\"https:\/\/agora.xtec.cat\/esc-jmaragall-sabadell\/wp-content\/uploads\/usu1082\/2024\/06\/11f66b98-69b3-41d0-9d98-ee18cc19626f.jpeg\"><img loading=\"lazy\" decoding=\"async\" class=\"alignnone wp-image-7466\" src=\"https:\/\/agora.xtec.cat\/esc-jmaragall-sabadell\/wp-content\/uploads\/usu1082\/2024\/06\/11f66b98-69b3-41d0-9d98-ee18cc19626f-1024x768.jpeg\" alt=\"\" width=\"858\" height=\"644\" srcset=\"https:\/\/agora.xtec.cat\/esc-jmaragall-sabadell\/wp-content\/uploads\/usu1082\/2024\/06\/11f66b98-69b3-41d0-9d98-ee18cc19626f-1024x768.jpeg 1024w, https:\/\/agora.xtec.cat\/esc-jmaragall-sabadell\/wp-content\/uploads\/usu1082\/2024\/06\/11f66b98-69b3-41d0-9d98-ee18cc19626f-300x225.jpeg 300w, https:\/\/agora.xtec.cat\/esc-jmaragall-sabadell\/wp-content\/uploads\/usu1082\/2024\/06\/11f66b98-69b3-41d0-9d98-ee18cc19626f-768x576.jpeg 768w, https:\/\/agora.xtec.cat\/esc-jmaragall-sabadell\/wp-content\/uploads\/usu1082\/2024\/06\/11f66b98-69b3-41d0-9d98-ee18cc19626f-1536x1152.jpeg 1536w, https:\/\/agora.xtec.cat\/esc-jmaragall-sabadell\/wp-content\/uploads\/usu1082\/2024\/06\/11f66b98-69b3-41d0-9d98-ee18cc19626f-200x150.jpeg 200w, https:\/\/agora.xtec.cat\/esc-jmaragall-sabadell\/wp-content\/uploads\/usu1082\/2024\/06\/11f66b98-69b3-41d0-9d98-ee18cc19626f.jpeg 2040w\" sizes=\"auto, (max-width: 858px) 100vw, 858px\" \/><\/a><\/p>\n","protected":false},"excerpt":{"rendered":"<p>Amb aquesta activitat art\u00edstica, els alumnes de quart han conegut a la Cindy Sherman.<br \/>\nUna gran artista que amb l&#8217;ajuda de la seva c\u00e0mera fotogr\u00e0fica sempre aprofita per reivindicar el paper de les dones a la societat.<br \/>\nCom us podeu imaginar, els nens i nenes han apr\u00e8s&hellip;  <a href=\"https:\/\/agora.xtec.cat\/esc-jmaragall-sabadell\/general\/aprenem-amb-la-cindy-sherman\/\" title=\"Read Aprenem amb la Cindy Sherman\">Llegeix m\u00e9s\u00bb<\/a><\/p>\n","protected":false},"author":18,"featured_media":7466,"comment_status":"open","ping_status":"closed","sticky":false,"template":"","format":"standard","meta":{"_bbp_topic_count":0,"_bbp_reply_count":0,"_bbp_total_topic_count":0,"_bbp_total_reply_count":0,"_bbp_voice_count":0,"_bbp_anonymous_reply_count":0,"_bbp_topic_count_hidden":0,"_bbp_reply_count_hidden":0,"_bbp_forum_subforum_count":0,"footnotes":""},"categories":[120,1,4,5],"tags":[],"class_list":["post-7465","post","type-post","status-publish","format-standard","has-post-thumbnail","hentry","category-120","category-general","category-portada","category-primaria"],"post_mailing_queue_ids":[],"_links":{"self":[{"href":"https:\/\/agora.xtec.cat\/esc-jmaragall-sabadell\/wp-json\/wp\/v2\/posts\/7465","targetHints":{"allow":["GET"]}}],"collection":[{"href":"https:\/\/agora.xtec.cat\/esc-jmaragall-sabadell\/wp-json\/wp\/v2\/posts"}],"about":[{"href":"https:\/\/agora.xtec.cat\/esc-jmaragall-sabadell\/wp-json\/wp\/v2\/types\/post"}],"author":[{"embeddable":true,"href":"https:\/\/agora.xtec.cat\/esc-jmaragall-sabadell\/wp-json\/wp\/v2\/users\/18"}],"replies":[{"embeddable":true,"href":"https:\/\/agora.xtec.cat\/esc-jmaragall-sabadell\/wp-json\/wp\/v2\/comments?post=7465"}],"version-history":[{"count":4,"href":"https:\/\/agora.xtec.cat\/esc-jmaragall-sabadell\/wp-json\/wp\/v2\/posts\/7465\/revisions"}],"predecessor-version":[{"id":7470,"href":"https:\/\/agora.xtec.cat\/esc-jmaragall-sabadell\/wp-json\/wp\/v2\/posts\/7465\/revisions\/7470"}],"wp:featuredmedia":[{"embeddable":true,"href":"https:\/\/agora.xtec.cat\/esc-jmaragall-sabadell\/wp-json\/wp\/v2\/media\/7466"}],"wp:attachment":[{"href":"https:\/\/agora.xtec.cat\/esc-jmaragall-sabadell\/wp-json\/wp\/v2\/media?parent=7465"}],"wp:term":[{"taxonomy":"category","embeddable":true,"href":"https:\/\/agora.xtec.cat\/esc-jmaragall-sabadell\/wp-json\/wp\/v2\/categories?post=7465"},{"taxonomy":"post_tag","embeddable":true,"href":"https:\/\/agora.xtec.cat\/esc-jmaragall-sabadell\/wp-json\/wp\/v2\/tags?post=7465"}],"curies":[{"name":"wp","href":"https:\/\/api.w.org\/{rel}","templated":true}]}}