{"id":7415,"date":"2024-06-01T09:33:31","date_gmt":"2024-06-01T07:33:31","guid":{"rendered":"https:\/\/agora.xtec.cat\/esc-jmaragall-sabadell\/?p=7415"},"modified":"2024-06-01T09:34:27","modified_gmt":"2024-06-01T07:34:27","slug":"dansa-creativa-a-leducacio-infantil","status":"publish","type":"post","link":"https:\/\/agora.xtec.cat\/esc-jmaragall-sabadell\/general\/dansa-creativa-a-leducacio-infantil\/","title":{"rendered":"Dansa creativa a l&#8217;Educaci\u00f3 Infantil"},"content":{"rendered":"<div>\n<div style=\"text-align: left;\"><span lang=\"CA\">Ja fa cinc anys que l&#8217;alumnat del segon cicle de l&#8217;Educaci\u00f3 Infantil gaudeix de les sessions de dansa creativa. En aquest espai els infants tenen l&#8217;oportunitat de con\u00e8ixer les possibilitats del seu propi cos, de desenvolupar el coneixement corporal i sensorial i relacionar-se amb un mateix, als altres, als materials i als objectes a trav\u00e9s del moviment i la improvisaci\u00f3 dels moviments. A m\u00e9s, tamb\u00e9 \u00a0els \u00a0hi permet viure les emocions des del propi cos en moviment donat que existeix una connexi\u00f3 entre el moviment i la emoci\u00f3. Al practicar-la s\u2019apr\u00e8n a recon\u00e8ixer les pr\u00f2pies emocions, a identificar les dels altres i a tenir la capacitat de provocar-les en el p\u00fablic o a les companyes i als companys de classe.\u00a0<\/span><\/div>\n<\/div>\n<div style=\"text-align: left;\"><span lang=\"CA\">En les classes de dansa es segueix sempre la mateixa estructura, en primer lloc es porta a terme el <strong>ritual d\u2019entrada<\/strong> on ens treiem les bambes, recordem les normes i fem una breu explicaci\u00f3 de l\u2019activitat corporal, sensorial i explorat\u00f2ria que es portar\u00e0 a terme, seguidament fem <strong>l&#8217;escalfament<\/strong>, a continuaci\u00f3 podem <strong>dansar lliurement<\/strong> seguint el ritme de la m\u00fasica i explorant diferents materials que provoquen respostes motrius diferents \u00a0i finalment fem la <strong>relaxaci\u00f3<\/strong> i \u00a0<strong>petita conversa<\/strong> del que ha sorgit durant la classe de dansa.\u00a0<\/span><\/div>\n<div style=\"text-align: left;\">A continuaci\u00f3 us deixem una petita mostra d&#8217;una de les parts de la sessi\u00f3: l&#8217;<strong>escalfament<\/strong>. Cliqueu damunt de l&#8217;enlla\u00e7 per poder-lo visualitzar. Esperem que us agradi!<\/div>\n<div><a href=\"https:\/\/youtu.be\/r2f0to_LdBo\">https:\/\/youtu.be\/r2f0to_LdBo<\/a><\/div>\n","protected":false},"excerpt":{"rendered":"<p>Ja fa cinc anys que l&#8217;alumnat del segon cicle de l&#8217;Educaci\u00f3 Infantil gaudeix de les sessions de dansa creativa. En aquest espai els infants tenen l&#8217;oportunitat de con\u00e8ixer les possibilitats del seu propi cos, de desenvolupar el coneixement corporal i sensorial i relacionar-se amb un&hellip;  <a href=\"https:\/\/agora.xtec.cat\/esc-jmaragall-sabadell\/general\/dansa-creativa-a-leducacio-infantil\/\" title=\"Read Dansa creativa a l&#8217;Educaci\u00f3 Infantil\">Llegeix m\u00e9s\u00bb<\/a><\/p>\n","protected":false},"author":37,"featured_media":7416,"comment_status":"open","ping_status":"closed","sticky":false,"template":"","format":"standard","meta":{"_bbp_topic_count":0,"_bbp_reply_count":0,"_bbp_total_topic_count":0,"_bbp_total_reply_count":0,"_bbp_voice_count":0,"_bbp_anonymous_reply_count":0,"_bbp_topic_count_hidden":0,"_bbp_reply_count_hidden":0,"_bbp_forum_subforum_count":0,"footnotes":""},"categories":[1,2,4],"tags":[],"class_list":["post-7415","post","type-post","status-publish","format-standard","has-post-thumbnail","hentry","category-general","category-infantil","category-portada"],"post_mailing_queue_ids":[],"_links":{"self":[{"href":"https:\/\/agora.xtec.cat\/esc-jmaragall-sabadell\/wp-json\/wp\/v2\/posts\/7415","targetHints":{"allow":["GET"]}}],"collection":[{"href":"https:\/\/agora.xtec.cat\/esc-jmaragall-sabadell\/wp-json\/wp\/v2\/posts"}],"about":[{"href":"https:\/\/agora.xtec.cat\/esc-jmaragall-sabadell\/wp-json\/wp\/v2\/types\/post"}],"author":[{"embeddable":true,"href":"https:\/\/agora.xtec.cat\/esc-jmaragall-sabadell\/wp-json\/wp\/v2\/users\/37"}],"replies":[{"embeddable":true,"href":"https:\/\/agora.xtec.cat\/esc-jmaragall-sabadell\/wp-json\/wp\/v2\/comments?post=7415"}],"version-history":[{"count":2,"href":"https:\/\/agora.xtec.cat\/esc-jmaragall-sabadell\/wp-json\/wp\/v2\/posts\/7415\/revisions"}],"predecessor-version":[{"id":7418,"href":"https:\/\/agora.xtec.cat\/esc-jmaragall-sabadell\/wp-json\/wp\/v2\/posts\/7415\/revisions\/7418"}],"wp:featuredmedia":[{"embeddable":true,"href":"https:\/\/agora.xtec.cat\/esc-jmaragall-sabadell\/wp-json\/wp\/v2\/media\/7416"}],"wp:attachment":[{"href":"https:\/\/agora.xtec.cat\/esc-jmaragall-sabadell\/wp-json\/wp\/v2\/media?parent=7415"}],"wp:term":[{"taxonomy":"category","embeddable":true,"href":"https:\/\/agora.xtec.cat\/esc-jmaragall-sabadell\/wp-json\/wp\/v2\/categories?post=7415"},{"taxonomy":"post_tag","embeddable":true,"href":"https:\/\/agora.xtec.cat\/esc-jmaragall-sabadell\/wp-json\/wp\/v2\/tags?post=7415"}],"curies":[{"name":"wp","href":"https:\/\/api.w.org\/{rel}","templated":true}]}}