{"id":7397,"date":"2024-05-30T07:41:16","date_gmt":"2024-05-30T05:41:16","guid":{"rendered":"https:\/\/agora.xtec.cat\/esc-jmaragall-sabadell\/?p=7397"},"modified":"2024-05-30T07:41:16","modified_gmt":"2024-05-30T05:41:16","slug":"el-nostre-hort-i-jardinet","status":"publish","type":"post","link":"https:\/\/agora.xtec.cat\/esc-jmaragall-sabadell\/general\/el-nostre-hort-i-jardinet\/","title":{"rendered":"El nostre hort i jardinet"},"content":{"rendered":"<p>Als nens i nenes d\u00b4Educaci\u00f3 Infantil ens agrada molt anar a l\u00b4hort i tamb\u00e9 jugar al jard\u00ed que hi ha al voltant.<\/p>\n<p>Durant aquestes estones hem tingut l\u00b4oportunitat de plantar, regar, veure com ananven creixent les plantes,\u00a0 recollir les fulles seques i a m\u00e9s a m\u00e9s tamb\u00e9 de descobrir nous caminets, trobar petits tresors &#8230;ens ho hem passat molt b\u00e9.<\/p>\n<p><iframe loading=\"lazy\" title=\"29 de mayo de 2024\" width=\"500\" height=\"375\" src=\"https:\/\/www.youtube.com\/embed\/E7dnPCVACWE?feature=oembed\" frameborder=\"0\" allow=\"accelerometer; autoplay; clipboard-write; encrypted-media; gyroscope; picture-in-picture; web-share\" referrerpolicy=\"strict-origin-when-cross-origin\" allowfullscreen><\/iframe><\/p>\n","protected":false},"excerpt":{"rendered":"<p>Als nens i nenes d\u00b4Educaci\u00f3 Infantil ens agrada molt anar a l\u00b4hort i tamb\u00e9 jugar al jard\u00ed que hi ha al voltant.<br \/>\nDurant aquestes estones hem tingut l\u00b4oportunitat de plantar, regar, veure com ananven creixent les plantes,\u00a0 recollir les fulles seques i a m\u00e9s a m\u00e9s&hellip;  <a href=\"https:\/\/agora.xtec.cat\/esc-jmaragall-sabadell\/general\/el-nostre-hort-i-jardinet\/\" title=\"Read El nostre hort i jardinet\">Llegeix m\u00e9s\u00bb<\/a><\/p>\n","protected":false},"author":27,"featured_media":7398,"comment_status":"open","ping_status":"closed","sticky":false,"template":"","format":"standard","meta":{"_bbp_topic_count":0,"_bbp_reply_count":0,"_bbp_total_topic_count":0,"_bbp_total_reply_count":0,"_bbp_voice_count":0,"_bbp_anonymous_reply_count":0,"_bbp_topic_count_hidden":0,"_bbp_reply_count_hidden":0,"_bbp_forum_subforum_count":0,"footnotes":""},"categories":[1,2,4],"tags":[],"class_list":["post-7397","post","type-post","status-publish","format-standard","has-post-thumbnail","hentry","category-general","category-infantil","category-portada"],"post_mailing_queue_ids":[],"_links":{"self":[{"href":"https:\/\/agora.xtec.cat\/esc-jmaragall-sabadell\/wp-json\/wp\/v2\/posts\/7397","targetHints":{"allow":["GET"]}}],"collection":[{"href":"https:\/\/agora.xtec.cat\/esc-jmaragall-sabadell\/wp-json\/wp\/v2\/posts"}],"about":[{"href":"https:\/\/agora.xtec.cat\/esc-jmaragall-sabadell\/wp-json\/wp\/v2\/types\/post"}],"author":[{"embeddable":true,"href":"https:\/\/agora.xtec.cat\/esc-jmaragall-sabadell\/wp-json\/wp\/v2\/users\/27"}],"replies":[{"embeddable":true,"href":"https:\/\/agora.xtec.cat\/esc-jmaragall-sabadell\/wp-json\/wp\/v2\/comments?post=7397"}],"version-history":[{"count":1,"href":"https:\/\/agora.xtec.cat\/esc-jmaragall-sabadell\/wp-json\/wp\/v2\/posts\/7397\/revisions"}],"predecessor-version":[{"id":7399,"href":"https:\/\/agora.xtec.cat\/esc-jmaragall-sabadell\/wp-json\/wp\/v2\/posts\/7397\/revisions\/7399"}],"wp:featuredmedia":[{"embeddable":true,"href":"https:\/\/agora.xtec.cat\/esc-jmaragall-sabadell\/wp-json\/wp\/v2\/media\/7398"}],"wp:attachment":[{"href":"https:\/\/agora.xtec.cat\/esc-jmaragall-sabadell\/wp-json\/wp\/v2\/media?parent=7397"}],"wp:term":[{"taxonomy":"category","embeddable":true,"href":"https:\/\/agora.xtec.cat\/esc-jmaragall-sabadell\/wp-json\/wp\/v2\/categories?post=7397"},{"taxonomy":"post_tag","embeddable":true,"href":"https:\/\/agora.xtec.cat\/esc-jmaragall-sabadell\/wp-json\/wp\/v2\/tags?post=7397"}],"curies":[{"name":"wp","href":"https:\/\/api.w.org\/{rel}","templated":true}]}}