{"id":7358,"date":"2024-05-14T12:30:09","date_gmt":"2024-05-14T10:30:09","guid":{"rendered":"https:\/\/agora.xtec.cat\/esc-jmaragall-sabadell\/?p=7358"},"modified":"2024-12-11T13:49:26","modified_gmt":"2024-12-11T12:49:26","slug":"40-anys-democions-a-la-farandula","status":"publish","type":"post","link":"https:\/\/agora.xtec.cat\/esc-jmaragall-sabadell\/general\/40-anys-democions-a-la-farandula\/","title":{"rendered":"40 ANYS D&#8217;EMOCIONS A LA FAR\u00c0NDULA"},"content":{"rendered":"<p>Aquest divendres 10 de maig, els cantaires de la Coraleta de grans van fer un concert al teatre la Far\u00e0ndula. Despr\u00e9s de tot un curs treballant de valent, van presentar juntament amb les escoles Joaquim Blume, escola del Sol i Sant Nicolau la cantata &#8220;40 anys d&#8217;emocions&#8221;. Un recorregut per algunes de les can\u00e7ons m\u00e9s importants de les \u00faltimes quaranta cantates de l&#8217;Aplec de la Salut.<\/p>\n<p>A continuaci\u00f3, us deixem algunes fotografies d&#8217;un dia molt emocionant!<\/p>\n<p><a href=\"https:\/\/agora.xtec.cat\/esc-jmaragall-sabadell\/wp-content\/uploads\/usu1082\/2024\/05\/12.png\"><img loading=\"lazy\" decoding=\"async\" class=\"alignnone size-medium wp-image-7365\" src=\"https:\/\/agora.xtec.cat\/esc-jmaragall-sabadell\/wp-content\/uploads\/usu1082\/2024\/05\/12-242x300.png\" alt=\"\" width=\"242\" height=\"300\" srcset=\"https:\/\/agora.xtec.cat\/esc-jmaragall-sabadell\/wp-content\/uploads\/usu1082\/2024\/05\/12-242x300.png 242w, https:\/\/agora.xtec.cat\/esc-jmaragall-sabadell\/wp-content\/uploads\/usu1082\/2024\/05\/12.png 485w\" sizes=\"auto, (max-width: 242px) 100vw, 242px\" \/><\/a> <a href=\"https:\/\/agora.xtec.cat\/esc-jmaragall-sabadell\/wp-content\/uploads\/usu1082\/2024\/05\/11.png\"><img loading=\"lazy\" decoding=\"async\" class=\"alignnone size-medium wp-image-7366\" src=\"https:\/\/agora.xtec.cat\/esc-jmaragall-sabadell\/wp-content\/uploads\/usu1082\/2024\/05\/11-206x300.png\" alt=\"\" width=\"206\" height=\"300\" srcset=\"https:\/\/agora.xtec.cat\/esc-jmaragall-sabadell\/wp-content\/uploads\/usu1082\/2024\/05\/11-206x300.png 206w, https:\/\/agora.xtec.cat\/esc-jmaragall-sabadell\/wp-content\/uploads\/usu1082\/2024\/05\/11.png 409w\" sizes=\"auto, (max-width: 206px) 100vw, 206px\" \/><\/a> <a href=\"https:\/\/agora.xtec.cat\/esc-jmaragall-sabadell\/wp-content\/uploads\/usu1082\/2024\/05\/10.png\"><img loading=\"lazy\" decoding=\"async\" class=\"alignnone size-medium wp-image-7367\" src=\"https:\/\/agora.xtec.cat\/esc-jmaragall-sabadell\/wp-content\/uploads\/usu1082\/2024\/05\/10-226x300.png\" alt=\"\" width=\"226\" height=\"300\" srcset=\"https:\/\/agora.xtec.cat\/esc-jmaragall-sabadell\/wp-content\/uploads\/usu1082\/2024\/05\/10-226x300.png 226w, https:\/\/agora.xtec.cat\/esc-jmaragall-sabadell\/wp-content\/uploads\/usu1082\/2024\/05\/10.png 461w\" sizes=\"auto, (max-width: 226px) 100vw, 226px\" \/><\/a><\/p>\n","protected":false},"excerpt":{"rendered":"<p>Aquest divendres 10 de maig, els cantaires de la Coraleta de grans van fer un concert al teatre la Far\u00e0ndula. Despr\u00e9s de tot un curs treballant de valent, van presentar juntament amb les escoles Joaquim Blume, escola del Sol i Sant Nicolau la cantata &#8220;40&hellip;  <a href=\"https:\/\/agora.xtec.cat\/esc-jmaragall-sabadell\/general\/40-anys-democions-a-la-farandula\/\" title=\"Read 40 ANYS D&#8217;EMOCIONS A LA FAR\u00c0NDULA\">Llegeix m\u00e9s\u00bb<\/a><\/p>\n","protected":false},"author":151,"featured_media":7362,"comment_status":"open","ping_status":"closed","sticky":false,"template":"","format":"standard","meta":{"_bbp_topic_count":0,"_bbp_reply_count":0,"_bbp_total_topic_count":0,"_bbp_total_reply_count":0,"_bbp_voice_count":0,"_bbp_anonymous_reply_count":0,"_bbp_topic_count_hidden":0,"_bbp_reply_count_hidden":0,"_bbp_forum_subforum_count":0,"footnotes":""},"categories":[120,3,8,60,1,61,4,5],"tags":[],"class_list":["post-7358","post","type-post","status-publish","format-standard","has-post-thumbnail","hentry","category-120","category-3","category-8","category-coraleta","category-general","category-musica","category-portada","category-primaria"],"post_mailing_queue_ids":[],"_links":{"self":[{"href":"https:\/\/agora.xtec.cat\/esc-jmaragall-sabadell\/wp-json\/wp\/v2\/posts\/7358","targetHints":{"allow":["GET"]}}],"collection":[{"href":"https:\/\/agora.xtec.cat\/esc-jmaragall-sabadell\/wp-json\/wp\/v2\/posts"}],"about":[{"href":"https:\/\/agora.xtec.cat\/esc-jmaragall-sabadell\/wp-json\/wp\/v2\/types\/post"}],"author":[{"embeddable":true,"href":"https:\/\/agora.xtec.cat\/esc-jmaragall-sabadell\/wp-json\/wp\/v2\/users\/151"}],"replies":[{"embeddable":true,"href":"https:\/\/agora.xtec.cat\/esc-jmaragall-sabadell\/wp-json\/wp\/v2\/comments?post=7358"}],"version-history":[{"count":6,"href":"https:\/\/agora.xtec.cat\/esc-jmaragall-sabadell\/wp-json\/wp\/v2\/posts\/7358\/revisions"}],"predecessor-version":[{"id":7836,"href":"https:\/\/agora.xtec.cat\/esc-jmaragall-sabadell\/wp-json\/wp\/v2\/posts\/7358\/revisions\/7836"}],"wp:featuredmedia":[{"embeddable":true,"href":"https:\/\/agora.xtec.cat\/esc-jmaragall-sabadell\/wp-json\/wp\/v2\/media\/7362"}],"wp:attachment":[{"href":"https:\/\/agora.xtec.cat\/esc-jmaragall-sabadell\/wp-json\/wp\/v2\/media?parent=7358"}],"wp:term":[{"taxonomy":"category","embeddable":true,"href":"https:\/\/agora.xtec.cat\/esc-jmaragall-sabadell\/wp-json\/wp\/v2\/categories?post=7358"},{"taxonomy":"post_tag","embeddable":true,"href":"https:\/\/agora.xtec.cat\/esc-jmaragall-sabadell\/wp-json\/wp\/v2\/tags?post=7358"}],"curies":[{"name":"wp","href":"https:\/\/api.w.org\/{rel}","templated":true}]}}