{"id":7298,"date":"2024-04-22T22:43:19","date_gmt":"2024-04-22T20:43:19","guid":{"rendered":"https:\/\/agora.xtec.cat\/esc-jmaragall-sabadell\/?p=7298"},"modified":"2024-04-22T22:43:19","modified_gmt":"2024-04-22T20:43:19","slug":"fem-un-esmorzar-saludable","status":"publish","type":"post","link":"https:\/\/agora.xtec.cat\/esc-jmaragall-sabadell\/general\/fem-un-esmorzar-saludable\/","title":{"rendered":"FEM UN ESMORZAR SALUDABLE"},"content":{"rendered":"<p>Avui els nens i nenes de 2n hem convidat als pares per explicar tot el que hem apr\u00e8s sobre el projectes de les dents i l&#8217;alimentaci\u00f3. Despr\u00e9s entre tots hem preparat un esmorzar saludable. Ens ho hem passat molt b\u00e9. Bon profit!!<\/p>\n<p style=\"text-align: center;\"><a href=\"https:\/\/agora.xtec.cat\/esc-jmaragall-sabadell\/wp-content\/uploads\/usu1082\/2024\/04\/1713817460927.jpg\"><img loading=\"lazy\" decoding=\"async\" class=\"alignnone  wp-image-7299\" src=\"https:\/\/agora.xtec.cat\/esc-jmaragall-sabadell\/wp-content\/uploads\/usu1082\/2024\/04\/1713817460927-1024x768.jpg\" alt=\"\" width=\"668\" height=\"501\" srcset=\"https:\/\/agora.xtec.cat\/esc-jmaragall-sabadell\/wp-content\/uploads\/usu1082\/2024\/04\/1713817460927-1024x768.jpg 1024w, https:\/\/agora.xtec.cat\/esc-jmaragall-sabadell\/wp-content\/uploads\/usu1082\/2024\/04\/1713817460927-300x225.jpg 300w, https:\/\/agora.xtec.cat\/esc-jmaragall-sabadell\/wp-content\/uploads\/usu1082\/2024\/04\/1713817460927-768x576.jpg 768w, https:\/\/agora.xtec.cat\/esc-jmaragall-sabadell\/wp-content\/uploads\/usu1082\/2024\/04\/1713817460927-1536x1152.jpg 1536w, https:\/\/agora.xtec.cat\/esc-jmaragall-sabadell\/wp-content\/uploads\/usu1082\/2024\/04\/1713817460927-200x150.jpg 200w, https:\/\/agora.xtec.cat\/esc-jmaragall-sabadell\/wp-content\/uploads\/usu1082\/2024\/04\/1713817460927.jpg 1600w\" sizes=\"auto, (max-width: 668px) 100vw, 668px\" \/><\/a><\/p>\n<p style=\"text-align: center;\"><a href=\"https:\/\/agora.xtec.cat\/esc-jmaragall-sabadell\/wp-content\/uploads\/usu1082\/2024\/04\/1713817460961.jpg\"><img loading=\"lazy\" decoding=\"async\" class=\"alignnone  wp-image-7300\" src=\"https:\/\/agora.xtec.cat\/esc-jmaragall-sabadell\/wp-content\/uploads\/usu1082\/2024\/04\/1713817460961-1024x768.jpg\" alt=\"\" width=\"667\" height=\"500\" srcset=\"https:\/\/agora.xtec.cat\/esc-jmaragall-sabadell\/wp-content\/uploads\/usu1082\/2024\/04\/1713817460961-1024x768.jpg 1024w, https:\/\/agora.xtec.cat\/esc-jmaragall-sabadell\/wp-content\/uploads\/usu1082\/2024\/04\/1713817460961-300x225.jpg 300w, https:\/\/agora.xtec.cat\/esc-jmaragall-sabadell\/wp-content\/uploads\/usu1082\/2024\/04\/1713817460961-768x576.jpg 768w, https:\/\/agora.xtec.cat\/esc-jmaragall-sabadell\/wp-content\/uploads\/usu1082\/2024\/04\/1713817460961-1536x1152.jpg 1536w, https:\/\/agora.xtec.cat\/esc-jmaragall-sabadell\/wp-content\/uploads\/usu1082\/2024\/04\/1713817460961-200x150.jpg 200w, https:\/\/agora.xtec.cat\/esc-jmaragall-sabadell\/wp-content\/uploads\/usu1082\/2024\/04\/1713817460961.jpg 1600w\" sizes=\"auto, (max-width: 667px) 100vw, 667px\" \/><\/a><\/p>\n<p style=\"text-align: center;\"><a href=\"https:\/\/agora.xtec.cat\/esc-jmaragall-sabadell\/wp-content\/uploads\/usu1082\/2024\/04\/1713817460992-min-scaled.jpg\"><img loading=\"lazy\" decoding=\"async\" class=\"alignnone  wp-image-7301\" src=\"https:\/\/agora.xtec.cat\/esc-jmaragall-sabadell\/wp-content\/uploads\/usu1082\/2024\/04\/1713817460992-min-1024x771.jpg\" alt=\"\" width=\"669\" height=\"504\" srcset=\"https:\/\/agora.xtec.cat\/esc-jmaragall-sabadell\/wp-content\/uploads\/usu1082\/2024\/04\/1713817460992-min-1024x771.jpg 1024w, https:\/\/agora.xtec.cat\/esc-jmaragall-sabadell\/wp-content\/uploads\/usu1082\/2024\/04\/1713817460992-min-300x226.jpg 300w, https:\/\/agora.xtec.cat\/esc-jmaragall-sabadell\/wp-content\/uploads\/usu1082\/2024\/04\/1713817460992-min-768x578.jpg 768w, https:\/\/agora.xtec.cat\/esc-jmaragall-sabadell\/wp-content\/uploads\/usu1082\/2024\/04\/1713817460992-min-1536x1157.jpg 1536w, https:\/\/agora.xtec.cat\/esc-jmaragall-sabadell\/wp-content\/uploads\/usu1082\/2024\/04\/1713817460992-min-2048x1542.jpg 2048w, https:\/\/agora.xtec.cat\/esc-jmaragall-sabadell\/wp-content\/uploads\/usu1082\/2024\/04\/1713817460992-min-200x150.jpg 200w\" sizes=\"auto, (max-width: 669px) 100vw, 669px\" \/><\/a><\/p>\n","protected":false},"excerpt":{"rendered":"<p>Avui els nens i nenes de 2n hem convidat als pares per explicar tot el que hem apr\u00e8s sobre el projectes de les dents i l&#8217;alimentaci\u00f3. Despr\u00e9s entre tots hem preparat un esmorzar saludable. Ens ho hem passat molt b\u00e9. Bon profit!!<br \/>\n<a href=\"https:\/\/agora.xtec.cat\/esc-jmaragall-sabadell\/wp-content\/uploads\/usu1082\/2024\/04\/1713817460927.jpg\"><\/a><br \/>\n<a href=\"https:\/\/agora.xtec.cat\/esc-jmaragall-sabadell\/wp-content\/uploads\/usu1082\/2024\/04\/1713817460961.jpg\"><\/a><br \/>\n<a href=\"https:\/\/agora.xtec.cat\/esc-jmaragall-sabadell\/wp-content\/uploads\/usu1082\/2024\/04\/1713817460992-min-scaled.jpg\"><\/a><\/p>\n","protected":false},"author":20,"featured_media":7301,"comment_status":"open","ping_status":"closed","sticky":false,"template":"","format":"standard","meta":{"_bbp_topic_count":0,"_bbp_reply_count":0,"_bbp_total_topic_count":0,"_bbp_total_reply_count":0,"_bbp_voice_count":0,"_bbp_anonymous_reply_count":0,"_bbp_topic_count_hidden":0,"_bbp_reply_count_hidden":0,"_bbp_forum_subforum_count":0,"footnotes":""},"categories":[219,1,4,5],"tags":[],"class_list":["post-7298","post","type-post","status-publish","format-standard","has-post-thumbnail","hentry","category-219","category-general","category-portada","category-primaria"],"post_mailing_queue_ids":[],"_links":{"self":[{"href":"https:\/\/agora.xtec.cat\/esc-jmaragall-sabadell\/wp-json\/wp\/v2\/posts\/7298","targetHints":{"allow":["GET"]}}],"collection":[{"href":"https:\/\/agora.xtec.cat\/esc-jmaragall-sabadell\/wp-json\/wp\/v2\/posts"}],"about":[{"href":"https:\/\/agora.xtec.cat\/esc-jmaragall-sabadell\/wp-json\/wp\/v2\/types\/post"}],"author":[{"embeddable":true,"href":"https:\/\/agora.xtec.cat\/esc-jmaragall-sabadell\/wp-json\/wp\/v2\/users\/20"}],"replies":[{"embeddable":true,"href":"https:\/\/agora.xtec.cat\/esc-jmaragall-sabadell\/wp-json\/wp\/v2\/comments?post=7298"}],"version-history":[{"count":2,"href":"https:\/\/agora.xtec.cat\/esc-jmaragall-sabadell\/wp-json\/wp\/v2\/posts\/7298\/revisions"}],"predecessor-version":[{"id":7303,"href":"https:\/\/agora.xtec.cat\/esc-jmaragall-sabadell\/wp-json\/wp\/v2\/posts\/7298\/revisions\/7303"}],"wp:featuredmedia":[{"embeddable":true,"href":"https:\/\/agora.xtec.cat\/esc-jmaragall-sabadell\/wp-json\/wp\/v2\/media\/7301"}],"wp:attachment":[{"href":"https:\/\/agora.xtec.cat\/esc-jmaragall-sabadell\/wp-json\/wp\/v2\/media?parent=7298"}],"wp:term":[{"taxonomy":"category","embeddable":true,"href":"https:\/\/agora.xtec.cat\/esc-jmaragall-sabadell\/wp-json\/wp\/v2\/categories?post=7298"},{"taxonomy":"post_tag","embeddable":true,"href":"https:\/\/agora.xtec.cat\/esc-jmaragall-sabadell\/wp-json\/wp\/v2\/tags?post=7298"}],"curies":[{"name":"wp","href":"https:\/\/api.w.org\/{rel}","templated":true}]}}