{"id":7232,"date":"2024-04-10T23:03:36","date_gmt":"2024-04-10T21:03:36","guid":{"rendered":"https:\/\/agora.xtec.cat\/esc-jmaragall-sabadell\/?p=7232"},"modified":"2024-04-10T23:05:02","modified_gmt":"2024-04-10T21:05:02","slug":"el-cami-del-robot","status":"publish","type":"post","link":"https:\/\/agora.xtec.cat\/esc-jmaragall-sabadell\/general\/el-cami-del-robot\/","title":{"rendered":"EL CAM\u00cd DEL ROBOT"},"content":{"rendered":"<p>Els alumnes de primer, han encetat una activitat nova molt atractiva que t\u00e9 com objectiu: Treballar la lateralitat i l\u2019orientaci\u00f3 espacial per mitj\u00e0 d\u2019un laberint.Tamb\u00e9, hauran d\u2019escriure una mena de \u201cllegenda\u201d amb les fletxes que han utilitzat per arribar al seu objectiu.I seurem en rotllana i demanarem als i les alumnes que expliquin com han resolt el laberint i quines instruccions han fet servir.<\/p>\n<blockquote><p><em style=\"font-family: inherit; font-size: 1em;\"><strong>un infant que \u00e9s capa\u00e7 d\u2019explicar qu\u00e8 ha fet ens demostra que ha ent\u00e8s i apr\u00e8s tot el proc\u00e9s<\/strong>.<\/em><\/p><\/blockquote>\n<p><a href=\"https:\/\/agora.xtec.cat\/esc-jmaragall-sabadell\/wp-content\/uploads\/usu1082\/2024\/04\/IMG_8148-rotated.jpg\"><img loading=\"lazy\" decoding=\"async\" class=\"alignnone wp-image-7233 size-large\" src=\"https:\/\/agora.xtec.cat\/esc-jmaragall-sabadell\/wp-content\/uploads\/usu1082\/2024\/04\/IMG_8148-rotated-e1712782133365-1024x938.jpg\" alt=\"\" width=\"1024\" height=\"938\" srcset=\"https:\/\/agora.xtec.cat\/esc-jmaragall-sabadell\/wp-content\/uploads\/usu1082\/2024\/04\/IMG_8148-rotated-e1712782133365-1024x938.jpg 1024w, https:\/\/agora.xtec.cat\/esc-jmaragall-sabadell\/wp-content\/uploads\/usu1082\/2024\/04\/IMG_8148-rotated-e1712782133365-300x275.jpg 300w, https:\/\/agora.xtec.cat\/esc-jmaragall-sabadell\/wp-content\/uploads\/usu1082\/2024\/04\/IMG_8148-rotated-e1712782133365-768x704.jpg 768w, https:\/\/agora.xtec.cat\/esc-jmaragall-sabadell\/wp-content\/uploads\/usu1082\/2024\/04\/IMG_8148-rotated-e1712782133365.jpg 1495w\" sizes=\"auto, (max-width: 1024px) 100vw, 1024px\" \/><\/a> <a href=\"https:\/\/agora.xtec.cat\/esc-jmaragall-sabadell\/wp-content\/uploads\/usu1082\/2024\/04\/IMG_8149-rotated.jpg\"><img loading=\"lazy\" decoding=\"async\" class=\"alignnone wp-image-7234 size-large\" src=\"https:\/\/agora.xtec.cat\/esc-jmaragall-sabadell\/wp-content\/uploads\/usu1082\/2024\/04\/IMG_8149-rotated-e1712782202401-1024x1021.jpg\" alt=\"\" width=\"1024\" height=\"1021\" srcset=\"https:\/\/agora.xtec.cat\/esc-jmaragall-sabadell\/wp-content\/uploads\/usu1082\/2024\/04\/IMG_8149-rotated-e1712782202401-1024x1021.jpg 1024w, https:\/\/agora.xtec.cat\/esc-jmaragall-sabadell\/wp-content\/uploads\/usu1082\/2024\/04\/IMG_8149-rotated-e1712782202401-300x300.jpg 300w, https:\/\/agora.xtec.cat\/esc-jmaragall-sabadell\/wp-content\/uploads\/usu1082\/2024\/04\/IMG_8149-rotated-e1712782202401-150x150.jpg 150w, https:\/\/agora.xtec.cat\/esc-jmaragall-sabadell\/wp-content\/uploads\/usu1082\/2024\/04\/IMG_8149-rotated-e1712782202401-768x766.jpg 768w, https:\/\/agora.xtec.cat\/esc-jmaragall-sabadell\/wp-content\/uploads\/usu1082\/2024\/04\/IMG_8149-rotated-e1712782202401.jpg 1512w\" sizes=\"auto, (max-width: 1024px) 100vw, 1024px\" \/><\/a> <a href=\"https:\/\/agora.xtec.cat\/esc-jmaragall-sabadell\/wp-content\/uploads\/usu1082\/2024\/04\/IMG_8151-rotated.jpg\"><img loading=\"lazy\" decoding=\"async\" class=\"alignnone size-large wp-image-7235\" src=\"https:\/\/agora.xtec.cat\/esc-jmaragall-sabadell\/wp-content\/uploads\/usu1082\/2024\/04\/IMG_8151-768x1024.jpg\" alt=\"\" width=\"768\" height=\"1024\" srcset=\"https:\/\/agora.xtec.cat\/esc-jmaragall-sabadell\/wp-content\/uploads\/usu1082\/2024\/04\/IMG_8151-768x1024.jpg 768w, https:\/\/agora.xtec.cat\/esc-jmaragall-sabadell\/wp-content\/uploads\/usu1082\/2024\/04\/IMG_8151-225x300.jpg 225w, https:\/\/agora.xtec.cat\/esc-jmaragall-sabadell\/wp-content\/uploads\/usu1082\/2024\/04\/IMG_8151-1152x1536.jpg 1152w, https:\/\/agora.xtec.cat\/esc-jmaragall-sabadell\/wp-content\/uploads\/usu1082\/2024\/04\/IMG_8151-rotated.jpg 1512w\" sizes=\"auto, (max-width: 768px) 100vw, 768px\" \/><\/a><\/p>\n","protected":false},"excerpt":{"rendered":"<p>Els alumnes de primer, han encetat una activitat nova molt atractiva que t\u00e9 com objectiu: Treballar la lateralitat i l\u2019orientaci\u00f3 espacial per mitj\u00e0 d\u2019un laberint.Tamb\u00e9, hauran d\u2019escriure una mena de \u201cllegenda\u201d amb les fletxes que han utilitzat per arribar al seu objectiu.I seurem en rotllana&hellip;  <a href=\"https:\/\/agora.xtec.cat\/esc-jmaragall-sabadell\/general\/el-cami-del-robot\/\" title=\"Read EL CAM\u00cd DEL ROBOT\">Llegeix m\u00e9s\u00bb<\/a><\/p>\n","protected":false},"author":147,"featured_media":7235,"comment_status":"open","ping_status":"closed","sticky":false,"template":"","format":"standard","meta":{"_bbp_topic_count":0,"_bbp_reply_count":0,"_bbp_total_topic_count":0,"_bbp_total_reply_count":0,"_bbp_voice_count":0,"_bbp_anonymous_reply_count":0,"_bbp_topic_count_hidden":0,"_bbp_reply_count_hidden":0,"_bbp_forum_subforum_count":0,"footnotes":""},"categories":[245,1,4,5],"tags":[],"class_list":["post-7232","post","type-post","status-publish","format-standard","has-post-thumbnail","hentry","category-245","category-general","category-portada","category-primaria"],"post_mailing_queue_ids":[],"_links":{"self":[{"href":"https:\/\/agora.xtec.cat\/esc-jmaragall-sabadell\/wp-json\/wp\/v2\/posts\/7232","targetHints":{"allow":["GET"]}}],"collection":[{"href":"https:\/\/agora.xtec.cat\/esc-jmaragall-sabadell\/wp-json\/wp\/v2\/posts"}],"about":[{"href":"https:\/\/agora.xtec.cat\/esc-jmaragall-sabadell\/wp-json\/wp\/v2\/types\/post"}],"author":[{"embeddable":true,"href":"https:\/\/agora.xtec.cat\/esc-jmaragall-sabadell\/wp-json\/wp\/v2\/users\/147"}],"replies":[{"embeddable":true,"href":"https:\/\/agora.xtec.cat\/esc-jmaragall-sabadell\/wp-json\/wp\/v2\/comments?post=7232"}],"version-history":[{"count":2,"href":"https:\/\/agora.xtec.cat\/esc-jmaragall-sabadell\/wp-json\/wp\/v2\/posts\/7232\/revisions"}],"predecessor-version":[{"id":7238,"href":"https:\/\/agora.xtec.cat\/esc-jmaragall-sabadell\/wp-json\/wp\/v2\/posts\/7232\/revisions\/7238"}],"wp:featuredmedia":[{"embeddable":true,"href":"https:\/\/agora.xtec.cat\/esc-jmaragall-sabadell\/wp-json\/wp\/v2\/media\/7235"}],"wp:attachment":[{"href":"https:\/\/agora.xtec.cat\/esc-jmaragall-sabadell\/wp-json\/wp\/v2\/media?parent=7232"}],"wp:term":[{"taxonomy":"category","embeddable":true,"href":"https:\/\/agora.xtec.cat\/esc-jmaragall-sabadell\/wp-json\/wp\/v2\/categories?post=7232"},{"taxonomy":"post_tag","embeddable":true,"href":"https:\/\/agora.xtec.cat\/esc-jmaragall-sabadell\/wp-json\/wp\/v2\/tags?post=7232"}],"curies":[{"name":"wp","href":"https:\/\/api.w.org\/{rel}","templated":true}]}}