{"id":7183,"date":"2024-04-05T01:28:02","date_gmt":"2024-04-04T23:28:02","guid":{"rendered":"https:\/\/agora.xtec.cat\/esc-jmaragall-sabadell\/?p=7183"},"modified":"2024-04-07T15:13:23","modified_gmt":"2024-04-07T13:13:23","slug":"anem-a-coneixer-el-vapor-buxeda-vell","status":"publish","type":"post","link":"https:\/\/agora.xtec.cat\/esc-jmaragall-sabadell\/portada\/anem-a-coneixer-el-vapor-buxeda-vell\/","title":{"rendered":"Anem a con\u00e8ixer el Vapor Buxeda Vell"},"content":{"rendered":"<p>El dimecres abans de Setmana Santa, el dia 20 de mar\u00e7, els nens i nenes de 3r de prim\u00e0ria van anar a con\u00e8ixer una de les f\u00e0briques t\u00e8xtils que hi havia hagut a la ciutat de Sabadell. Concretament van veure la del Vapor Buxeda Vell.<\/p>\n<p>Clica la foto per veure&#8217;n el v\u00eddeo.<\/p>\n<p><a href=\"https:\/\/youtu.be\/YCfcZs-lRt8\"><img loading=\"lazy\" decoding=\"async\" class=\"alignnone size-full wp-image-7184\" src=\"https:\/\/agora.xtec.cat\/esc-jmaragall-sabadell\/wp-content\/uploads\/usu1082\/2024\/04\/Copia-de-Friends.png\" alt=\"\" width=\"887\" height=\"591\" srcset=\"https:\/\/agora.xtec.cat\/esc-jmaragall-sabadell\/wp-content\/uploads\/usu1082\/2024\/04\/Copia-de-Friends.png 887w, https:\/\/agora.xtec.cat\/esc-jmaragall-sabadell\/wp-content\/uploads\/usu1082\/2024\/04\/Copia-de-Friends-300x200.png 300w, https:\/\/agora.xtec.cat\/esc-jmaragall-sabadell\/wp-content\/uploads\/usu1082\/2024\/04\/Copia-de-Friends-768x512.png 768w\" sizes=\"auto, (max-width: 887px) 100vw, 887px\" \/><\/a><\/p>\n<p>&nbsp;<\/p>\n","protected":false},"excerpt":{"rendered":"<p>El dimecres abans de Setmana Santa, el dia 20 de mar\u00e7, els nens i nenes de 3r de prim\u00e0ria van anar a con\u00e8ixer una de les f\u00e0briques t\u00e8xtils que hi havia hagut a la ciutat de Sabadell. Concretament van veure la del Vapor Buxeda Vell.<br \/>\nClica&hellip;  <a href=\"https:\/\/agora.xtec.cat\/esc-jmaragall-sabadell\/portada\/anem-a-coneixer-el-vapor-buxeda-vell\/\" title=\"Read Anem a con\u00e8ixer el Vapor Buxeda Vell\">Llegeix m\u00e9s\u00bb<\/a><\/p>\n","protected":false},"author":149,"featured_media":0,"comment_status":"open","ping_status":"closed","sticky":false,"template":"","format":"standard","meta":{"_bbp_topic_count":0,"_bbp_reply_count":0,"_bbp_total_topic_count":0,"_bbp_total_reply_count":0,"_bbp_voice_count":0,"_bbp_anonymous_reply_count":0,"_bbp_topic_count_hidden":0,"_bbp_reply_count_hidden":0,"_bbp_forum_subforum_count":0,"footnotes":""},"categories":[190,4],"tags":[276,16,162],"class_list":["post-7183","post","type-post","status-publish","format-standard","hentry","category-190","category-portada","tag-cicle-mitja","tag-sortides","tag-tercer"],"post_mailing_queue_ids":[],"_links":{"self":[{"href":"https:\/\/agora.xtec.cat\/esc-jmaragall-sabadell\/wp-json\/wp\/v2\/posts\/7183","targetHints":{"allow":["GET"]}}],"collection":[{"href":"https:\/\/agora.xtec.cat\/esc-jmaragall-sabadell\/wp-json\/wp\/v2\/posts"}],"about":[{"href":"https:\/\/agora.xtec.cat\/esc-jmaragall-sabadell\/wp-json\/wp\/v2\/types\/post"}],"author":[{"embeddable":true,"href":"https:\/\/agora.xtec.cat\/esc-jmaragall-sabadell\/wp-json\/wp\/v2\/users\/149"}],"replies":[{"embeddable":true,"href":"https:\/\/agora.xtec.cat\/esc-jmaragall-sabadell\/wp-json\/wp\/v2\/comments?post=7183"}],"version-history":[{"count":2,"href":"https:\/\/agora.xtec.cat\/esc-jmaragall-sabadell\/wp-json\/wp\/v2\/posts\/7183\/revisions"}],"predecessor-version":[{"id":7205,"href":"https:\/\/agora.xtec.cat\/esc-jmaragall-sabadell\/wp-json\/wp\/v2\/posts\/7183\/revisions\/7205"}],"wp:attachment":[{"href":"https:\/\/agora.xtec.cat\/esc-jmaragall-sabadell\/wp-json\/wp\/v2\/media?parent=7183"}],"wp:term":[{"taxonomy":"category","embeddable":true,"href":"https:\/\/agora.xtec.cat\/esc-jmaragall-sabadell\/wp-json\/wp\/v2\/categories?post=7183"},{"taxonomy":"post_tag","embeddable":true,"href":"https:\/\/agora.xtec.cat\/esc-jmaragall-sabadell\/wp-json\/wp\/v2\/tags?post=7183"}],"curies":[{"name":"wp","href":"https:\/\/api.w.org\/{rel}","templated":true}]}}