{"id":716,"date":"2017-02-10T15:51:26","date_gmt":"2017-02-10T14:51:26","guid":{"rendered":"http:\/\/agora.xtec.cat\/esc-jmaragall-sabadell\/?p=716"},"modified":"2017-02-10T15:53:05","modified_gmt":"2017-02-10T14:53:05","slug":"a-1r-treballem-lunivers","status":"publish","type":"post","link":"https:\/\/agora.xtec.cat\/esc-jmaragall-sabadell\/antics-alumnes\/1322a\/a-1r-treballem-lunivers\/","title":{"rendered":"A 1r treballem l&#8217;UNIVERS!"},"content":{"rendered":"<p>A 1r estem treballant l&#8217;univers i per parelles, hem estat especialistes d&#8217;un planeta i tots junts hem creat aquest mural del <strong>Sol i dels planetes<\/strong>!<\/p>\n<p>Els nens i nenes s&#8217;ho han passat d&#8217;all\u00f3 m\u00e9s b\u00e9 fent els planetes amb plastilina, pintant el Sol i dibuixant l&#8217;\u00f2rbita dels planetes amb cera blanca.<\/p>\n<p>Us agrada?<\/p>\n<p><a href=\"http:\/\/agora.xtec.cat\/esc-jmaragall-sabadell\/wp-content\/uploads\/usu1082\/2017\/02\/DSCF6207.jpg\"><img loading=\"lazy\" decoding=\"async\" class=\"alignnone size-large wp-image-717\" src=\"http:\/\/agora.xtec.cat\/esc-jmaragall-sabadell\/wp-content\/uploads\/usu1082\/2017\/02\/DSCF6207-1024x728.jpg\" alt=\"dscf6207\" width=\"1024\" height=\"728\" srcset=\"https:\/\/agora.xtec.cat\/esc-jmaragall-sabadell\/wp-content\/uploads\/usu1082\/2017\/02\/DSCF6207.jpg 1024w, https:\/\/agora.xtec.cat\/esc-jmaragall-sabadell\/wp-content\/uploads\/usu1082\/2017\/02\/DSCF6207-300x213.jpg 300w, https:\/\/agora.xtec.cat\/esc-jmaragall-sabadell\/wp-content\/uploads\/usu1082\/2017\/02\/DSCF6207-768x546.jpg 768w\" sizes=\"auto, (max-width: 1024px) 100vw, 1024px\" \/><\/a><\/p>\n","protected":false},"excerpt":{"rendered":"<p>A 1r estem treballant l&#8217;univers i per parelles, hem estat especialistes d&#8217;un planeta i tots junts hem creat aquest mural del Sol i dels planetes!<br \/>\nEls nens i nenes s&#8217;ho han passat d&#8217;all\u00f3 m\u00e9s b\u00e9 fent els planetes amb plastilina, pintant el Sol i dibuixant l&#8217;\u00f2rbita&hellip;  <a href=\"https:\/\/agora.xtec.cat\/esc-jmaragall-sabadell\/antics-alumnes\/1322a\/a-1r-treballem-lunivers\/\" title=\"Read A 1r treballem l&#8217;UNIVERS!\">Llegeix m\u00e9s\u00bb<\/a><\/p>\n","protected":false},"author":19,"featured_media":717,"comment_status":"open","ping_status":"open","sticky":false,"template":"","format":"standard","meta":{"_bbp_topic_count":0,"_bbp_reply_count":0,"_bbp_total_topic_count":0,"_bbp_total_reply_count":0,"_bbp_voice_count":0,"_bbp_anonymous_reply_count":0,"_bbp_topic_count_hidden":0,"_bbp_reply_count_hidden":0,"_bbp_forum_subforum_count":0,"footnotes":""},"categories":[10],"tags":[],"class_list":["post-716","post","type-post","status-publish","format-standard","has-post-thumbnail","hentry","category-1322a"],"post_mailing_queue_ids":[],"_links":{"self":[{"href":"https:\/\/agora.xtec.cat\/esc-jmaragall-sabadell\/wp-json\/wp\/v2\/posts\/716","targetHints":{"allow":["GET"]}}],"collection":[{"href":"https:\/\/agora.xtec.cat\/esc-jmaragall-sabadell\/wp-json\/wp\/v2\/posts"}],"about":[{"href":"https:\/\/agora.xtec.cat\/esc-jmaragall-sabadell\/wp-json\/wp\/v2\/types\/post"}],"author":[{"embeddable":true,"href":"https:\/\/agora.xtec.cat\/esc-jmaragall-sabadell\/wp-json\/wp\/v2\/users\/19"}],"replies":[{"embeddable":true,"href":"https:\/\/agora.xtec.cat\/esc-jmaragall-sabadell\/wp-json\/wp\/v2\/comments?post=716"}],"version-history":[{"count":1,"href":"https:\/\/agora.xtec.cat\/esc-jmaragall-sabadell\/wp-json\/wp\/v2\/posts\/716\/revisions"}],"predecessor-version":[{"id":718,"href":"https:\/\/agora.xtec.cat\/esc-jmaragall-sabadell\/wp-json\/wp\/v2\/posts\/716\/revisions\/718"}],"wp:featuredmedia":[{"embeddable":true,"href":"https:\/\/agora.xtec.cat\/esc-jmaragall-sabadell\/wp-json\/wp\/v2\/media\/717"}],"wp:attachment":[{"href":"https:\/\/agora.xtec.cat\/esc-jmaragall-sabadell\/wp-json\/wp\/v2\/media?parent=716"}],"wp:term":[{"taxonomy":"category","embeddable":true,"href":"https:\/\/agora.xtec.cat\/esc-jmaragall-sabadell\/wp-json\/wp\/v2\/categories?post=716"},{"taxonomy":"post_tag","embeddable":true,"href":"https:\/\/agora.xtec.cat\/esc-jmaragall-sabadell\/wp-json\/wp\/v2\/tags?post=716"}],"curies":[{"name":"wp","href":"https:\/\/api.w.org\/{rel}","templated":true}]}}