{"id":6983,"date":"2024-03-11T19:58:58","date_gmt":"2024-03-11T18:58:58","guid":{"rendered":"https:\/\/agora.xtec.cat\/esc-jmaragall-sabadell\/?p=6983"},"modified":"2024-03-11T19:58:58","modified_gmt":"2024-03-11T18:58:58","slug":"la-psicomotricitat-al-grup-di4","status":"publish","type":"post","link":"https:\/\/agora.xtec.cat\/esc-jmaragall-sabadell\/general\/la-psicomotricitat-al-grup-di4\/","title":{"rendered":"La psicomotricitat al grup d&#8217;I4"},"content":{"rendered":"<p>Treballant la psicomotricitat\u00a0s\u2019aconsegueix que els nens i les nenes juguin i es diverteixin, aix\u00ed com que explorin les seves pr\u00f2pies possibilitats motrius, es relacionin amb els altres, que acceptin normes de conviv\u00e8ncia, demostrin les seves capacitats ling\u00fc\u00edstiques i en definitiva aprenguin coneixements, destreses i habilitats amb i trav\u00e9s del medi que els envolta.<\/p>\n<p><a href=\"https:\/\/youtu.be\/cKZPNNOrKBQ?si=h7QzxAZOrY1p5KGy\"><img loading=\"lazy\" decoding=\"async\" class=\"\" src=\"https:\/\/agora.xtec.cat\/esc-jmaragall-sabadell\/wp-content\/uploads\/usu1082\/2024\/03\/foto-psicomotricitat-scaled.jpg\" width=\"231\" height=\"188\" \/><\/a><\/p>\n","protected":false},"excerpt":{"rendered":"<p>Treballant la psicomotricitat\u00a0s\u2019aconsegueix que els nens i les nenes juguin i es diverteixin, aix\u00ed com que explorin les seves pr\u00f2pies possibilitats motrius, es relacionin amb els altres, que acceptin normes de conviv\u00e8ncia, demostrin les seves capacitats ling\u00fc\u00edstiques i en definitiva aprenguin coneixements, destreses i habilitats&hellip;  <a href=\"https:\/\/agora.xtec.cat\/esc-jmaragall-sabadell\/general\/la-psicomotricitat-al-grup-di4\/\" title=\"Read La psicomotricitat al grup d&#8217;I4\">Llegeix m\u00e9s\u00bb<\/a><\/p>\n","protected":false},"author":1,"featured_media":6984,"comment_status":"open","ping_status":"closed","sticky":false,"template":"","format":"standard","meta":{"_bbp_topic_count":0,"_bbp_reply_count":0,"_bbp_total_topic_count":0,"_bbp_total_reply_count":0,"_bbp_voice_count":0,"_bbp_anonymous_reply_count":0,"_bbp_topic_count_hidden":0,"_bbp_reply_count_hidden":0,"_bbp_forum_subforum_count":0,"footnotes":""},"categories":[1,265,2,4],"tags":[],"class_list":["post-6983","post","type-post","status-publish","format-standard","has-post-thumbnail","hentry","category-general","category-265","category-infantil","category-portada"],"post_mailing_queue_ids":[],"_links":{"self":[{"href":"https:\/\/agora.xtec.cat\/esc-jmaragall-sabadell\/wp-json\/wp\/v2\/posts\/6983","targetHints":{"allow":["GET"]}}],"collection":[{"href":"https:\/\/agora.xtec.cat\/esc-jmaragall-sabadell\/wp-json\/wp\/v2\/posts"}],"about":[{"href":"https:\/\/agora.xtec.cat\/esc-jmaragall-sabadell\/wp-json\/wp\/v2\/types\/post"}],"author":[{"embeddable":true,"href":"https:\/\/agora.xtec.cat\/esc-jmaragall-sabadell\/wp-json\/wp\/v2\/users\/1"}],"replies":[{"embeddable":true,"href":"https:\/\/agora.xtec.cat\/esc-jmaragall-sabadell\/wp-json\/wp\/v2\/comments?post=6983"}],"version-history":[{"count":2,"href":"https:\/\/agora.xtec.cat\/esc-jmaragall-sabadell\/wp-json\/wp\/v2\/posts\/6983\/revisions"}],"predecessor-version":[{"id":6986,"href":"https:\/\/agora.xtec.cat\/esc-jmaragall-sabadell\/wp-json\/wp\/v2\/posts\/6983\/revisions\/6986"}],"wp:featuredmedia":[{"embeddable":true,"href":"https:\/\/agora.xtec.cat\/esc-jmaragall-sabadell\/wp-json\/wp\/v2\/media\/6984"}],"wp:attachment":[{"href":"https:\/\/agora.xtec.cat\/esc-jmaragall-sabadell\/wp-json\/wp\/v2\/media?parent=6983"}],"wp:term":[{"taxonomy":"category","embeddable":true,"href":"https:\/\/agora.xtec.cat\/esc-jmaragall-sabadell\/wp-json\/wp\/v2\/categories?post=6983"},{"taxonomy":"post_tag","embeddable":true,"href":"https:\/\/agora.xtec.cat\/esc-jmaragall-sabadell\/wp-json\/wp\/v2\/tags?post=6983"}],"curies":[{"name":"wp","href":"https:\/\/api.w.org\/{rel}","templated":true}]}}