{"id":6975,"date":"2024-03-07T20:31:05","date_gmt":"2024-03-07T19:31:05","guid":{"rendered":"https:\/\/agora.xtec.cat\/esc-jmaragall-sabadell\/?p=6975"},"modified":"2024-03-07T20:31:05","modified_gmt":"2024-03-07T19:31:05","slug":"aula-de-lart-a-educacio-infantil","status":"publish","type":"post","link":"https:\/\/agora.xtec.cat\/esc-jmaragall-sabadell\/general\/aula-de-lart-a-educacio-infantil\/","title":{"rendered":"AULA DE L\u00b4ART A EDUCACI\u00d3 INFANTIL"},"content":{"rendered":"<p>Els nens i nenes d\u00b4E.I gaudeixen molt a l\u00b4aula de l\u00b4art. En les sessions es proposen diferents activitats amb els que els infants desenvolupen la seva creativitat i expressen les seves emocions.<\/p>\n<p>El que primer fem al arribar \u00e9s repassar les normes, seguidament van lliurement a la proposta que m\u00e9s els agradi i per \u00faltim fem una petita xerrada en la que poden explicar que \u00e9s el que han fet i que \u00e9s el que m\u00e9s els ha agradat.<\/p>\n<p>En aquest v\u00eddeo podeu veure una petita mostra del que fem, eperem que us agradi.<\/p>\n<p><iframe loading=\"lazy\" title=\"AMBIENTS A E I  AULA D\u00b4ART 1\" width=\"500\" height=\"281\" src=\"https:\/\/www.youtube.com\/embed\/Hqsx4SjfuOM?feature=oembed\" frameborder=\"0\" allow=\"accelerometer; autoplay; clipboard-write; encrypted-media; gyroscope; picture-in-picture; web-share\" referrerpolicy=\"strict-origin-when-cross-origin\" allowfullscreen><\/iframe><\/p>\n","protected":false},"excerpt":{"rendered":"<p>Els nens i nenes d\u00b4E.I gaudeixen molt a l\u00b4aula de l\u00b4art. En les sessions es proposen diferents activitats amb els que els infants desenvolupen la seva creativitat i expressen les seves emocions.<br \/>\nEl que primer fem al arribar \u00e9s repassar les normes, seguidament van lliurement a&hellip;  <a href=\"https:\/\/agora.xtec.cat\/esc-jmaragall-sabadell\/general\/aula-de-lart-a-educacio-infantil\/\" title=\"Read AULA DE L\u00b4ART A EDUCACI\u00d3 INFANTIL\">Llegeix m\u00e9s\u00bb<\/a><\/p>\n","protected":false},"author":27,"featured_media":6976,"comment_status":"open","ping_status":"closed","sticky":false,"template":"","format":"standard","meta":{"_bbp_topic_count":0,"_bbp_reply_count":0,"_bbp_total_topic_count":0,"_bbp_total_reply_count":0,"_bbp_voice_count":0,"_bbp_anonymous_reply_count":0,"_bbp_topic_count_hidden":0,"_bbp_reply_count_hidden":0,"_bbp_forum_subforum_count":0,"footnotes":""},"categories":[1,2,4],"tags":[],"class_list":["post-6975","post","type-post","status-publish","format-standard","has-post-thumbnail","hentry","category-general","category-infantil","category-portada"],"post_mailing_queue_ids":[],"_links":{"self":[{"href":"https:\/\/agora.xtec.cat\/esc-jmaragall-sabadell\/wp-json\/wp\/v2\/posts\/6975","targetHints":{"allow":["GET"]}}],"collection":[{"href":"https:\/\/agora.xtec.cat\/esc-jmaragall-sabadell\/wp-json\/wp\/v2\/posts"}],"about":[{"href":"https:\/\/agora.xtec.cat\/esc-jmaragall-sabadell\/wp-json\/wp\/v2\/types\/post"}],"author":[{"embeddable":true,"href":"https:\/\/agora.xtec.cat\/esc-jmaragall-sabadell\/wp-json\/wp\/v2\/users\/27"}],"replies":[{"embeddable":true,"href":"https:\/\/agora.xtec.cat\/esc-jmaragall-sabadell\/wp-json\/wp\/v2\/comments?post=6975"}],"version-history":[{"count":1,"href":"https:\/\/agora.xtec.cat\/esc-jmaragall-sabadell\/wp-json\/wp\/v2\/posts\/6975\/revisions"}],"predecessor-version":[{"id":6977,"href":"https:\/\/agora.xtec.cat\/esc-jmaragall-sabadell\/wp-json\/wp\/v2\/posts\/6975\/revisions\/6977"}],"wp:featuredmedia":[{"embeddable":true,"href":"https:\/\/agora.xtec.cat\/esc-jmaragall-sabadell\/wp-json\/wp\/v2\/media\/6976"}],"wp:attachment":[{"href":"https:\/\/agora.xtec.cat\/esc-jmaragall-sabadell\/wp-json\/wp\/v2\/media?parent=6975"}],"wp:term":[{"taxonomy":"category","embeddable":true,"href":"https:\/\/agora.xtec.cat\/esc-jmaragall-sabadell\/wp-json\/wp\/v2\/categories?post=6975"},{"taxonomy":"post_tag","embeddable":true,"href":"https:\/\/agora.xtec.cat\/esc-jmaragall-sabadell\/wp-json\/wp\/v2\/tags?post=6975"}],"curies":[{"name":"wp","href":"https:\/\/api.w.org\/{rel}","templated":true}]}}